{"id":285710,"date":"2025-12-13T04:03:11","date_gmt":"2025-12-13T04:03:11","guid":{"rendered":"https:\/\/www.europesays.com\/es\/285710\/"},"modified":"2025-12-13T04:03:11","modified_gmt":"2025-12-13T04:03:11","slug":"todos-los-ganadores-discursos-para-aplaudir-y-muchas-perlas-hirientes","status":"publish","type":"post","link":"https:\/\/www.europesays.com\/es\/285710\/","title":{"rendered":"todos los ganadores, discursos para aplaudir y muchas perlas hirientes"},"content":{"rendered":"<p>La televisi\u00f3n y la radio se premian, entre otros, con los Premios Ondas, el mundo de la interpretaci\u00f3n se premia a trav\u00e9s de muchas ceremonias como los Goya o los Feroz, los artistas y su m\u00fasica ganan reconocimiento como los Latin Grammy o Los 40 Music Award y desde hace cuatro a\u00f1os, a los influencers los premian con un \u00cddolo.<strong> En el a\u00f1o 2022 Dulceida estren\u00f3 la primera edici\u00f3n de los Premios \u00cddolo<\/strong>, encargados de galardonar a los mejores creadores de contenido e influencers de la red seg\u00fan la categor\u00eda, una noche que, como todo lo que pasa por la red, siempre ha dado mucho que hablar y sobre todo, ha generado muchas pol\u00e9micas. Este a\u00f1o, se ha celebrado justo antes de cerrar el 2025, despu\u00e9s de todo un a\u00f1o con rumores sobre la fecha y cambios de lugar. Aun as\u00ed, Dulceida y todo su equipo, ayer dieron la bienvenida a todo el sector de influencers a IFEMA de Madrid, en una gala que desde EN Blau no pod\u00edamos no comentar: discursos pol\u00e9micos, ausencias, ganadores, palabras inspiradoras&#8230; Atentos.<\/p>\n<p>&#13;<br \/>\n&#13;<br \/>\n&#13;<br \/>\nDulceida \/ Instagram\u00a0&#13;<\/p>\n<p>&#13;<br \/>\n&#13;<br \/>\n&#13;<br \/>\nNerea P\u00e9rez, ganadora del Premio \u00cddolo a conciencia social \/ Instagram&#13;<\/p>\n<p>Los Premios \u00cddolo se encargan de premiar al sector en todas y cada una de las categor\u00edas y, ayer, no falt\u00f3 el momento de premiar el mejor perfil de conciencia social, uno de los \u00e1mbitos (sino el que m\u00e1s) m\u00e1s importante de las redes. El premio en esta cuarta edici\u00f3n fue para <strong>Nerea P\u00e9rez,<\/strong> periodista, c\u00f3mica y activista que durante su discurso aprovech\u00f3 su altavoz para dirigirse a todos los asistentes de la sala que ten\u00edan un gran n\u00famero de seguidores para decir lo siguiente: \u00abEste oficio tiene dignidad, lo hab\u00e9is inventado desde cero. Entiendo que sois listas y, como personas listas, os voy a tratar. <strong>Vosotros sois los \u00eddolos de mucha gente, de millones, y algunas son muy j\u00f3venes. Os escuchan a vosotras m\u00e1s que a sus padres, m\u00e1s que a sus profesoras, m\u00e1s que a los pol\u00edticos, m\u00e1s que a cualquier instituci\u00f3n. Yo os pido que pens\u00e9is en esto, que pens\u00e9is en esto mucho, que sois importantes, en que ten\u00e9is una responsabilidad grande.<\/strong> Pensadlo antes de empujar a las chavalas a consumir ropa y cosm\u00e9ticos para sostener su autoestima. Antes de <strong>hacerle publicidad a marcas que sostienen el genocidio<\/strong> en Palestina, que pagan las bombas con las que se matan a ni\u00f1os. Antes de colaborar con asociaciones que ahora sabemos que <strong>robaron el dinero de las donaciones<\/strong> <strong>de la DANA (&#8230;)<\/strong> Antes de iros a<b> Andorra a evadir impuestos\u00bb, <\/b>un discurso para aplaudir con las dos manos y levantarse de la silla que no tard\u00f3 en viralizarse:<\/p>\n<blockquote cite=\"https:\/\/www.tiktok.com\/@elnacionalcat\/video\/7582913318298422561\" class=\"tiktok-embed\" data-video-id=\"7582913318298422561\" style=\"max-width: 605px;min-width: 325px;\"><p>&#13;<br \/>\n<a href=\"https:\/\/www.tiktok.com\/@elnacionalcat?refer=embed\" target=\"_blank\" title=\"@elnacionalcat\" rel=\"nofollow noopener\">@elnacionalcat<\/a> \u26a0\ufe0f\ud83d\udde3\ufe0f La periodista y comunicadora Nerea P\u00e9rez de la Heras pide responsabilidades a los influencers: \u00abPensadlo antes de iros a Andorra para evadir impuestos\u00bb La activista ha ganado en la categor\u00eda de Consciencia Social de los premios \u00cddolo, unos galardones que reconocen el trabajo realizado por los creadores de contenido <a href=\"https:\/\/www.tiktok.com\/tag\/enblau?refer=embed\" target=\"_blank\" title=\"enblau\" rel=\"nofollow noopener\">#ENBlau<\/a> <a href=\"https:\/\/www.tiktok.com\/tag\/%C3%ADdolo?refer=embed\" target=\"_blank\" title=\"\u00eddolo\" rel=\"nofollow noopener\">#\u00cddolo<\/a> <a href=\"https:\/\/www.tiktok.com\/tag\/influencers?refer=embed\" target=\"_blank\" title=\"influencers\" rel=\"nofollow noopener\">#Influencers<\/a> <a href=\"https:\/\/www.tiktok.com\/tag\/elnacionalcat?refer=embed\" target=\"_blank\" title=\"elnacionalcat\" rel=\"nofollow noopener\">#ElNacionalcat<\/a> <a href=\"https:\/\/www.tiktok.com\/music\/original-sound-El-Nacionalcat-7582913501463644961?refer=embed\" target=\"_blank\" title=\"\u266c original sound  - El Nacional.cat\" rel=\"nofollow noopener\">\u266c original sound &#8211; El Nacional.cat<\/a>&#13;\n<\/p><\/blockquote>\n<p>La gala, presentada por las magn\u00edficas <strong>Lalachus y Kira Mir\u00f3,<\/strong> tambi\u00e9n tuvo momentos de tensi\u00f3n, con indirectas y perlas dedicadas los unos a los otros que representan la competitividad que hay entre el sector. Concretamente, otro discurso muy comentado fue el de<strong> Lola Lolita<\/strong>, nominada a la categor\u00eda TikTok, que en esta ocasi\u00f3n perdi\u00f3, pero que, poco despu\u00e9s, fue la ganadora de \u00cddolo del a\u00f1o. Casualmente, en esta edici\u00f3n, compart\u00eda nominaci\u00f3n con<strong> Fabiana Sevillano, <\/strong>una compa\u00f1era con quien este verano hab\u00eda tenido una pol\u00e9mica p\u00fablica y que, justamente, le arrebat\u00f3 el premio y se lo llev\u00f3 ella a casa. Acto seguido, cuando Lola Lolita subi\u00f3 m\u00e1s tarde a recoger el premio, dej\u00f3 ir sus declaraciones diciendo lo siguiente: \u00abDesde el primer momento en que la conoc\u00ed (a Dulceida) le dije lo mucho que la admiraba y hasta el d\u00eda de hoy le guardo ese <strong>respeto y lealtad<\/strong> que se merece porque parece que estas palabras son algo que\u00a0<strong>la gente del mundillo, hoy en d\u00eda, no conoce en absoluto, pero bueno&#8230; <\/strong>S\u00e9\u00a0que hay unas cuantas por ah\u00ed que estaban contentas de que no me hubiese llevado el \u00cddolo anterior, pero mira: no hay mal que por bien no venga.\u00a0<strong>Me llevo el cuarto \u00cddolo a casa<\/strong>. Arriba\u00bb. Directa, clara y concisa para todas las enemistades que ten\u00eda justo delante como, por ejemplo, Fabiana Sevillano o Marta D\u00edaz.<\/p>\n<blockquote cite=\"https:\/\/www.tiktok.com\/@elespanolcom\/video\/7582903908561915158\" class=\"tiktok-embed\" data-video-id=\"7582903908561915158\" style=\"max-width: 605px;min-width: 325px;\"><p>&#13;<br \/>\n<a href=\"https:\/\/www.tiktok.com\/@elespanolcom?refer=embed\" target=\"_blank\" title=\"@elespanolcom\" rel=\"nofollow noopener\">@elespanolcom<\/a> \ud83d\udde3\ufe0f \u00abHay unas cuantas por ah\u00ed que est\u00e1n contentas de que no me haya llevado el anterior premio\u00bb Lola Lolita se convirti\u00f3 en la gran protagonista de la cuarta edici\u00f3n de los Premios \u00cddolo al recibir el Premio \u00cddolo del A\u00f1o en el IFEMA de Madrid y marcar la gala con un discurso cargado de indirectas. Vestida de negro y con velo, agradeci\u00f3 el galard\u00f3n a Dulceida y aprovech\u00f3 para lanzar dardos sobre la falta de lealtad y respeto en el mundillo, aludiendo tambi\u00e9n a quienes se alegraron de que no ganara un premio anterior. <a href=\"https:\/\/www.tiktok.com\/tag\/lolalolita?refer=embed\" target=\"_blank\" title=\"lolalolita\" rel=\"nofollow noopener\">#lolalolita<\/a> <a href=\"https:\/\/www.tiktok.com\/tag\/premiosidolo?refer=embed\" target=\"_blank\" title=\"premiosidolo\" rel=\"nofollow noopener\">#premiosidolo<\/a> <a href=\"https:\/\/www.tiktok.com\/tag\/idolos2025?refer=embed\" target=\"_blank\" title=\"idolos2025\" rel=\"nofollow noopener\">#idolos2025<\/a> <a href=\"https:\/\/www.tiktok.com\/tag\/influencers?refer=embed\" target=\"_blank\" title=\"influencers\" rel=\"nofollow noopener\">#influencers<\/a> <a href=\"https:\/\/www.tiktok.com\/music\/sonido-original-7582903963219495702?refer=embed\" target=\"_blank\" title=\"\u266c sonido original - EL ESPA\u00d1OL \ud83e\udd81\" rel=\"nofollow noopener\">\u266c sonido original &#8211; EL ESPA\u00d1OL \ud83e\udd81<\/a>&#13;\n<\/p><\/blockquote>\n<p>&#13;<br \/>\n&#13;<br \/>\n&#13;<br \/>\nLola Lolita, ganadora del Premio \u00cddolo del a\u00f1o \/ Instagram&#13;<\/p>\n<p>&#13;<br \/>\n&#13;<br \/>\n&#13;<br \/>\nFabiano Sevillano, ganadora del premio \u00cddolo categor\u00eda TikTok \/ Instagram&#13;<\/p>\n<p>&#13;<br \/>\n&#13;<br \/>\n&#13;<br \/>\nCarlota Mara\u00f1\u00f3n y Sof\u00eda Hamela, grandes ganadoras de la noche de los Premios \u00cddolo \/ Instagram&#13;<\/p>\n<p>&#13;<br \/>\n&#13;<br \/>\n&#13;<br \/>\nLaura Escanes, ganadora del Premio \u00cddolo especial del jurado \/ Instagram&#13;<\/p>\n<p>Las m\u00e1s premiadas de la noche fueron indudablemente <strong>Carlota Mara\u00f1on y Sofia Hamela<\/strong>, quienes se llevaron tres y dos premios consecutivamente. <strong>Laura Escanes<\/strong> tambi\u00e9n se llev\u00f3 su trofeo a casa y una menci\u00f3n especial del jurado, otros ganadores fueron <strong>Violeta, Pabs P\u00e9rez, Shannis, Verdeliss, Illo Juan, Almu Carrion<\/strong>, el podcast <strong>Keep it Cutre<\/strong>, y la peluquera <strong>Marckessa<\/strong>. Una noche que ya se ha convertido en un cl\u00e1sico para todos los creadores de contenido y, obviamente, para todos sus seguidores. Esperando con ganas el a\u00f1o que viene.\u00a0<\/p>\n<p>                    <script async src=\"\/\/www.tiktok.com\/embed.js\"><\/script><\/p>\n","protected":false},"excerpt":{"rendered":"La televisi\u00f3n y la radio se premian, entre otros, con los Premios Ondas, el mundo de la interpretaci\u00f3n&hellip;\n","protected":false},"author":2,"featured_media":285711,"comment_status":"","ping_status":"","sticky":false,"template":"","format":"standard","meta":{"footnotes":""},"categories":[174],"tags":[255,146,147,25,24,256,23],"class_list":{"0":"post-285710","1":"post","2":"type-post","3":"status-publish","4":"format-standard","5":"has-post-thumbnail","7":"category-famosos","8":"tag-celebrities","9":"tag-entertainment","10":"tag-entretenimiento","11":"tag-es","12":"tag-espana","13":"tag-famosos","14":"tag-spain"},"share_on_mastodon":{"url":"https:\/\/pubeurope.com\/@es\/115710276658538766","error":""},"_links":{"self":[{"href":"https:\/\/www.europesays.com\/es\/wp-json\/wp\/v2\/posts\/285710","targetHints":{"allow":["GET"]}}],"collection":[{"href":"https:\/\/www.europesays.com\/es\/wp-json\/wp\/v2\/posts"}],"about":[{"href":"https:\/\/www.europesays.com\/es\/wp-json\/wp\/v2\/types\/post"}],"author":[{"embeddable":true,"href":"https:\/\/www.europesays.com\/es\/wp-json\/wp\/v2\/users\/2"}],"replies":[{"embeddable":true,"href":"https:\/\/www.europesays.com\/es\/wp-json\/wp\/v2\/comments?post=285710"}],"version-history":[{"count":0,"href":"https:\/\/www.europesays.com\/es\/wp-json\/wp\/v2\/posts\/285710\/revisions"}],"wp:featuredmedia":[{"embeddable":true,"href":"https:\/\/www.europesays.com\/es\/wp-json\/wp\/v2\/media\/285711"}],"wp:attachment":[{"href":"https:\/\/www.europesays.com\/es\/wp-json\/wp\/v2\/media?parent=285710"}],"wp:term":[{"taxonomy":"category","embeddable":true,"href":"https:\/\/www.europesays.com\/es\/wp-json\/wp\/v2\/categories?post=285710"},{"taxonomy":"post_tag","embeddable":true,"href":"https:\/\/www.europesays.com\/es\/wp-json\/wp\/v2\/tags?post=285710"}],"curies":[{"name":"wp","href":"https:\/\/api.w.org\/{rel}","templated":true}]}}