{"id":285712,"date":"2025-12-13T04:06:09","date_gmt":"2025-12-13T04:06:09","guid":{"rendered":"https:\/\/www.europesays.com\/es\/285712\/"},"modified":"2025-12-13T04:06:09","modified_gmt":"2025-12-13T04:06:09","slug":"una-juez-investiga-la-entrevista-de-tve-como-medico-a-una-liberada-sindical-para-arremeter-contra-juanma-moreno","status":"publish","type":"post","link":"https:\/\/www.europesays.com\/es\/285712\/","title":{"rendered":"Una juez investiga la entrevista de TVE como m\u00e9dico a una liberada sindical para arremeter contra Juanma Moreno"},"content":{"rendered":"<p style=\"\">El Juzgado de Instrucci\u00f3n n\u00famero 19 de Sevilla ha abierto una investigaci\u00f3n sobre <strong>la liberada sindical que fue entrevistada como m\u00e9dico en el programa &#8216;Ma\u00f1aneros 360<\/strong>&#8216; de TVE para arremeter contra <strong>Juanma Moreno<\/strong> por la crisis de los cribados de c\u00e1ncer de mama  &#8230; en Andaluc\u00eda, seg\u00fan ha podido confirmar ABC a trav\u00e9s del Tribunal Superior de Justicia de Andaluc\u00eda (TSJA). Mar\u00eda del Mar Su\u00e1rez Rodr\u00edguez, como se llama esta delegada de la UGT, apareci\u00f3 el pasado 22 de octubre delante la c\u00e1mara <strong>ataviada con una bata blanca como la que llevan los sanitarios<\/strong> a pesar de que ahora es administrativa del Hospital Universitario <strong>Virgen del Roc\u00edo en Sevilla<\/strong> y durante 23 a\u00f1os (1998-2021) ha trabajado como cocinera en el mismo centro p\u00fablico. <\/p>\n<p class=\"voc-p\" style=\"\">El detonante de estas diligencias previas ha sido una <strong>denuncia del Servicio Andaluz de Salud (SAS)<\/strong> contra la falsa m\u00e9dica al entender que sus manifestaciones en el citado espacio de la televisi\u00f3n estatal \u00abpueden constituir delitos de revelaci\u00f3n de secretos, de usurpaci\u00f3n de funciones o, en su caso, de injurias y calumnias con publicidad\u00bb.<\/p>\n<p>\nAcus\u00f3 al SAS de hacer \u00abdesaparecer\u00bb mamograf\u00edas\n<\/p>\n<p class=\"voc-p\" style=\"\">La juez de Instrucci\u00f3n n\u00famero 19 de Sevilla dict\u00f3 un auto el pasado 5 de noviembre en el que acordaba incoar las diligencias previas por posible revelaci\u00f3n de secretos. Adem\u00e1s, <strong>ha enviado un oficio a la Polic\u00eda Judicial para que recabe toda la informaci\u00f3n<\/strong> sobre la liberada sindical del hospital que, en su entrevista en La 1, acusaba a los responsables de la agencia de la Junta de Andaluc\u00eda de hacer \u00abdesaparecer\u00bb del <strong>sistema inform\u00e1tico de gesti\u00f3n e informaci\u00f3n del SAS y de la aplicaci\u00f3n ClicSalud+<\/strong> los historiales y pruebas de mujeres afectadas por los retrasos en el cribado, aprovechando el altavoz del programa l\u00edder de audiencia en la franja matinal que presenta Javier Ruiz. Durante la entrevista, este periodista se refiri\u00f3 a ella <strong>hasta en tres ocasiones como \u00abm\u00e9dica\u00bb y \u00abpersonal sanitario\u00bb,<\/strong> sin que la delegada sindical lo corrigiera, cuando no es lo uno ni lo otro. Ni los cocineros ni los administrativos lo son.<\/p>\n<p class=\"voc-title\">Lejos de enmedar su error, el periodista Javier Ruiz atac\u00f3 a ABC por sacar que hab\u00eda entrevistado a una falsa m\u00e9dica<\/p>\n<p class=\"voc-p\" style=\"\">Lejos de enmendar su error, al d\u00eda siguiente de que ABC publicara que el SAS la hab\u00eda denunciado por simular que era m\u00e9dica, el presentador del programa carg\u00f3 contra este peri\u00f3dico a la vez que<strong> entrevistaba de nuevo a Su\u00e1rez, pero esta vez cambiando los r\u00f3tulos<\/strong> para identificarla ante la audiencia como \u00abpersonal hospitalario\u00bb. Las palabras \u00abm\u00e9dico\u00bb o \u00absanitaria\u00bb, utilizadas en su primera entrevista en la TVE, hab\u00edan desaparecido de su vocabulario.<\/p>\n<p>\nLa delegada de UGT corrigi\u00f3 el \u00aberror\u00bb del presentador\n<\/p>\n<p class=\"voc-p\" style=\"\">\u00c9ste no era el \u00fanico giro de guion. En su segunda intervenci\u00f3n la delegada de la UGT tambi\u00e9n se hab\u00eda desprovisto de la bata blanca con la que sali\u00f3 enfundada en su primera entrevista en &#8216;Ma\u00f1aneros 360&#8217;. Ruiz le pregunt\u00f3 por su puesto en el hospital de l SAS al objeto de que <strong>desmintiera la informaci\u00f3n de ABC.<\/strong> Pero en lugar de negarla, \u00e9sta reconoci\u00f3 que ha sido durante a\u00f1os personal de la cocina del citado complejo sanitario. \u00ab<strong>Perdona, que te voy a corregir, soy simple administrativa de urgencias<\/strong> de Traumatolog\u00eda\u00bb, le corrigi\u00f3 Su\u00e1rez. \u00abComo yo fui becario\u00bb, le interrumpi\u00f3 el conductor del programa. <\/p>\n<p class=\"voc-p\" style=\"\">Su\u00e1rez a\u00f1adi\u00f3, a rengl\u00f3n seguido, que <strong>\u00abactualmente llevo a\u00f1os liberada por la UGT,<\/strong> defendiendo el derecho de los profesionales y en defensa de la sanidad p\u00fablica\u00bb. Es decir, no es una profesional sanitaria ni m\u00e9dico y la mayor parte de su vida laboral ha trabajado como cocinera. Javier Ruiz se limit\u00f3 a decir que hab\u00eda<strong> sido un \u00aberror propio\u00bb que la llamara hasta en tres ocasiones como m\u00e9dica<\/strong> invisti\u00e9ndola de una autoridad cient\u00edfica que no ten\u00eda para ilustrar sobre la gesti\u00f3n de la crisis de los cribados.<\/p>\n<p class=\"voc-title\">El presentador de &#8216;Ma\u00f1aneros&#8217; la entrevist\u00f3 de nuevo tras la noticia de ABC pero cambiando el r\u00f3tulo y la cit\u00f3 como \u00abpersonal hospitalario\u00bb<\/p>\n<p class=\"voc-p\" style=\"\">El presentador asegur\u00f3 que era un \u00abbulo\u00bb la noticia avanzada por ABC, de la que se hicieron eco otros medios de comunicaci\u00f3n, y la vincul\u00f3 a unas \u00abrepresalia\u00bb del SAS contra la sindicalista, y <strong>una \u00abofensiva\u00bb contra las v\u00edctimas del cribado.<\/strong> Adem\u00e1s lo relacion\u00f3 todo con los afectados por la cat\u00e1strofe de la dana de Valencia, en la que perdieron la vida 237 personas. <\/p>\n<p class=\"voc-p\" style=\"\">\u00ab<strong>Ahora las v\u00edctimas son socialistas<\/strong> y los trabajadores hospitalario son pinches de cocina\u00bb, coment\u00f3 en la televisi\u00f3n p\u00fablica antes de dar la palabra a sus contertulios para reafirmar su argumentario. Antes, Ruiz hab\u00eda calificado de <strong>\u00abclasismo repugnante\u00bb que se cite a la trabajadora como \u00abcocinera\u00bb,<\/strong> a pesar de que la entrevistada que \u00e9l present\u00f3 como m\u00e9dica ha trabajado la mayor parte de su vida laboral como tal y as\u00ed se lo hab\u00eda reconocido en directo. Ruiz despidi\u00f3 con un \u00abcu\u00eddate, mucho \u00e1nimo\u00bb a su entrevistada, que aprovech\u00f3 para invitar a todos sumarse a la manifestaci\u00f3n de la marea blanca sanitaria convocada por colectivos como su propio sindicato.<\/p>\n<p>\nLa Fiscal\u00eda desmont\u00f3 el supuesto borrado de pruebas\n<\/p>\n<p class=\"voc-p\" style=\"\">El supuesto borrado de mamograf\u00edas era un bulo. La Fiscal\u00eda de Sevilla ha archivado a principios de diciembre la denuncia de la <strong>Asociaci\u00f3n de Mujeres con C\u00e1ncer de Mama de Sevilla (Amama)<\/strong> sobre la supuesta desaparici\u00f3n de pruebas. El fiscal que ha investigado los expedientes del SAS concluy\u00f3 que no hubo \u00abni manipulaci\u00f3n interna ni sabotaje externo\u00bb, ni tampoco \u00abborrado de datos\u00bb, sino que todo fue fruto de una \u00abavalancha de peticiones\u00bb la que \u00ab<strong>satur\u00f3 el m\u00f3dulo de &#8216;Visor para la ciudadan\u00eda&#8217;\u00bb<\/strong>. Echaba as\u00ed por tierra los argumentos de la asociaci\u00f3n presidida por \u00c1ngela Claverol, que canaliz\u00f3 esta denuncia y otra anterior por los retrasos en el diagn\u00f3stico de mujeres sometidas al programa de detecci\u00f3n precoz de este tipo de c\u00e1ncer.<\/p>\n<p class=\"voc-p\" style=\"\">La<a href=\"https:\/\/www.abc.es\/espana\/andalucia\/fiscalia-sevilla-abre-investigacion-tras-denuncias-modificaciones-20251024100809-nts.html\" target=\"_self\" data-voc-vtm-id=\"in-text-traffic\" title=\" Fiscal\u00eda Superior de Andaluc\u00eda contin\u00faa con la investigaci\u00f3n\" data-mrf-link=\"www.abc.es\" rel=\"nofollow noopener\"> Fiscal\u00eda Superior de Andaluc\u00eda contin\u00faa con la investigaci\u00f3n<\/a> de posibles fallos en el cribado. Sin embargo, el consejero de Sanidad,<strong> Antonio Sanz<\/strong>, ha dado por zanjada la crisis tras revisar los expedientes de las mujeres afectadas antes del 30 de noviembre pasado, como hab\u00eda prometido. La Junta ha implantado nuevas medidas ante las demoras. A partir del 12 de enero de 2026, a las mujeres con sospecha de c\u00e1ncer de mama se les har\u00e1n en el mismo d\u00eda<strong> todas las pruebas: la mamograf\u00eda diagn\u00f3stica, la ecograf\u00eda y la biopsia.<\/strong><\/p>\n","protected":false},"excerpt":{"rendered":"El Juzgado de Instrucci\u00f3n n\u00famero 19 de Sevilla ha abierto una investigaci\u00f3n sobre la liberada sindical que fue&hellip;\n","protected":false},"author":2,"featured_media":285713,"comment_status":"","ping_status":"","sticky":false,"template":"","format":"standard","meta":{"footnotes":""},"categories":[171],"tags":[68884,146,147,3141,25,24,15307,20482,1664,29364,12753,1712,26058,23,214,3156],"class_list":{"0":"post-285712","1":"post","2":"type-post","3":"status-publish","4":"format-standard","5":"has-post-thumbnail","7":"category-tv","8":"tag-arremeter","9":"tag-entertainment","10":"tag-entretenimiento","11":"tag-entrevista","12":"tag-es","13":"tag-espana","14":"tag-investiga","15":"tag-juanma","16":"tag-juez","17":"tag-liberada","18":"tag-medico","19":"tag-moreno","20":"tag-sindical","21":"tag-spain","22":"tag-tv","23":"tag-tve"},"share_on_mastodon":{"url":"https:\/\/pubeurope.com\/@es\/115710288424697792","error":""},"_links":{"self":[{"href":"https:\/\/www.europesays.com\/es\/wp-json\/wp\/v2\/posts\/285712","targetHints":{"allow":["GET"]}}],"collection":[{"href":"https:\/\/www.europesays.com\/es\/wp-json\/wp\/v2\/posts"}],"about":[{"href":"https:\/\/www.europesays.com\/es\/wp-json\/wp\/v2\/types\/post"}],"author":[{"embeddable":true,"href":"https:\/\/www.europesays.com\/es\/wp-json\/wp\/v2\/users\/2"}],"replies":[{"embeddable":true,"href":"https:\/\/www.europesays.com\/es\/wp-json\/wp\/v2\/comments?post=285712"}],"version-history":[{"count":0,"href":"https:\/\/www.europesays.com\/es\/wp-json\/wp\/v2\/posts\/285712\/revisions"}],"wp:featuredmedia":[{"embeddable":true,"href":"https:\/\/www.europesays.com\/es\/wp-json\/wp\/v2\/media\/285713"}],"wp:attachment":[{"href":"https:\/\/www.europesays.com\/es\/wp-json\/wp\/v2\/media?parent=285712"}],"wp:term":[{"taxonomy":"category","embeddable":true,"href":"https:\/\/www.europesays.com\/es\/wp-json\/wp\/v2\/categories?post=285712"},{"taxonomy":"post_tag","embeddable":true,"href":"https:\/\/www.europesays.com\/es\/wp-json\/wp\/v2\/tags?post=285712"}],"curies":[{"name":"wp","href":"https:\/\/api.w.org\/{rel}","templated":true}]}}