{"id":28572,"date":"2025-08-06T02:59:04","date_gmt":"2025-08-06T02:59:04","guid":{"rendered":"https:\/\/www.europesays.com\/es\/28572\/"},"modified":"2025-08-06T02:59:04","modified_gmt":"2025-08-06T02:59:04","slug":"implosion-de-sumergible-que-iba-al-titanic-pudo-evitarse-dice-investigacion","status":"publish","type":"post","link":"https:\/\/www.europesays.com\/es\/28572\/","title":{"rendered":"Implosi\u00f3n de sumergible que iba al Titanic pudo evitarse, dice investigaci\u00f3n"},"content":{"rendered":"<p>Washington (EFE).- La tragedia del sumergible Tit\u00e1n, que implosion\u00f3 en 2023 durante una expedici\u00f3n a los restos del Titanic y caus\u00f3 la muerte de las cinco personas a bordo, pudo haberse evitado, concluy\u00f3 la Guardia Costera de Estados Unidos en un informe publicado este martes, tras dos a\u00f1os de investigaci\u00f3n.<\/p>\n<p>La Junta de Investigaci\u00f3n Marina determin\u00f3 que los principales factores que contribuyeron al accidente fueron el dise\u00f1o inadecuado del sumergible, la falta de certificaci\u00f3n, el mantenimiento deficiente y la ausencia de inspecciones rigurosas por parte de OceanGate, la empresa operadora del Tit\u00e1n, que ces\u00f3 sus operaciones tras lo sucedido.<\/p>\n<p>\u201cEste siniestro mar\u00edtimo y la p\u00e9rdida de cinco vidas se pudieron evitar\u201d, declar\u00f3 Jason Neubauer, responsable de la investigaci\u00f3n.<\/p>\n<p>La desaparici\u00f3n del Tit\u00e1n en las profundidades del oc\u00e9ano Atl\u00e1ntico, el <a href=\"https:\/\/efe.com\/mundo\/2024-06-18\/tras-un-ano-de-la-tragedia-del-titan-el-titanic-sigue-atrayendo\/\" rel=\"nofollow noopener\" target=\"_blank\">18 de junio de 2023<\/a>, atrajo la atenci\u00f3n mundial y desat\u00f3 una intensa b\u00fasqueda por parte de las autoridades estadounidenses y canadienses.<\/p>\n<blockquote class=\"twitter-tweet\">\n<p lang=\"en\" dir=\"ltr\">Two years ago, the Titan submersible tragedy claimed five lives and gripped the world.<\/p>\n<p>A formal Marine Board of Investigation was initiated to fully understand what happened. The Coast Guard \u2013 along with our international and agency partners \u2013 will use those findings to help\u2026 <a href=\"https:\/\/t.co\/C3hxR8WBI2\" rel=\"nofollow\">pic.twitter.com\/C3hxR8WBI2<\/a><\/p>\n<p>\u2014 U.S. Coast Guard (@USCG) <a href=\"https:\/\/twitter.com\/USCG\/status\/1935416975590662439?ref_src=twsrc%5Etfw\" rel=\"nofollow noopener\" target=\"_blank\">June 18, 2025<\/a><\/p><\/blockquote>\n<p>Cuatro d\u00edas despu\u00e9s, la Guardia Costera estadounidense determin\u00f3 que el sumergible hab\u00eda implosionado matando a las cinco personas a bordo, incluido Stockton Rush, director ejecutivo de OceanGate, que era el piloto de la nave.<\/p>\n<p>\u201cLa investigaci\u00f3n de dos a\u00f1os ha identificado m\u00faltiples factores que contribuyeron a esta tragedia, lo que ha aportado valiosas lecciones para prevenir que vuelva a ocurrir\u00bb, apunt\u00f3 Neubauer en el informe.<\/p>\n<p>La junta tambi\u00e9n determin\u00f3 que OceanGate \u00abno investig\u00f3 ni abord\u00f3 adecuadamente\u00bb las anomal\u00edas ocurridas en una expedici\u00f3n anterior al Titanic que llevaron a cabo en 2022.<\/p>\n<p>Los investigadores apuntaron que \u00abel sistema de monitoreo en tiempo real del Tit\u00e1n gener\u00f3 datos que deber\u00edan haberse analizado\u00bb.<\/p>\n<p>La Guardia Costera pide reforzar la seguridad mar\u00edtima<\/p>\n<p>A ra\u00edz de la investigaci\u00f3n, la Guardia Costera recomend\u00f3 reforzar la regulaci\u00f3n y supervisi\u00f3n de sumergibles, ampliar los requisitos de seguridad para inmersiones cient\u00edficas o comerciales, y exigir documentaci\u00f3n para todos los sumergibles estadounidenses.<\/p>\n<p>Tambi\u00e9n propuso aumentar el personal de la Guardia Costera para mejorar la supervisi\u00f3n de nuevas construcciones e inspecciones, as\u00ed como exigir planes de buceo y emergencia, evaluar capacidades de rescate submarino, y establecer normas internacionales.<\/p>\n<p>A bordo <a href=\"https:\/\/efe.com\/mundo\/2023-07-06\/la-empresa-duena-del-titan-suspende-todas-sus-expediciones-y-operaciones-comerciales\/\" rel=\"nofollow noopener\" target=\"_blank\">del Tit\u00e1n<\/a> iban el empresario y explorador brit\u00e1nico Hamish Harding; el experto franc\u00e9s en el <a href=\"https:\/\/efe.com\/mundo\/2023-02-16\/titanic-ruinas-imagenes-ineditas\/\" rel=\"nofollow noopener\" target=\"_blank\">Titanic<\/a> Paul-Henry Nargeolet, y el empresario pakistan\u00ed y brit\u00e1nico Shahzada Dawood, junto a su hijo Suleman.<\/p>\n<p>El precio por persona para participar en la expedici\u00f3n tur\u00edstica al Titanic era de 250.000 d\u00f3lares y la inmersi\u00f3n ten\u00eda una duraci\u00f3n aproximada de ocho horas.<\/p>\n<p>El d\u00eda de la tragedia, el Tit\u00e1n perdi\u00f3 contacto con la superficie una hora y 45 minutos despu\u00e9s de iniciar el descenso hacia los restos del Titanic.<\/p>\n<p>La familia de Paul-Henri Nargeolet present\u00f3 una demanda por negligencia contra OceanGate, reclamando una indemnizaci\u00f3n millonaria y alegando que la empresa oper\u00f3 el sumergible a pesar de tener antecedentes de fallas.<\/p>\n<p>\t\t<script async src=\"https:\/\/platform.twitter.com\/widgets.js\" charset=\"utf-8\"><\/script><\/p>\n","protected":false},"excerpt":{"rendered":"Washington (EFE).- La tragedia del sumergible Tit\u00e1n, que implosion\u00f3 en 2023 durante una expedici\u00f3n a los restos del&hellip;\n","protected":false},"author":2,"featured_media":28573,"comment_status":"","ping_status":"","sticky":false,"template":"","format":"standard","meta":{"footnotes":""},"categories":[42],"tags":[17,18,115,4978,13,14,582,11,61,62,63,64,1294,19,20,9,10,15,16,15412,12,21,22,65,66,67],"class_list":{"0":"post-28572","1":"post","2":"type-post","3":"status-publish","4":"format-standard","5":"has-post-thumbnail","7":"category-internacional","8":"tag-breaking-news","9":"tag-breakingnews","10":"tag-eeuu","11":"tag-emergencias","12":"tag-featured-news","13":"tag-featurednews","14":"tag-gobierno","15":"tag-headlines","16":"tag-internacional","17":"tag-international","18":"tag-international-news","19":"tag-internationalnews","20":"tag-investigacion","21":"tag-latest-news","22":"tag-latestnews","23":"tag-news","24":"tag-noticias","25":"tag-noticias-destacadas","26":"tag-noticiasdestacadas","27":"tag-oceanos","28":"tag-titulares","29":"tag-ultimas-noticias","30":"tag-ultimasnoticias","31":"tag-world","32":"tag-world-news","33":"tag-worldnews"},"share_on_mastodon":{"url":"","error":""},"_links":{"self":[{"href":"https:\/\/www.europesays.com\/es\/wp-json\/wp\/v2\/posts\/28572","targetHints":{"allow":["GET"]}}],"collection":[{"href":"https:\/\/www.europesays.com\/es\/wp-json\/wp\/v2\/posts"}],"about":[{"href":"https:\/\/www.europesays.com\/es\/wp-json\/wp\/v2\/types\/post"}],"author":[{"embeddable":true,"href":"https:\/\/www.europesays.com\/es\/wp-json\/wp\/v2\/users\/2"}],"replies":[{"embeddable":true,"href":"https:\/\/www.europesays.com\/es\/wp-json\/wp\/v2\/comments?post=28572"}],"version-history":[{"count":0,"href":"https:\/\/www.europesays.com\/es\/wp-json\/wp\/v2\/posts\/28572\/revisions"}],"wp:featuredmedia":[{"embeddable":true,"href":"https:\/\/www.europesays.com\/es\/wp-json\/wp\/v2\/media\/28573"}],"wp:attachment":[{"href":"https:\/\/www.europesays.com\/es\/wp-json\/wp\/v2\/media?parent=28572"}],"wp:term":[{"taxonomy":"category","embeddable":true,"href":"https:\/\/www.europesays.com\/es\/wp-json\/wp\/v2\/categories?post=28572"},{"taxonomy":"post_tag","embeddable":true,"href":"https:\/\/www.europesays.com\/es\/wp-json\/wp\/v2\/tags?post=28572"}],"curies":[{"name":"wp","href":"https:\/\/api.w.org\/{rel}","templated":true}]}}