{"id":285724,"date":"2025-12-13T04:26:10","date_gmt":"2025-12-13T04:26:10","guid":{"rendered":"https:\/\/www.europesays.com\/es\/285724\/"},"modified":"2025-12-13T04:26:10","modified_gmt":"2025-12-13T04:26:10","slug":"carla-leite-base-del-casademont-elegida-mejor-jugadora-de-la-semana-en-la-euroliga","status":"publish","type":"post","link":"https:\/\/www.europesays.com\/es\/285724\/","title":{"rendered":"Carla Leite, base del Casademont, elegida mejor jugadora de la semana en la Euroliga"},"content":{"rendered":"<p class=\"paragraph\">La francesa <b>Carla Leite,<\/b> una de las perlas de la actual plantilla del <a href=\"https:\/\/www.heraldo.es\/tags\/instituciones_empresas\/basket-zaragoza.html\" title=\"Casademont Zaragoza\" rel=\"nofollow noopener\" target=\"_blank\">Casademont Zaragoza<\/a>, acaba de ser designada <b>mejor jugadora de la Euroliga <\/b>de la jornada disputada esta semana. Leite dio un aut\u00e9ntico cl\u00ednic en Valencia, donde lider\u00f3 la remontada y posterior victoria del Casademont, que nunca hab\u00eda ganado en tierras taronjas. Leite acab\u00f3 con <b>23 puntos, 5 rebotes y tres asistencias<\/b>, en el triunfo vital de su equipo para seguir teniendo opciones de llegar a la Final Six.<\/p>\n<p class=\"paragraph\">La Euroliga ha dado este viernes a conocer la distinci\u00f3n, tras una votaci\u00f3n popular en las redes sociales entre cinco candidatas. Otras opciones eran las jugadoras de Spar Girona<b> Mariam Coulibay y Laeticia Amihere<\/b>, as\u00ed como<b> Iliana Rupert<\/b>, del Fenerbahce, y<b> Tilma Pouye<\/b>, del Bourges. Las cinco hicieron aut\u00e9nticos partidazos y superaron los 20 cr\u00e9ditos de valoraci\u00f3n con sus equipos, pero finalmente los aficionados del Casademont parece que han votado de forma masiva por Leite, que se ha llevado el galard\u00f3n.<\/p>\n<p class=\"paragraph\">La francesa lleva tres partidos consecutivos con unos guarismos espectaculares. Tanto en La Seu (cuando acab\u00f3 con 22 puntos) como contra <a href=\"https:\/\/www.heraldo.es\/noticias\/deportes\/2025\/12\/07\/partido-casademont-zaragoza-perfumerias-avenida-en-directo-1876533.html\" title=\"Resumen y estad\u00edsticas del partido Casademont Zaragoza - Perfumer\u00edas Avenida\" rel=\"nofollow noopener\" target=\"_blank\">Perfumer\u00edas Avenida en el Pr\u00edncipe Felipe\u00a0(otros 14 puntos)<\/a> como en la cancha del Roig Arena, Leite ha completado sus mejores partidos con la camiseta rojilla. A su habilidad para penetrar, est\u00e1 sumando tambi\u00e9n <b>una mayor efectividad desde el per\u00edmetro<\/b> y se beneficia de los bloqueos y aclarados que le brindan otras compa\u00f1eras del equipo.<\/p>\n<p class=\"paragraph\">Leite y sus compa\u00f1eras tienen ahora por delante dos nuevos retos de a\u00fapa. El domingo regresan a Valencia, esta vez en liga dom\u00e9stica, y<a href=\"https:\/\/www.heraldo.es\/noticias\/deportes\/2025\/12\/12\/carlos-cantero-nos-espera-un-partido-muy-distinto-al-de-euroliga-1878077.html\" title=\"Carlos Cantero: &quot;Nos espera un partido muy distinto al del martes de Euroliga&quot;\" rel=\"nofollow noopener\" target=\"_blank\"> Carlos Cantero ya ha advertido que espera que las levantinas salten a la cancha con ganas de revancha. <\/a>Unos pocos d\u00edas m\u00e1s tarde, el jueves, el Fernerbahce visita el pabell\u00f3n Pr\u00edncipe Felipe y lo hace como equipo imbatido e intratable: llega de vencer a Venezia por 48 puntos.<\/p>\n","protected":false},"excerpt":{"rendered":"La francesa Carla Leite, una de las perlas de la actual plantilla del Casademont Zaragoza, acaba de ser&hellip;\n","protected":false},"author":2,"featured_media":285725,"comment_status":"","ping_status":"","sticky":false,"template":"","format":"standard","meta":{"footnotes":""},"categories":[269],"tags":[299,298,2511,168,25,24,833,1713,1684,773,23,167],"class_list":{"0":"post-285724","1":"post","2":"type-post","3":"status-publish","4":"format-standard","5":"has-post-thumbnail","7":"category-baloncesto","8":"tag-baloncesto","9":"tag-basketball","10":"tag-casademont","11":"tag-deportes","12":"tag-es","13":"tag-espana","14":"tag-euroliga","15":"tag-jugadora","16":"tag-mejor","17":"tag-semana","18":"tag-spain","19":"tag-sports"},"share_on_mastodon":{"url":"https:\/\/pubeurope.com\/@es\/115710367159903411","error":""},"_links":{"self":[{"href":"https:\/\/www.europesays.com\/es\/wp-json\/wp\/v2\/posts\/285724","targetHints":{"allow":["GET"]}}],"collection":[{"href":"https:\/\/www.europesays.com\/es\/wp-json\/wp\/v2\/posts"}],"about":[{"href":"https:\/\/www.europesays.com\/es\/wp-json\/wp\/v2\/types\/post"}],"author":[{"embeddable":true,"href":"https:\/\/www.europesays.com\/es\/wp-json\/wp\/v2\/users\/2"}],"replies":[{"embeddable":true,"href":"https:\/\/www.europesays.com\/es\/wp-json\/wp\/v2\/comments?post=285724"}],"version-history":[{"count":0,"href":"https:\/\/www.europesays.com\/es\/wp-json\/wp\/v2\/posts\/285724\/revisions"}],"wp:featuredmedia":[{"embeddable":true,"href":"https:\/\/www.europesays.com\/es\/wp-json\/wp\/v2\/media\/285725"}],"wp:attachment":[{"href":"https:\/\/www.europesays.com\/es\/wp-json\/wp\/v2\/media?parent=285724"}],"wp:term":[{"taxonomy":"category","embeddable":true,"href":"https:\/\/www.europesays.com\/es\/wp-json\/wp\/v2\/categories?post=285724"},{"taxonomy":"post_tag","embeddable":true,"href":"https:\/\/www.europesays.com\/es\/wp-json\/wp\/v2\/tags?post=285724"}],"curies":[{"name":"wp","href":"https:\/\/api.w.org\/{rel}","templated":true}]}}