{"id":285726,"date":"2025-12-13T04:27:10","date_gmt":"2025-12-13T04:27:10","guid":{"rendered":"https:\/\/www.europesays.com\/es\/285726\/"},"modified":"2025-12-13T04:27:10","modified_gmt":"2025-12-13T04:27:10","slug":"noche-negra-noche-larga-el-diario-vasco","status":"publish","type":"post","link":"https:\/\/www.europesays.com\/es\/285726\/","title":{"rendered":"Noche negra, noche larga | El Diario Vasco"},"content":{"rendered":"<p>Tragedia en Anoeta. Pitos. Enfado monumental. Desesperaci\u00f3n y, antes del final, abandono. La Real se dej\u00f3 remontar por el Girona (1-2) en un segundo  &#8230; tiempo catastr\u00f3fico que provoc\u00f3 la ira de Anoeta. El equipo blanquiazul acumula tres derrotas seguidas, que le dejan con 16 puntos en 16 jornadas. La primera, 3-2 contra el Villarreal, cruel por ser en el descuento (aunque fue perdiendo 0-2); la segunda, terror\u00edfica en Vitoria (1-0); y la tercera, este viernes, muy dif\u00edcil se asumir tras una segunda mitad horrorosa. El capit\u00e1n de la Real, Igor Zubeldia, no dej\u00f3 margen a la imaginaci\u00f3n: <a href=\"https:\/\/www.diariovasco.com\/real-sociedad\/zubeldia-segundo-tiempo-ridiculo-20251212231236-nt.html\" title=\"www.diariovasco.com\" data-voc-vtm-id=\"in-text-traffic\" data-mrf-link=\"www.diariovasco.com\" rel=\"nofollow noopener\" target=\"_blank\">\u00abHemos hecho el rid\u00edculo\u00bb<\/a>. No se atrevi\u00f3 a hablar del futuro, pero se hablar\u00e1. <\/p>\n<p class=\"v-p\">La alineaci\u00f3n de Sergio Francisco fue transparente: en situaci\u00f3n muy apurada tras las dos \u00faltimas derrotas y, sobre todo, muy tocado por la forma de perder en Vitoria, el entrenador quiso transmitir un mensaje de fuerza y coloc\u00f3 de salida a Kubo y Barrenetxea en las bandas, con Guedes arriba. La Real necesitaba mandar desde el principio y, a ser posible, marcar pronto para tomar el control de la situaci\u00f3n, en todos los aspectos. Dos d\u00edas despu\u00e9s de aprobar por aclamaci\u00f3n sus cuentas, en un ambiente complaciente, el club se somet\u00eda al examen del campo. Los dos aspectos est\u00e1n \u00edntimamente unidos, aunque son diferentes. La puesta en escena de la Real fue buena, con una ocasi\u00f3n muy clara nada m\u00e1s empezar, fruto de la conexi\u00f3n entre Barrenetxea, que volv\u00eda al once, y Kubo, que no acert\u00f3 en el remate con el interior del pie derecho. Los dos juegan sin estar en plenitud f\u00edsica. Al japon\u00e9s se le nota una barbaridad. El donostiarra acabar\u00eda siendo sustituido en el descanso por molestias en el s\u00f3leo. <\/p>\n<p class=\"v-p\">El arranque de su equipo tranquiliz\u00f3 a la grada, de u\u00f1as por lo de Mendizorrotza. Pero Anoeta no es un campo intransigente. A la c\u00e1tedra le bast\u00f3 ver que la Real estaba por la labor para guardarse sus reservas. A esas horas, muchos confiaban en no volver a sacarlas a relucir. Cuando el Girona equilibr\u00f3 el juego despu\u00e9s del primer cuarto de hora, no hubo crisis. El pueblo acept\u00f3 la realidad, la de verse abocado a un partido igualado frente a un rival en puestos de descenso. No hay lugar a enga\u00f1os con la situaci\u00f3n. <\/p>\n<p class=\"v-p\">El equipo se afan\u00f3 en jugar un partido de alternativas. La Real siempre estuvo en disposici\u00f3n de jugar y eso, si hay calidad, mantiene abierta la ventana de oportunidad. La encontr\u00f3 Zubeldia, que volv\u00eda al equipo. Se anticip\u00f3 y sin soluci\u00f3n de continuidad meti\u00f3 un pase vertical largo a Guedes, que control\u00f3, encar\u00f3 a Gazzaniga y abri\u00f3 el marcador. El luso, el mejor del primer tiempo, logr\u00f3 el objetivo inicial en el minuto 35, despu\u00e9s de muchas vicisitudes y alternativas, pero el 1-0 reflejaba lo visto sobre el campo hasta ese momento, de alguna manera. Sin ninguna clase de exceso. Se anunciaba un segundo tiempo para trabajar. Lo que vino fue un derrumbe.<\/p>\n<p>Derrumbe en el segundo tiempo<\/p>\n<p class=\"v-p\">El segundo tiempo comenz\u00f3 ya sin Barrenetxea, sustituido por Karrikaburu. No tard\u00f3 en confirmar el Girona que el partido segu\u00eda abierto. La Real perdi\u00f3 el centro del campo, con Soler y Brais dejando huecos demasiado grandes, como en Vitoria. La presi\u00f3n era inexistente y el conjunto catal\u00e1n no dej\u00f3 pasar la ocasi\u00f3n de ocupar esos espacios y ponerse a mandar. Sus avenidas no encontraban ning\u00fan muro de contenci\u00f3n. El marroqu\u00ed Ounahi llevaba la manija y Gorrotxategi achicaba agua como pod\u00eda.<\/p>\n<p class=\"v-p\">La cosa pintaba muy mal para la Real que si algo no sabe hacer es defender replegada. Le fue salvando que jugaba su tri\u00e1ngulo titular en la zona delicada, Mart\u00edn-Zubeldia-Gorrotxategi, que sujetaban como pod\u00edan a los jugadores que dejaban libres los interiores. Pero Tsygankov, que llevaba todo el partido martirizando a un err\u00e1tico Sergio G\u00f3mez, se encarg\u00f3 de confirmar todos los miedos de la grada, que para la hora de partido, antes de los goles, ya transmit\u00eda su enfado con el equipo.<\/p>\n<p class=\"v-p\">Solo el reloj jugaba con la camiseta de la Real. Avanzaba y era la \u00fanico que pod\u00eda salvar a los blanquiazules, que llegara al minuto 90. Pero lleg\u00f3 antes Tsygankov. En el 76 empat\u00f3 y en el 84, remat\u00f3 la faena. Anoeta estall\u00f3. El final fue todo impotencia. Los realistas no pudieron apenas dar dos pases seguidos y la gente se empez\u00f3 a ir del campo, la peor se\u00f1al posible. Noche negra en Anoeta, noche larga. Dura desde el verano y sigue.<\/p>\n","protected":false},"excerpt":{"rendered":"Tragedia en Anoeta. Pitos. Enfado monumental. Desesperaci\u00f3n y, antes del final, abandono. La Real se dej\u00f3 remontar por&hellip;\n","protected":false},"author":2,"featured_media":285727,"comment_status":"","ping_status":"","sticky":false,"template":"","format":"standard","meta":{"footnotes":""},"categories":[268],"tags":[168,25,24,280,282,21239,24635,193,281,23,167],"class_list":{"0":"post-285726","1":"post","2":"type-post","3":"status-publish","4":"format-standard","5":"has-post-thumbnail","7":"category-futbol","8":"tag-deportes","9":"tag-es","10":"tag-espana","11":"tag-football","12":"tag-futbol","13":"tag-larga","14":"tag-negra","15":"tag-noche","16":"tag-soccer","17":"tag-spain","18":"tag-sports"},"share_on_mastodon":{"url":"https:\/\/pubeurope.com\/@es\/115710371087803497","error":""},"_links":{"self":[{"href":"https:\/\/www.europesays.com\/es\/wp-json\/wp\/v2\/posts\/285726","targetHints":{"allow":["GET"]}}],"collection":[{"href":"https:\/\/www.europesays.com\/es\/wp-json\/wp\/v2\/posts"}],"about":[{"href":"https:\/\/www.europesays.com\/es\/wp-json\/wp\/v2\/types\/post"}],"author":[{"embeddable":true,"href":"https:\/\/www.europesays.com\/es\/wp-json\/wp\/v2\/users\/2"}],"replies":[{"embeddable":true,"href":"https:\/\/www.europesays.com\/es\/wp-json\/wp\/v2\/comments?post=285726"}],"version-history":[{"count":0,"href":"https:\/\/www.europesays.com\/es\/wp-json\/wp\/v2\/posts\/285726\/revisions"}],"wp:featuredmedia":[{"embeddable":true,"href":"https:\/\/www.europesays.com\/es\/wp-json\/wp\/v2\/media\/285727"}],"wp:attachment":[{"href":"https:\/\/www.europesays.com\/es\/wp-json\/wp\/v2\/media?parent=285726"}],"wp:term":[{"taxonomy":"category","embeddable":true,"href":"https:\/\/www.europesays.com\/es\/wp-json\/wp\/v2\/categories?post=285726"},{"taxonomy":"post_tag","embeddable":true,"href":"https:\/\/www.europesays.com\/es\/wp-json\/wp\/v2\/tags?post=285726"}],"curies":[{"name":"wp","href":"https:\/\/api.w.org\/{rel}","templated":true}]}}