{"id":285738,"date":"2025-12-13T04:40:22","date_gmt":"2025-12-13T04:40:22","guid":{"rendered":"https:\/\/www.europesays.com\/es\/285738\/"},"modified":"2025-12-13T04:40:22","modified_gmt":"2025-12-13T04:40:22","slug":"francia-rechaza-la-detencion-y-entrega-de-josu-ternera-como-reclamaba-la-audiencia-nacional-espana","status":"publish","type":"post","link":"https:\/\/www.europesays.com\/es\/285738\/","title":{"rendered":"Francia rechaza la detenci\u00f3n y entrega de Josu Ternera como reclamaba la Audiencia Nacional | Espa\u00f1a"},"content":{"rendered":"<p class=\"\"><a href=\"https:\/\/elpais.com\/espana\/2023-09-16\/josu-ternera-el-hombre-que-encarna-la-historia-de-eta.html\" target=\"_self\" rel=\"nofollow noopener\" title=\"https:\/\/elpais.com\/espana\/2023-09-16\/josu-ternera-el-hombre-que-encarna-la-historia-de-eta.html\">Jos\u00e9 Antonio Urrutikoetxea Bengoetxea, alias Josu Ternera<\/a>, el \u00faltimo gran jefe de ETA, continuar\u00e1 en libertad vigilada en Francia despu\u00e9s de que la Fiscal\u00eda antiterrorista de Par\u00eds haya rechazado ejecutar la Orden Europea de Detenci\u00f3n y Entrega (OEDE o euroorden) dictada la semana pasada por el juez Santiago Pedraz, seg\u00fan han confirmado a EL PA\u00cdS fuentes jur\u00eddicas. La decisi\u00f3n se adopta despu\u00e9s que Ternera se presentase este mi\u00e9rcoles ante las autoridades francesas para que le notificaran la resoluci\u00f3n del juez espa\u00f1ol, tomada dentro de una de las dos causas que siguen abiertas contra el exjefe etarra en la Audiencia Nacional, la de <a href=\"https:\/\/elpais.com\/espana\/2021-02-17\/ternera-niega-las-acusaciones-en-su-primera-cita-con-la-justicia-espanola-tras-su-arresto-en-francia.html\" rel=\"nofollow noopener\" title=\"https:\/\/elpais.com\/espana\/2021-02-17\/ternera-niega-las-acusaciones-en-su-primera-cita-con-la-justicia-espanola-tras-su-arresto-en-francia.html\" target=\"_blank\">la supuesta financiaci\u00f3n de la organizaci\u00f3n terrorista a trav\u00e9s de las herriko tabernas<\/a> (locales a los que acuden simpatizantes de la izquierda abertzale radical). <\/p>\n<p class=\"\">Seg\u00fan detallan las fuentes consultadas, en ese mismo acto la Fiscal\u00eda de Par\u00eds ha informado a Urrutikoetxea de que no iba a proceder a su detenci\u00f3n al considerar que ya exist\u00eda una OEDE anterior dictada por la justicia espa\u00f1ola en la misma causa por la que ahora se volv\u00eda a pedir su detenci\u00f3n y, por tanto, acordaba mantener la situaci\u00f3n de libertad vigilada de la que disfruta desde hace m\u00e1s de cinco a\u00f1os. Ternera <a href=\"https:\/\/elpais.com\/politica\/2019\/05\/16\/actualidad\/1557988065_061704.html\" rel=\"nofollow noopener\" title=\"https:\/\/elpais.com\/politica\/2019\/05\/16\/actualidad\/1557988065_061704.html\" target=\"_blank\">fue detenido el 16 de mayo de 2019<\/a> en una localidad gala al pie de los Alpes, Sallanches. En un primer momento, ingres\u00f3 en prisi\u00f3n, pero a finales de julio de 2020 un juez de Par\u00eds orden\u00f3 su puesta en libertad con una pulsera de control telem\u00e1tico y la obligaci\u00f3n de residir en la capital francesa. <\/p>\n<p class=\"\">Sin embargo, 11 meses despu\u00e9s la justicia gala relaj\u00f3 estas medidas y le permiti\u00f3 trasladarse a la localidad francesa de Anglet (departamento de Pirineos Atl\u00e1nticos), donde resid\u00edan su pareja y su hija menor de edad, dejando como \u00fanica medida cautelar la de presentarse tres veces por semana en la comisar\u00eda m\u00e1s cercana a su nuevo domicilio. En la actualidad, solo tiene que hacerlo una vez al mes, detallan fuentes jur\u00eddicas.<\/p>\n<p class=\"\">El juez Pedraz hab\u00eda emitido la nueva OEDE tras estudiar un informe de la Guardia Civil sobre la documentaci\u00f3n recuperada en los 14 dispositivos inform\u00e1ticos que se encontraron en poder de Ternera <a href=\"https:\/\/elpais.com\/espana\/2022-05-22\/los-secretos-de-la-larga-busqueda-de-un-ermitano-llamado-josu-ternera.html#?rel=mas_sumario\" rel=\"nofollow noopener\" title=\"https:\/\/elpais.com\/espana\/2022-05-22\/los-secretos-de-la-larga-busqueda-de-un-ermitano-llamado-josu-ternera.html#?rel=mas_sumario\" target=\"_blank\">cuando fue arrestado<\/a>. El magistrado consideraba que de esa informaci\u00f3n se pod\u00eda concluir que \u201cel investigado, desde su huida de Espa\u00f1a en 2002 y hasta su detenci\u00f3n ha venido actuando como uno de los m\u00e1ximos dirigentes de la banda terrorista ETA. No de otro modo puede explicarse la posesi\u00f3n de documentos, cuya tenencia estaba \u00fanicamente al alcance del reducido y muy restringido n\u00famero de integrantes de ETA, que han de considerarse como sus entonces dirigentes. No de otro modo puede entenderse que haya intervenido en nombre de la organizaci\u00f3n en las reuniones con representantes del gobierno de Espa\u00f1a. No se explica de otro modo, finamente, que fuera la persona llamada a anunciar en nombre de ETA su disoluci\u00f3n\u201d, recalcaba en su resoluci\u00f3n judicial.<\/p>\n<p class=\"\">Ternera tiene una causa pendiente en Francia en la que se le imputa un delito de asociaci\u00f3n de malhechores con fines terroristas por su presunta pertenencia a ETA entre 2002 y 2005. Urrutikoetxea ya fue condenado en ausencia en 2010 a siete a\u00f1os de c\u00e1rcel por estos hechos, pero el exjefe etarra lo recurri\u00f3 tras su arresto y <a href=\"https:\/\/elpais.com\/espana\/2021-09-13\/el-proceso-de-josu-ternera-en-francia-vuelve-a-la-casilla-de-salida.html\" rel=\"nofollow noopener\" title=\"https:\/\/elpais.com\/espana\/2021-09-13\/el-proceso-de-josu-ternera-en-francia-vuelve-a-la-casilla-de-salida.html\" target=\"_blank\">el Tribunal de Apelaci\u00f3n de Par\u00eds le dio la raz\u00f3n<\/a> y orden\u00f3 devolver el sumario al juez de instrucci\u00f3n para que comenzase de nuevo todo el proceso. En Espa\u00f1a, son dos las causas judiciales que siguen abiertas contra \u00e9l. Una, por el atentado de la casa cuartel de Zaragoza, de 1987, que dej\u00f3 11 muertos (incluidos seis menores y dos embarazadas) y 88 heridos, y por el que la Fiscal\u00eda le pide 2.354 a\u00f1os de prisi\u00f3n como presunto integrante de la direcci\u00f3n etarra que orden\u00f3 colocar el coche bomba que caus\u00f3 esa masacre. El otro es la de las herriko tabernas por el que se hab\u00eda dictado la \u00faltima euroorden.<\/p>\n","protected":false},"excerpt":{"rendered":"Jos\u00e9 Antonio Urrutikoetxea Bengoetxea, alias Josu Ternera, el \u00faltimo gran jefe de ETA, continuar\u00e1 en libertad vigilada en&hellip;\n","protected":false},"author":2,"featured_media":285739,"comment_status":"","ping_status":"","sticky":false,"template":"","format":"standard","meta":{"footnotes":""},"categories":[8],"tags":[6543,17,18,15705,25,24,2152,68886,13,14,4767,317,11,68885,19,20,9,10,15,16,4759,37789,23,12,21,22],"class_list":{"0":"post-285738","1":"post","2":"type-post","3":"status-publish","4":"format-standard","5":"has-post-thumbnail","7":"category-espana","8":"tag-audiencia-nacional","9":"tag-breaking-news","10":"tag-breakingnews","11":"tag-detenciones","12":"tag-es","13":"tag-espana","14":"tag-eta","15":"tag-extradiciones","16":"tag-featured-news","17":"tag-featurednews","18":"tag-fiscalia","19":"tag-francia","20":"tag-headlines","21":"tag-josu-ternera","22":"tag-latest-news","23":"tag-latestnews","24":"tag-news","25":"tag-noticias","26":"tag-noticias-destacadas","27":"tag-noticiasdestacadas","28":"tag-paris","29":"tag-santiago-pedraz","30":"tag-spain","31":"tag-titulares","32":"tag-ultimas-noticias","33":"tag-ultimasnoticias"},"share_on_mastodon":{"url":"https:\/\/pubeurope.com\/@es\/115710422261305030","error":""},"_links":{"self":[{"href":"https:\/\/www.europesays.com\/es\/wp-json\/wp\/v2\/posts\/285738","targetHints":{"allow":["GET"]}}],"collection":[{"href":"https:\/\/www.europesays.com\/es\/wp-json\/wp\/v2\/posts"}],"about":[{"href":"https:\/\/www.europesays.com\/es\/wp-json\/wp\/v2\/types\/post"}],"author":[{"embeddable":true,"href":"https:\/\/www.europesays.com\/es\/wp-json\/wp\/v2\/users\/2"}],"replies":[{"embeddable":true,"href":"https:\/\/www.europesays.com\/es\/wp-json\/wp\/v2\/comments?post=285738"}],"version-history":[{"count":0,"href":"https:\/\/www.europesays.com\/es\/wp-json\/wp\/v2\/posts\/285738\/revisions"}],"wp:featuredmedia":[{"embeddable":true,"href":"https:\/\/www.europesays.com\/es\/wp-json\/wp\/v2\/media\/285739"}],"wp:attachment":[{"href":"https:\/\/www.europesays.com\/es\/wp-json\/wp\/v2\/media?parent=285738"}],"wp:term":[{"taxonomy":"category","embeddable":true,"href":"https:\/\/www.europesays.com\/es\/wp-json\/wp\/v2\/categories?post=285738"},{"taxonomy":"post_tag","embeddable":true,"href":"https:\/\/www.europesays.com\/es\/wp-json\/wp\/v2\/tags?post=285738"}],"curies":[{"name":"wp","href":"https:\/\/api.w.org\/{rel}","templated":true}]}}