{"id":285744,"date":"2025-12-13T04:54:05","date_gmt":"2025-12-13T04:54:05","guid":{"rendered":"https:\/\/www.europesays.com\/es\/285744\/"},"modified":"2025-12-13T04:54:05","modified_gmt":"2025-12-13T04:54:05","slug":"meghan-markle-comparte-una-foto-inedita-como-chica-scout-y-anuncia-su-debut-como-productora-junto-al-principe-harry-en-sundance","status":"publish","type":"post","link":"https:\/\/www.europesays.com\/es\/285744\/","title":{"rendered":"Meghan Markle comparte una foto in\u00e9dita como &#8216;chica Scout&#8217; y anuncia su debut como productora junto al pr\u00edncipe Harry en Sundance"},"content":{"rendered":"<p id=\"exWy2dut25\" data-wc=\"64\">El pr\u00edncipe Harry y Meghan Markle debutan como productores ejecutivos de Cookie Queens, un documental sobre las emblem\u00e1ticas ventas de galletas de las chicas Scout que se estrenar\u00e1 en el Festival de Cine de Sundance 2026. \u00ab<strong>Es absolutamente irresistible\u00bb,<\/strong> declar\u00f3 la duquesa de Sussex sobre la idea de presentar el proyecto en el prestigioso certamen de cine independiente, fundado por el legendario Robert Redford.<\/p>\n<p> <img src=\"https:\/\/www.europesays.com\/es\/wp-content\/uploads\/2025\/12\/eeecc3b599f6-haryedit.jpg\"   width=\"1024\" height=\"576\" loading=\"lazy\" decoding=\"async\" alt=\"El pr\u00edncipe Harry y Meghan Markle en una imagen de archivo.\" fetchpriority=\"auto\" class=\"image ho-image\"\/>\u00a9 dpa\/picture alliance via Getty IEl pr\u00edncipe Harry y Meghan Markle ser\u00e1n los productores ejecutivos de &#8216;Cookie Queens&#8217;<\/p>\n<p id=\"ehLZwimVQLX\" data-wc=\"85\">Dirigido por la cineasta Alysa Nahmias, el documental sigue a \u00ab<strong>cuatro chicas tenaces (que) se esfuerzan por llegar a ser \u00edconos de las \u2018Reinas de las Galletas\u2019 <\/strong>superventas, navegando en un negocio de 800 millones de d\u00f3lares en el que la infancia y la ambici\u00f3n chocan\u201d, seg\u00fan describe el programa oficial del festival. Archewell Productions, la compa\u00f1\u00eda de los duques de Sussex, se ha asociado con Beautiful Stories y AJNA Films para producir este t\u00edtulo, que formar\u00e1 parte de la secci\u00f3n Family Matinee del certamen.<\/p>\n<p> <img src=\"https:\/\/www.europesays.com\/es\/wp-content\/uploads\/2025\/12\/d6bb5e22ae40-meghan-ig2.jpg\"   width=\"629\" height=\"1024\" loading=\"lazy\" decoding=\"async\" alt=\"La cinta 'Cookie Queens', cuyos productores ejecutivos son Harry y Meghan, tendr\u00e1 su estreno mundial en Sundance\" fetchpriority=\"auto\" class=\"image ho-image\"\/>\u00a9 meghanLa cinta &#8216;Cookie Queens&#8217;, cuyos productores ejecutivos son Harry y Meghan, tendr\u00e1 su estreno mundial en Sundance<\/p>\n<p id=\"eapiw-RaK9N\" data-wc=\"96\">Aunque la fecha exacta del estreno a\u00fan no se ha confirmado,\u00a0<strong>Cookie Queens<\/strong><strong>\u00a0llegar\u00e1 a Sundance entre enero y febrero de 2026\u00a0<\/strong>y, por el momento, tampoco se sabe si el matrimonio asistir\u00e1 a la proyecci\u00f3n. Meghan Markle, sin embargo,<strong>\u00a0ha reconocido sentirse personalmente vinculada al proyecto.<\/strong> \u201cComo antigua chica Scout, con mi madre como l\u00edder de tropa, <strong>tengo una afinidad personal por esta pel\u00edcula<\/strong> y estoy orgullosa de que todas nuestras conversaciones y colaboraciones hayan llevado a Archewell Productions a asociarse con este galardonado equipo para producir ejecutivamente este documental incre\u00edblemente cautivador\u201d, declar\u00f3 en Deadline.<\/p>\n<p> <img src=\"https:\/\/www.europesays.com\/es\/wp-content\/uploads\/2025\/12\/6396b323bc1e-meghan-ig.jpg\"   width=\"1024\" height=\"998\" loading=\"lazy\" decoding=\"async\" alt=\"Meghan Markle comparte una foto in\u00e9dita de su infancia como 'chica Scout' al anunciar que ella y el pr\u00edncipe Harry ser\u00e1n los productores ejecutivos de 'Cookie Queens', que se estrenar\u00e1 en Sundance\" fetchpriority=\"auto\" class=\"image ho-image\"\/>\u00a9 meghanMeghan Markle comparte una foto in\u00e9dita de su infancia como &#8216;chica Scout&#8217; <\/p>\n<p id=\"ecDJCNQ-0R\" data-wc=\"81\">Mucho antes de convertirse en duquesa de Sussex,<strong>\u00a0Meghan fue una chica Scout\u00a0<\/strong>y particip\u00f3 en ese ritual anual de vender galletas para recaudar fondos. Tras anunciar el proyecto, comparti\u00f3<strong>\u00a0una fotograf\u00eda in\u00e9dita de su infancia, tomada en Los \u00c1ngeles,\u00a0<\/strong>en la que aparece junto a su madre, Doria Ragland, y su tropa de Scouts. <strong>\u00abC\u00edrculo completo\u00bb,<\/strong> escribi\u00f3 junto a la imagen, publicada en un momento que<a class=\"hm-link ho-link\" href=\"https:\/\/www.hola.com\/realeza\/casa_inglesa\/20251212872538\/rey-carlos-iii-mensaje-personal-su-lucha-contra-el-cancer-y-recuperacion\/\" data-mrf-recirculation=\"article-body-link\" rel=\"nofollow noopener\" target=\"_blank\">\u00a0coincide con el mensaje personal del rey Carlos III sobre su diagn\u00f3stico de c\u00e1ncer<\/a>.<\/p>\n<p id=\"e-q5uY6bgCV\" data-wc=\"75\"><strong>La duquesa<\/strong> abord\u00f3, a su vez, tal y como recoge el citado medio, lo que verdaderamente les atrajo del proyecto: \u201cCuando vimos por primera vez las primeras im\u00e1genes de este documental,<strong>\u00a0inmediatamente quisimos participar.<\/strong> El punto de vista creativo, el tono atrevido, pero humano, la direcci\u00f3n, y la mirada detr\u00e1s de escena a una tradici\u00f3n tan nost\u00e1lgica y al mismo tiempo moderna como es la temporada de galletas de las chicas Scout son absolutamente irresistibles\u201d.<\/p>\n<p> <img src=\"https:\/\/www.europesays.com\/es\/wp-content\/uploads\/2025\/12\/34aa3671b325-gettyimages-2211632098-1.jpg\"   width=\"1024\" height=\"682\" loading=\"lazy\" decoding=\"async\" alt=\"Meghan Markle se alista para su regreso a la actuaci\u00f3n.\" fetchpriority=\"auto\" class=\"image ho-image\"\/>\u00a9 Getty Images for TIMEMeghan Markle regresa a la actuaci\u00f3n ocho a\u00f1os despu\u00e9s de <\/p>\n<p id=\"eVB63Y9LT8V\" data-wc=\"89\">Por su parte, la directora Alysa Nahmias expres\u00f3 su entusiasmo por el estreno en Sundance y por la participaci\u00f3n de los duques de Sussex: \u00ab<strong>Estoy orgullosa y emocionada de estrenar Cookie Queens en el Festival de Cine de Sundance,\u00a0<\/strong>que ha sido una estrella gu\u00eda a lo largo de mi trayectoria creativa, y de compartir que el pr\u00edncipe Harry y Meghan, duque y duquesa de Sussex, y el equipo de Archewell Productions son socios en este proyecto, en el que presentamos al mundo las historias de estas extraordinarias chicas\u00bb.<\/p>\n<p id=\"ePA30uXEtZh\" data-wc=\"82\">\u201cDesde nuestra primera conversaci\u00f3n, <strong>su entusiasmo fue inconfundible: Meghan tiene una profunda conexi\u00f3n personal con la comunidad de nuestra pel\u00edcula<\/strong> como antigua chica Scout, y el equipo de Archewell Productions entiende c\u00f3mo esta historia de madurez va m\u00e1s all\u00e1 de las galletas para resonar no solo en los m\u00e1s de 50 millones de chicas Scout del mundo, sino tambi\u00e9n en el p\u00fablico mundial. <strong>Estoy agradecida de contar con socios tan atentos<\/strong> para llevar esta deliciosa aventura a la pantalla\u00bb, a\u00f1adi\u00f3 la cineasta.\u00a0<\/p>\n<p> <img src=\"https:\/\/www.europesays.com\/es\/wp-content\/uploads\/2025\/12\/46a99741686b-meghanespecial.jpg\"   width=\"1024\" height=\"584\" loading=\"lazy\" decoding=\"async\" alt=\"Meghan Markle reci\u00e9n lanz\u00f3 su especial navide\u00f1o en Netflix.\" fetchpriority=\"auto\" class=\"image ho-image\"\/>\u00a9 @meghanMeghan Markle reci\u00e9n lanz\u00f3 su especial navide\u00f1o en Netflix.<\/p>\n<p id=\"egwniyxsbog\" data-wc=\"73\">Antes de esta pel\u00edcula, <strong>Harry y Meghan fueron productores ejecutivos de su serie documental Harry &amp; Meghan,<\/strong> centrada en su salida de la Casa Real, adem\u00e1s del proyecto\u00a0Polo y la docuserie Masaka Kids: A Rhythm Within, sobre un grupo de j\u00f3venes bailarines de Uganda. Meghan tambi\u00e9n protagoniz\u00f3 <a class=\"hm-link ho-link\" href=\"https:\/\/www.hola.com\/realeza\/casa_inglesa\/20250103738982\/meghan-markle-serie-netflix-estilo-vida\/\" data-mrf-recirculation=\"article-body-link\" rel=\"nofollow noopener\" target=\"_blank\">una serie para Netflix, Con amor, Meghan,<\/a>\u00a0un proyecto en el que volvi\u00f3 a sus or\u00edgenes y en el que muestra su estilo de vida.\u00a0<\/p>\n<p> <img src=\"https:\/\/www.europesays.com\/es\/wp-content\/uploads\/2025\/12\/71fe40b0bc57-gettyimages-841344624.jpg\"   width=\"1024\" height=\"683\" loading=\"lazy\" decoding=\"async\" alt=\"Meghan Markle como Rachel Zane en el cap\u00edtulo 709 de 'Suits'.\" fetchpriority=\"auto\" class=\"image ho-image\"\/>\u00a9 NBCUniversal via Getty ImagesMeghan Markle como Rachel Zane en el cap\u00edtulo 709 de &#8216;Suits&#8217;<\/p>\n<p id=\"e_oUurY-K6G\" data-wc=\"111\">Markle, <a class=\"hm-link ho-link\" href=\"https:\/\/www.hola.com\/realeza\/20230926240097\/meghan-markle-fotos-ineditas-suits\/\" data-mrf-recirculation=\"article-body-link\" rel=\"nofollow noopener\" target=\"_blank\">que dio vida a Rachel Zane en la serie Suits entre 2011 y 2018<\/a>, dej\u00f3 la actuaci\u00f3n tras comprometerse con el pr\u00edncipe Harry. Sin embargo, ocho a\u00f1os despu\u00e9s ha decidido regresar a los sets de rodaje. Hace unas semanas fue fotografiada sonriendo y saludando al equipo durante el rodaje de <strong>Close Personal Friends,\u00a0<\/strong>una comedia en la que se interpreta a s\u00ed misma, junto a Lily Collins, Brie Larson y Jack Quaid, hijo de Meg Ryan y Dennis Quaid. La madre de Archie y Lilibet retoma as\u00ed su carrera interpretativa. \u00abMeghan ha recibido much\u00edsimas ofertas para trabajos como actriz, pero esta parec\u00eda la adecuada\u201d, aseguraron fuentes cercanas a la producci\u00f3n.<\/p>\n","protected":false},"excerpt":{"rendered":"El pr\u00edncipe Harry y Meghan Markle debutan como productores ejecutivos de Cookie Queens, un documental sobre las emblem\u00e1ticas&hellip;\n","protected":false},"author":2,"featured_media":285745,"comment_status":"","ping_status":"","sticky":false,"template":"","format":"standard","meta":{"footnotes":""},"categories":[174],"tags":[255,146,147,25,24,256,12939,3066,1027,6856,23],"class_list":{"0":"post-285744","1":"post","2":"type-post","3":"status-publish","4":"format-standard","5":"has-post-thumbnail","7":"category-famosos","8":"tag-celebrities","9":"tag-entertainment","10":"tag-entretenimiento","11":"tag-es","12":"tag-espana","13":"tag-famosos","14":"tag-harry-de-inglaterra","15":"tag-meghan-markle","16":"tag-realeza","17":"tag-realeza-inglesa","18":"tag-spain"},"share_on_mastodon":{"url":"https:\/\/pubeurope.com\/@es\/115710477698776868","error":""},"_links":{"self":[{"href":"https:\/\/www.europesays.com\/es\/wp-json\/wp\/v2\/posts\/285744","targetHints":{"allow":["GET"]}}],"collection":[{"href":"https:\/\/www.europesays.com\/es\/wp-json\/wp\/v2\/posts"}],"about":[{"href":"https:\/\/www.europesays.com\/es\/wp-json\/wp\/v2\/types\/post"}],"author":[{"embeddable":true,"href":"https:\/\/www.europesays.com\/es\/wp-json\/wp\/v2\/users\/2"}],"replies":[{"embeddable":true,"href":"https:\/\/www.europesays.com\/es\/wp-json\/wp\/v2\/comments?post=285744"}],"version-history":[{"count":0,"href":"https:\/\/www.europesays.com\/es\/wp-json\/wp\/v2\/posts\/285744\/revisions"}],"wp:featuredmedia":[{"embeddable":true,"href":"https:\/\/www.europesays.com\/es\/wp-json\/wp\/v2\/media\/285745"}],"wp:attachment":[{"href":"https:\/\/www.europesays.com\/es\/wp-json\/wp\/v2\/media?parent=285744"}],"wp:term":[{"taxonomy":"category","embeddable":true,"href":"https:\/\/www.europesays.com\/es\/wp-json\/wp\/v2\/categories?post=285744"},{"taxonomy":"post_tag","embeddable":true,"href":"https:\/\/www.europesays.com\/es\/wp-json\/wp\/v2\/tags?post=285744"}],"curies":[{"name":"wp","href":"https:\/\/api.w.org\/{rel}","templated":true}]}}