{"id":285761,"date":"2025-12-13T05:15:15","date_gmt":"2025-12-13T05:15:15","guid":{"rendered":"https:\/\/www.europesays.com\/es\/285761\/"},"modified":"2025-12-13T05:15:15","modified_gmt":"2025-12-13T05:15:15","slug":"el-al-qazeres-juega-contra-el-lider-en-el-debut-de-laura-salmeron","status":"publish","type":"post","link":"https:\/\/www.europesays.com\/es\/285761\/","title":{"rendered":"El Al-Q\u00e1zeres juega contra el l\u00edder en el debut de Laura Salmer\u00f3n"},"content":{"rendered":"<p class=\"ft-text ft-helper-closenews\">Ganar al <strong>l\u00edder invicto,<\/strong> el <strong>Azulmarino Mallorca<\/strong> o, cuando menos, discutirle la hegemon\u00eda del duelo. Ese es el morrocotudo reto que se ha planteado para este s\u00e1bado (18.00 horas, Multiusos) el <strong>Alter Enersun Al-Q\u00e1zeres.<\/strong> Ser\u00e1 complicado, pero el <a class=\"ft-link ft-link--decoration\" href=\"https:\/\/www.elperiodicoextremadura.com\/deportes\/2025\/12\/08\/mision-cumplidisima-qazeres-santfeliuenc-124581122.html\" target=\"_blank\" rel=\"nofollow noopener\">equipo de Jes\u00fas S\u00e1nchez, inmerso en una din\u00e1mica notable e instalado en la zona de \u2018playoff\u2019, <\/a>sexto con seis triunfos y cuatro derrotas, no tiene presi\u00f3n. Enfrente, un plantel llamado al ascenso con sus 11 victorias y a\u00fan sin perder.<\/p>\n<p class=\"ft-text\">El Al-Q\u00e1zeres, pese a sus carencias de equipo de perfil medio de la Liga Challenge y la<strong> baja m\u00e1s que importante de Raquel Laneiro<\/strong>, espera al menos dar respuesta al ingente potencial de las baleares. De momento, ya ha anunciado este viernes el fichaje de otra base-escolta, te\u00f3rica sustituta de la portuguesa. Se trata de L<strong>aura Salmer\u00f3n (Sant Andreu de Llavaneres, Barcelona, 4 de mayo de 2002) que se incorpora a la disciplina del equipo hasta final de temporada<\/strong>.<\/p>\n<p class=\"ft-text\">La barcelonesa, con experiencia en el baloncesto estadounidense, en concreto en la Divisi\u00f3n 1 de la NCAA (Loyola Maryland) l<strong>lega procedente del CB Santfeliuenc, que para\u00f3djicamente ha sido el \u00faltimo rival de las verdes precisamente, equipo donde ha disputado 11 partidos esta temporada, en los cuales ha promediado 9,8 puntos en 27 minutos en pista. <\/strong><\/p>\n<p class=\"ft-text\">El pasado lunes, en duelo at\u00edpico recuperado de una jornada anterior, las extreme\u00f1as ganaron al colista con absoluta solvencia al Santfeliuenc (70-57), con Salmer\u00f3n de titular en las catalanas y anotando siete puntos. El entrenador del club extreme\u00f1o, Jes\u00fas S\u00e1nchez, tom\u00f3 buena nota, aunque ya la conoc\u00eda de sobra, y la operaci\u00f3n se ha hecho r\u00e1pido.<\/p>\n<p>Proyecto en ascenso<\/p>\n<p class=\"ft-text\">Las cacere\u00f1as llegan avaladas por una trayectoria situada incluso por encima de lo esperado. <a class=\"ft-link ft-link--decoration\" href=\"https:\/\/www.basketmallorca.com\/es-es\" rel=\"nofollow noopener\" target=\"_blank\">Azulmarino Mallorca naci\u00f3 hace escasamente seis a\u00f1os<\/a> y sigue dando pasos muy adelante. En su web se puede leer que se ide\u00f3 \u00abpara crear un proyecto integrador y transversal con el que se identifique toda la isla\u00bb.<\/p>\n<p class=\"ft-text\">En su primer a\u00f1o de vida, temporada 19-20, consigui\u00f3 su ascenso a Liga Femenina 2 y ahora acumula su tercera temporada en la segunda categor\u00eda del baloncesto espa\u00f1ol, la Liga Femenina Challenge, ya con miras ambiciosas: <strong>subir a la Liga Femenina.<\/strong><\/p>\n<p>Pensando en ganar<\/p>\n<p class=\"ft-text\">Pese a todo ello, el t\u00e9cnico local lanz\u00f3 un mensaje en positivo para este choque. No descart\u00f3 ser el primer equipo en derrotar a las baleares (\u00abojal\u00e1\u00bb) y apel\u00f3 al factor cancha para intentar el \u00e9xito. En este sentido, consider\u00f3 que<strong> el Al-Q\u00e1zeres tendr\u00e1 enfrente a un equipo con muchos recursos y una plantilla muy larga, entre ellas integrada por la p\u00edvot Gedna Capel, exjugadora del conjunto extreme\u00f1o, <\/strong>clave en la rotaci\u00f3n interior.<\/p>\n<p class=\"ft-text\">Del mismo modo<strong>, Jes\u00fas S\u00e1nchez dio por hecho que Salmer\u00f3n, que lleg\u00f3 a la ciudad el pasado jueves por la tarde, <\/strong>podr\u00e1 debutar en este duelo, en el que tambi\u00e9n ser\u00e1 importante, en su opini\u00f3n, ese factor cancha para poder resistir a un cuadro en el que el f\u00edsico se antoja fundamental para el excelente balance que acumula hasta este fin de semana.<\/p>\n<p data-close=\"closedContent\" class=\"subscribeHideForDisplay\">Suscr\u00edbete para seguir leyendo<\/p>\n","protected":false},"excerpt":{"rendered":"Ganar al l\u00edder invicto, el Azulmarino Mallorca o, cuando menos, discutirle la hegemon\u00eda del duelo. Ese es el&hellip;\n","protected":false},"author":2,"featured_media":285762,"comment_status":"","ping_status":"","sticky":false,"template":"","format":"standard","meta":{"footnotes":""},"categories":[269],"tags":[38964,299,298,5437,68889,168,25,24,5782,4348,3459,5564,38965,38963,23,167],"class_list":{"0":"post-285761","1":"post","2":"type-post","3":"status-publish","4":"format-standard","5":"has-post-thumbnail","7":"category-baloncesto","8":"tag-al-qazeres","9":"tag-baloncesto","10":"tag-basketball","11":"tag-debut","12":"tag-deporte-en-extremadura","13":"tag-deportes","14":"tag-es","15":"tag-espana","16":"tag-jesus","17":"tag-juega","18":"tag-laura","19":"tag-lider","20":"tag-liga-femenina-challenge","21":"tag-qazeres","22":"tag-spain","23":"tag-sports"},"share_on_mastodon":{"url":"https:\/\/pubeurope.com\/@es\/115710559905462524","error":""},"_links":{"self":[{"href":"https:\/\/www.europesays.com\/es\/wp-json\/wp\/v2\/posts\/285761","targetHints":{"allow":["GET"]}}],"collection":[{"href":"https:\/\/www.europesays.com\/es\/wp-json\/wp\/v2\/posts"}],"about":[{"href":"https:\/\/www.europesays.com\/es\/wp-json\/wp\/v2\/types\/post"}],"author":[{"embeddable":true,"href":"https:\/\/www.europesays.com\/es\/wp-json\/wp\/v2\/users\/2"}],"replies":[{"embeddable":true,"href":"https:\/\/www.europesays.com\/es\/wp-json\/wp\/v2\/comments?post=285761"}],"version-history":[{"count":0,"href":"https:\/\/www.europesays.com\/es\/wp-json\/wp\/v2\/posts\/285761\/revisions"}],"wp:featuredmedia":[{"embeddable":true,"href":"https:\/\/www.europesays.com\/es\/wp-json\/wp\/v2\/media\/285762"}],"wp:attachment":[{"href":"https:\/\/www.europesays.com\/es\/wp-json\/wp\/v2\/media?parent=285761"}],"wp:term":[{"taxonomy":"category","embeddable":true,"href":"https:\/\/www.europesays.com\/es\/wp-json\/wp\/v2\/categories?post=285761"},{"taxonomy":"post_tag","embeddable":true,"href":"https:\/\/www.europesays.com\/es\/wp-json\/wp\/v2\/tags?post=285761"}],"curies":[{"name":"wp","href":"https:\/\/api.w.org\/{rel}","templated":true}]}}