{"id":285763,"date":"2025-12-13T05:16:21","date_gmt":"2025-12-13T05:16:21","guid":{"rendered":"https:\/\/www.europesays.com\/es\/285763\/"},"modified":"2025-12-13T05:16:21","modified_gmt":"2025-12-13T05:16:21","slug":"esperamos-tener-mucha-suerte-y-exitos-juntos-bon-nadal","status":"publish","type":"post","link":"https:\/\/www.europesays.com\/es\/285763\/","title":{"rendered":"Esperamos tener mucha suerte y \u00e9xitos juntos; Bon Nadal"},"content":{"rendered":"<p data-gtm-element-container=\"modulo-texto-link\" class=\"paragraph\">El Espanyol ha celebrado este viernes el tradicional y siempre esperado encuentro con los medios informativos que habitualmente cubren la actualidad del club perico. El brindis navide\u00f1o ha contado en esta ocasi\u00f3n con el protagonismo del <strong>nuevo presidente del Espanyol Alan Pace, que ha debutado<\/strong> en este agradable encuentro, una presencia que se hab\u00eda echado en falta durante los \u00faltimo a\u00f1os pues el ya<strong> ex presidente Chen Yansheng no acostumbraba<\/strong> a estar estar fechas en Barcelona y hace ya varios a\u00f1os que no presid\u00eda este tradicional brindis.<\/p>\n<p>                     Galer\u00eda<\/p>\n<p>                <img loading=\"lazy\" decoding=\"async\" data-full-src=\"https:\/\/www.mundodeportivo.com\/uploads\/2025\/12\/12\/693c5f0dd030a.jpeg\" alt=\"As\u00ed ha sido el brindis de Navidad de Alan Pace, representando al Espanyol, con los distintos medios de comunicaci\u00f3n que siguen al equipo blanquiazul\" src=\"https:\/\/www.europesays.com\/es\/wp-content\/uploads\/2025\/12\/693c5f0dd030a.r_d.3079-2199.jpeg\" class=\"lazy\" width=\"449\" height=\"299\"\/><\/p>\n<p>                    <a class=\"caption-title \" href=\"https:\/\/www.mundodeportivo.com\/futbol\/rcd-espanyol\/20251212\/1002585805\/asi-sido-brindis-navidad-espanyol-prensa.html\" rel=\"nofollow noopener\" target=\"_blank\">As\u00ed ha sido el brindis de Navidad del Espanyol con la prensa<\/a><\/p>\n<p>                    RCD Espanyol<\/p>\n<p data-gtm-element-container=\"modulo-texto-link\" class=\"paragraph\">El de hoy ha sido un encuentro cercano y familiar, en el que tanto <strong>Pace como sus manos derechas, tanto Antonio D\u00e1vila, como\u00a0Bradley Spiby, y Mao Ye,<\/strong> han departido largamente con los periodistas, intercambiando ideas y disfrutando del buen momento que vive<strong> el equipo de Manolo Gonz\u00e1lez,<\/strong> en plaza europea y sacando pecho de la buena primera vuelta.<\/p>\n<p>    Lee tambi\u00e9n<\/p>\n<p data-gtm-element-container=\"modulo-texto-link\" class=\"paragraph\">De entrada ha intervenido el nuevo director de comunicaci\u00f3n <strong>Andr\u00e9s Merello<\/strong>, quien ha agradecido la presencia de todos y todas y ha lanzado un mensaje claro y emp\u00e1tico: seguir comunicando el d\u00eda a d\u00eda del Espanyol para hacer la entidad m\u00e1s grande si cabe.<\/p>\n<p>                <img loading=\"lazy\" decoding=\"async\" data-full-src=\"https:\/\/www.mundodeportivo.com\/uploads\/2025\/12\/12\/693c212d8f921.jpeg\" alt=\"El presidente del Espanyol Alan Pace, felicitando las fiestas navide\u00f1as\" width=\"449\" height=\"299\" src=\"https:\/\/www.europesays.com\/es\/wp-content\/uploads\/2025\/12\/693c212d8f921.jpeg\" class=\"lazy\"\/><\/p>\n<p class=\"caption-title \">El presidente del Espanyol Alan Pace, felicitando las fiestas navide\u00f1as<\/p>\n<p data-gtm-element-container=\"modulo-texto-link\" class=\"paragraph\">Al hilo<strong> ha tomado la palabra Alan Pace<\/strong>, el flamante nuevo presidente y m\u00e1ximo accionista del Espanyol, avisando que no har\u00eda un discurso sino una felicitaci\u00f3n.<\/p>\n<p data-gtm-element-container=\"modulo-texto-link\" class=\"paragraph\">\u201cNo es un discurso, s\u00f3lo es un brindis y no bebo, por lo que no voy a tomar. Es un placer estar con vosotros en este tiempo del a\u00f1o, Feliz Navidad, Bon Nadal, <strong>gracias por vuestro apoyo, esperamos tener mucha suerte y \u00e9xito juntos\u201d<\/strong>, dijo el nuevo &#8216;capo&#8217;, sin dejar grandes titulares, ni promesas, pero bajo un tono amable y sin escatimar fotos ni dialogar con cualquiera de los asistentes que se le acercaba.<\/p>\n<p>                <img loading=\"lazy\" decoding=\"async\" data-full-src=\"https:\/\/www.mundodeportivo.com\/uploads\/2025\/12\/12\/693c21e1cb1e4.jpeg\" alt=\"La subdirectora de MD Cristina Cubero, hablando con Pace\" width=\"449\" height=\"299\" src=\"https:\/\/www.europesays.com\/es\/wp-content\/uploads\/2025\/12\/693c21e1cb1e4.jpeg\" class=\"lazy\"\/><\/p>\n<p class=\"caption-title \">La subdirectora de MD Cristina Cubero, hablando con Pace<\/p>\n<p data-gtm-element-container=\"modulo-texto-link\" class=\"paragraph\"><strong>Tanto Pace<\/strong> como sus colaboradores directos han pasado un buen rato dialogando distendidamente con los periodistas, un buen feeling que se ha echado en falta en los \u00faltimos a\u00f1os. Nuevos aires en la comunicaci\u00f3n, de la mano con el<strong> dulce momento del equipo de Manolo Gonz\u00e1lez.<\/strong><\/p>\n","protected":false},"excerpt":{"rendered":"El Espanyol ha celebrado este viernes el tradicional y siempre esperado encuentro con los medios informativos que habitualmente&hellip;\n","protected":false},"author":2,"featured_media":285764,"comment_status":"","ping_status":"","sticky":false,"template":"","format":"standard","meta":{"footnotes":""},"categories":[268],"tags":[168,25,24,280,282,281,23,167],"class_list":{"0":"post-285763","1":"post","2":"type-post","3":"status-publish","4":"format-standard","5":"has-post-thumbnail","7":"category-futbol","8":"tag-deportes","9":"tag-es","10":"tag-espana","11":"tag-football","12":"tag-futbol","13":"tag-soccer","14":"tag-spain","15":"tag-sports"},"share_on_mastodon":{"url":"https:\/\/pubeurope.com\/@es\/115710564353134272","error":""},"_links":{"self":[{"href":"https:\/\/www.europesays.com\/es\/wp-json\/wp\/v2\/posts\/285763","targetHints":{"allow":["GET"]}}],"collection":[{"href":"https:\/\/www.europesays.com\/es\/wp-json\/wp\/v2\/posts"}],"about":[{"href":"https:\/\/www.europesays.com\/es\/wp-json\/wp\/v2\/types\/post"}],"author":[{"embeddable":true,"href":"https:\/\/www.europesays.com\/es\/wp-json\/wp\/v2\/users\/2"}],"replies":[{"embeddable":true,"href":"https:\/\/www.europesays.com\/es\/wp-json\/wp\/v2\/comments?post=285763"}],"version-history":[{"count":0,"href":"https:\/\/www.europesays.com\/es\/wp-json\/wp\/v2\/posts\/285763\/revisions"}],"wp:featuredmedia":[{"embeddable":true,"href":"https:\/\/www.europesays.com\/es\/wp-json\/wp\/v2\/media\/285764"}],"wp:attachment":[{"href":"https:\/\/www.europesays.com\/es\/wp-json\/wp\/v2\/media?parent=285763"}],"wp:term":[{"taxonomy":"category","embeddable":true,"href":"https:\/\/www.europesays.com\/es\/wp-json\/wp\/v2\/categories?post=285763"},{"taxonomy":"post_tag","embeddable":true,"href":"https:\/\/www.europesays.com\/es\/wp-json\/wp\/v2\/tags?post=285763"}],"curies":[{"name":"wp","href":"https:\/\/api.w.org\/{rel}","templated":true}]}}