{"id":285777,"date":"2025-12-13T05:29:09","date_gmt":"2025-12-13T05:29:09","guid":{"rendered":"https:\/\/www.europesays.com\/es\/285777\/"},"modified":"2025-12-13T05:29:09","modified_gmt":"2025-12-13T05:29:09","slug":"pedro-sanchez-pide-calma-a-los-suyos-mientras-los-socios-le-presionan-para-que-se-mueva-espana","status":"publish","type":"post","link":"https:\/\/www.europesays.com\/es\/285777\/","title":{"rendered":"Pedro S\u00e1nchez pide calma a los suyos mientras los socios le presionan para que se mueva | Espa\u00f1a"},"content":{"rendered":"<p class=\"\">Una semana demoledora para el Gobierno, con dos crisis que se solapan, la de la corrupci\u00f3n y la del <a href=\"https:\/\/elpais.com\/espana\/2025-12-12\/el-psoe-trata-de-rebajar-la-tension-con-sus-secretarias-de-igualdad-y-promete-tolerancia-cero-contra-el-acoso.html\" target=\"_self\" rel=\"nofollow noopener\" title=\"https:\/\/elpais.com\/espana\/2025-12-12\/el-psoe-trata-de-rebajar-la-tension-con-sus-secretarias-de-igualdad-y-promete-tolerancia-cero-contra-el-acoso.html\">acoso sexual dentro del PSOE<\/a>, acaba del peor modo posible, con los socios presionando ya abiertamente a Pedro S\u00e1nchez para que haga un movimiento dr\u00e1stico para reencauzar la legislatura. Esa exigencia ya ha llegado al coraz\u00f3n del Gobierno, a trav\u00e9s de Sumar, miembro de la coalici\u00f3n, que reclama a S\u00e1nchez, como explic\u00f3 Yolanda D\u00edaz, <a href=\"https:\/\/elpais.com\/espana\/2025-12-12\/yolanda-diaz-exige-a-sanchez-una-remodelacion-profunda-del-gobierno-asi-no-podemos-aguantar.html\" target=\"_self\" rel=\"nofollow noopener\" title=\"https:\/\/elpais.com\/espana\/2025-12-12\/yolanda-diaz-exige-a-sanchez-una-remodelacion-profunda-del-gobierno-asi-no-podemos-aguantar.html\">una \u201cremodelaci\u00f3n profunda\u201d<\/a> del Ejecutivo. <\/p>\n<p class=\"\">Pero el presidente ha dado en las \u00faltimas horas una instrucci\u00f3n clara a todo su equipo y traslada una petici\u00f3n a Sumar: calma. No hay cambio de Gobierno en el horizonte, explican en La Moncloa, solo un \u201crelevo puntual\u201d de Pilar Alegr\u00eda, que tendr\u00e1 que dejar el ministerio de Educaci\u00f3n y la portavoc\u00eda para ser candidata en las elecciones en Arag\u00f3n que todo indica que se convocar\u00e1n la pr\u00f3xima semana. Solo habr\u00e1 medidas dr\u00e1sticas, eso s\u00ed, con todos los implicados en casos de corrupci\u00f3n<a href=\"https:\/\/elpais.com\/espana\/2025-12-12\/el-psoe-investiga-una-doble-denuncia-por-acoso-sexual-y-laboral-contra-el-alcalde-de-almussafes-y-vicesecretario-socialista-en-la-provincia-de-valencia.html\" target=\"_self\" rel=\"nofollow noopener\" title=\"https:\/\/elpais.com\/espana\/2025-12-12\/el-psoe-investiga-una-doble-denuncia-por-acoso-sexual-y-laboral-contra-el-alcalde-de-almussafes-y-vicesecretario-socialista-en-la-provincia-de-valencia.html\"> o acoso<\/a>, con suspensiones de militancia inmediatas, pero de momento nada indica que La Moncloa est\u00e9 pensando en un giro radical de los acontecimientos ni mucho menos el adelanto electoral que reclama la oposici\u00f3n y ni siquiera una comparecencia espec\u00edfica en el Congreso del presidente. <\/p>\n<p class=\"\">La l\u00ednea marcada por la c\u00fapula van en otro sentido: seguir con las tareas de Gobierno, subir las pensiones, el salario m\u00ednimo, el sueldo de los funcionarios \u2014reci\u00e9n aprobado\u2014 y tratar de rebajar la enorme presi\u00f3n que se vive especialmente en el PSOE, un aut\u00e9ntico polvor\u00edn en el que los casos de acoso tienen desolado al partido, pendiente de la pr\u00f3xima denuncia y con tensiones internas entre distintos sectores.<\/p>\n<p class=\"\">En estas \u00faltimas fren\u00e9ticas horas, en las que se suceden decisiones policiales y judiciales sobre casos de corrupci\u00f3n \u2014<a href=\"https:\/\/elpais.com\/espana\/2025-12-12\/la-uco-acude-a-correos-hacienda-y-transicion-ecologica-a-por-documentacion-sobre-la-trama-de-leire-diez.html\" target=\"_self\" rel=\"nofollow noopener\" title=\"https:\/\/elpais.com\/espana\/2025-12-12\/la-uco-acude-a-correos-hacienda-y-transicion-ecologica-a-por-documentacion-sobre-la-trama-de-leire-diez.html\">entrada en distintos ministerios<\/a> para solicitar informaci\u00f3n, detenciones, nuevos informes de casos ya en curso, detalles escandalosos de las investigaciones en marcha\u2014 con el me too del PSOE, en el que van cayendo en goteo distintos dirigentes en varias federaciones acusados por varias mujeres de acoso sexual, m\u00e1s dimisiones y la <a href=\"https:\/\/elpais.com\/espana\/2025-12-12\/besteiro-admite-ahora-que-conocia-las-acusaciones-de-acoso-sexual-contra-tome-desde-octubre.html\" target=\"_self\" rel=\"nofollow noopener\" title=\"https:\/\/elpais.com\/espana\/2025-12-12\/besteiro-admite-ahora-que-conocia-las-acusaciones-de-acoso-sexual-contra-tome-desde-octubre.html\">salida de la responsable de Igualdad de Galicia<\/a> molesta por la inacci\u00f3n en el caso del expresidente de la Diputaci\u00f3n de Lugo, S\u00e1nchez est\u00e1 trasladando a todas las personas con las que ha hablado que lo que hay que hacer es mantener la calma y reivindicar la tarea del Gobierno, los datos econ\u00f3micos, las decisiones positivas, la gesti\u00f3n, para tratar de convencer a todo el mundo progresista, ahora en shock por los esc\u00e1ndalos, de que vale la pena seguir apoyando al Ejecutivo. Pero esta orden del presidente no logra aplacar los nervios dentro del PSOE y mucho menos las exigencias de sus socios, que no act\u00faan por instrucciones del presidente y exigen una respuesta pol\u00edtica m\u00e1s clara.<\/p>\n<p class=\"\">Sumar est\u00e1 reclamando esa \u201csalida pol\u00edtica\u201d para retomar el control de la agenda en un fin de a\u00f1o aciago. Las palabras de D\u00edaz, la vicepresidenta segunda, durante una entrevista en La Sexta reclamando esa remodelaci\u00f3n profunda del Ejecutivo, algo que no hab\u00eda hecho en todos estos a\u00f1os, molestaron al ala socialista, que rechaz\u00f3 r\u00e1pidamente esta posibilidad, aunque eligi\u00f3 no entrar al choque abierto con su socio de coalici\u00f3n y minimizar la importancia de esa declaraci\u00f3n. <\/p>\n<p class=\"\">\u201cSe acabaron las reflexiones, los cambios y las reformas cosm\u00e9ticas. Hay un punto y aparte y toca actuar. He hablado con el presidente. Toca un cambio absolutamente profundo en el equipo de Gobierno. No me compete a m\u00ed, pero nuestra opini\u00f3n es que as\u00ed no se puede continuar. Lo que est\u00e1 pasando es muy grave, no estamos en el mes de julio. El Gobierno tiene que ser reformulado\u201d, advirti\u00f3 D\u00edaz en televisi\u00f3n, mucho m\u00e1s contundente de lo habitual. Desde el equipo de la vicepresidenta insisten en que no se trata de pedir la cabeza de nadie, una cuesti\u00f3n que debe resolver el propio presidente, sino de ofrecer una soluci\u00f3n para salvar al Ejecutivo en un contexto muy complicado e impulsarlo. \u201cEste Gobierno necesita soltar lastre y seguir con la agenda social\u201d, reivindican en referencia al <a href=\"https:\/\/elpais.com\/economia\/2025-12-12\/diaz-acelera-la-norma-para-evitar-que-las-empresas-absorban-la-subida-del-salario-minimo-con-la-eliminacion-de-pluses.html\" target=\"_self\" rel=\"nofollow noopener\" title=\"https:\/\/elpais.com\/economia\/2025-12-12\/diaz-acelera-la-norma-para-evitar-que-las-empresas-absorban-la-subida-del-salario-minimo-con-la-eliminacion-de-pluses.html\">salario m\u00ednimo (SMI)<\/a>, la prestaci\u00f3n universal por crianza o el decreto para prorrogar los 300.000 <a href=\"https:\/\/elpais.com\/espana\/2025-12-04\/sumar-cifra-en-630000-los-contratos-de-alquiler-que-vencen-en-2026-y-eleva-la-presion-sobre-el-psoe.html\" target=\"_self\" rel=\"nofollow noopener\" title=\"https:\/\/elpais.com\/espana\/2025-12-04\/sumar-cifra-en-630000-los-contratos-de-alquiler-que-vencen-en-2026-y-eleva-la-presion-sobre-el-psoe.html\">contratos de alquiler que est\u00e1n venciendo <\/a>ya este 2025 y exponen a los inquilinos a una subida del 30 o el 40%, porque esos contratos se firmaron durante la pandemia, con precios mucho m\u00e1s bajos. <\/p>\n<p class=\"\">Esta misma semana, Hacienda y Econom\u00eda, en manos de Mar\u00eda Jes\u00fas Montero y Carlos Cuerpo, <a href=\"https:\/\/elpais.com\/economia\/2025-12-11\/los-socios-del-gobierno-chocan-sobre-como-calcular-el-incremento-del-salario-minimo.html\" target=\"_self\" rel=\"nofollow noopener\" title=\"https:\/\/elpais.com\/economia\/2025-12-11\/los-socios-del-gobierno-chocan-sobre-como-calcular-el-incremento-del-salario-minimo.html\">chocaron con Trabajo por el m\u00e9todo <\/a>para calcular la subida este a\u00f1o del SMI y Sumar ha insistido desde hace meses en la necesidad de intervenir el mercado de la vivienda ante el que es el principal problema de los espa\u00f1oles. \u201cLa situaci\u00f3n es la m\u00e1s dif\u00edcil de la legislatura. Viene de dentro y eso es corrosivo. No hay una inquina ad personam pero s\u00ed enorme preocupaci\u00f3n\u201d, insiste una fuente de la coalici\u00f3n de izquierdas que rechaza que la soluci\u00f3n pase por se\u00f1alar p\u00fablicamente a nadie. En La Moncloa contestan que no tiene sentido un cambio profundo del Gobierno ahora porque los nuevos casos no afectan a personas del Ejecutivo actual, y las que s\u00ed estaban implicadas, como Antonio Hern\u00e1ndez, mano derecha de Paco Salazar, han sido cesadas en cuanto se publicaron las denuncias.<\/p>\n<p class=\"\">Sumar ya pidi\u00f3 en verano un giro de 180 grados en la legislatura despu\u00e9s de la entrada en prisi\u00f3n preventiva de Santos Cerd\u00e1n y consigui\u00f3 entonces que el PSOE aprobara la ampliaci\u00f3n de permisos por nacimiento, la remuneraci\u00f3n de los de conciliaci\u00f3n, o la creaci\u00f3n de una oficina para prevenir los delitos de corrupci\u00f3n, pero esta propuesta fue <a href=\"https:\/\/elpais.com\/espana\/2025-09-16\/junts-vuelve-a-unir-sus-votos-a-pp-y-vox-para-tumbar-en-el-congreso-la-creacion-de-una-agencia-anticorrupcion.html\" target=\"_self\" rel=\"nofollow noopener\" title=\"https:\/\/elpais.com\/espana\/2025-09-16\/junts-vuelve-a-unir-sus-votos-a-pp-y-vox-para-tumbar-en-el-congreso-la-creacion-de-una-agencia-anticorrupcion.html\">tumbada en el Congreso en septiembre<\/a>. Los de D\u00edaz creen que ahora se necesita un revulsivo para salir de una situaci\u00f3n que no ha hecho m\u00e1s que empeorar y que amenaza con arrastrarles a ellos tambi\u00e9n en la ca\u00edda. \u201cNo se trata de sobrevivir por sobrevivir\u201d, reiteran.<\/p>\n<p class=\"\">La sensaci\u00f3n en el Ejecutivo es de desolaci\u00f3n porque los titulares de la \u00faltima semana opacan cualquier acci\u00f3n del Gobierno. El jueves <a href=\"https:\/\/elpais.com\/espana\/2025-12-11\/el-gobierno-salva-con-la-geometria-variable-cinco-proyectos-en-el-ultimo-pleno-de-2025.html\" target=\"_self\" rel=\"nofollow noopener\" title=\"https:\/\/elpais.com\/espana\/2025-12-11\/el-gobierno-salva-con-la-geometria-variable-cinco-proyectos-en-el-ultimo-pleno-de-2025.html\">se aprobaron tres decretos y una ley <\/a>en el Congreso, la de atenci\u00f3n a la clientela, y se salv\u00f3 con la abstenci\u00f3n del PP la reforma de la dependencia, que amenazaba una enmienda de Junts, pero nada cala como la cascada de detenciones sumado a las denuncias por acoso en el PSOE, que Sumar vivi\u00f3 en primera persona con el caso Errej\u00f3n, al que hicieron dimitir antes de que hubiese una denuncia formal en su contra, y que provoc\u00f3 un da\u00f1o enorme en el espacio pol\u00edtico. <\/p>\n<p class=\"\">\u201cParece que las cosas no se han hecho bien. Y cuando no se hacen bien las cosas hay que dar explicaciones y tomar medidas\u201d, insisti\u00f3 la vicepresidenta antes de asegurar que es el propio presidente del Gobierno el que tiene que comparecer ante los medios de comunicaci\u00f3n para someterse a todas las preguntas de los periodistas. Pese a la firmeza de D\u00edaz, distintas fuentes de Sumar descartan de momento que se inclinen por salir del Gobierno. \u201cHay que estar dentro para seguir impulsando las pol\u00edticas p\u00fablicas que pueden salvar a la izquierda. Ser \u00fatiles por encima del ruido\u201d, reivindican en M\u00e1s Madrid. <\/p>\n<p class=\"\">La crisis del PSOE acapar\u00f3 este viernes la cita habitual de los partidos que forman parte de la coalici\u00f3n que coordina la titular de Trabajo en el Ejecutivo (Izquierda Unida, M\u00e1s Madrid, Comunes y Movimiento Sumar). Fuentes presentes en la reuni\u00f3n aseguran que se decidi\u00f3 pedir al PSOE un encuentro \u201cde m\u00e1xima urgencia y al m\u00e1s alto nivel\u201d con las formaciones del espacio para alcanzar compromisos \u201cprecisos\u201d en el Gobierno con medidas que \u201cavancen en materia social y de derechos\u201d.<\/p>\n","protected":false},"excerpt":{"rendered":"Una semana demoledora para el Gobierno, con dos crisis que se solapan, la de la corrupci\u00f3n y la&hellip;\n","protected":false},"author":2,"featured_media":285778,"comment_status":"","ping_status":"","sticky":false,"template":"","format":"standard","meta":{"footnotes":""},"categories":[8],"tags":[10239,17,18,4456,767,32278,25,24,13,14,582,11,19,20,9,10,15,16,2959,1699,23,4453,12,21,22,4454],"class_list":{"0":"post-285777","1":"post","2":"type-post","3":"status-publish","4":"format-standard","5":"has-post-thumbnail","7":"category-espana","8":"tag-acoso-sexual","9":"tag-breaking-news","10":"tag-breakingnews","11":"tag-congreso-diputados","12":"tag-corrupcion","13":"tag-crisis-gobierno","14":"tag-es","15":"tag-espana","16":"tag-featured-news","17":"tag-featurednews","18":"tag-gobierno","19":"tag-headlines","20":"tag-latest-news","21":"tag-latestnews","22":"tag-news","23":"tag-noticias","24":"tag-noticias-destacadas","25":"tag-noticiasdestacadas","26":"tag-pedro-sanchez","27":"tag-psoe","28":"tag-spain","29":"tag-sumar","30":"tag-titulares","31":"tag-ultimas-noticias","32":"tag-ultimasnoticias","33":"tag-yolanda-diaz"},"share_on_mastodon":{"url":"https:\/\/pubeurope.com\/@es\/115710614846928259","error":""},"_links":{"self":[{"href":"https:\/\/www.europesays.com\/es\/wp-json\/wp\/v2\/posts\/285777","targetHints":{"allow":["GET"]}}],"collection":[{"href":"https:\/\/www.europesays.com\/es\/wp-json\/wp\/v2\/posts"}],"about":[{"href":"https:\/\/www.europesays.com\/es\/wp-json\/wp\/v2\/types\/post"}],"author":[{"embeddable":true,"href":"https:\/\/www.europesays.com\/es\/wp-json\/wp\/v2\/users\/2"}],"replies":[{"embeddable":true,"href":"https:\/\/www.europesays.com\/es\/wp-json\/wp\/v2\/comments?post=285777"}],"version-history":[{"count":0,"href":"https:\/\/www.europesays.com\/es\/wp-json\/wp\/v2\/posts\/285777\/revisions"}],"wp:featuredmedia":[{"embeddable":true,"href":"https:\/\/www.europesays.com\/es\/wp-json\/wp\/v2\/media\/285778"}],"wp:attachment":[{"href":"https:\/\/www.europesays.com\/es\/wp-json\/wp\/v2\/media?parent=285777"}],"wp:term":[{"taxonomy":"category","embeddable":true,"href":"https:\/\/www.europesays.com\/es\/wp-json\/wp\/v2\/categories?post=285777"},{"taxonomy":"post_tag","embeddable":true,"href":"https:\/\/www.europesays.com\/es\/wp-json\/wp\/v2\/tags?post=285777"}],"curies":[{"name":"wp","href":"https:\/\/api.w.org\/{rel}","templated":true}]}}