{"id":285781,"date":"2025-12-13T05:35:14","date_gmt":"2025-12-13T05:35:14","guid":{"rendered":"https:\/\/www.europesays.com\/es\/285781\/"},"modified":"2025-12-13T05:35:14","modified_gmt":"2025-12-13T05:35:14","slug":"en-un-pueblo-de-mallorca-con-7-000-metros-cuadrados-de-terreno-y-salida-directa-al-mar","status":"publish","type":"post","link":"https:\/\/www.europesays.com\/es\/285781\/","title":{"rendered":"en un pueblo de Mallorca, con 7.000 metros cuadrados de terreno y salida directa al mar"},"content":{"rendered":"<p><a href=\"https:\/\/www.ultimahora.es\/etiqueta\/Rafael+Nadal.html?utm_source=Inline-tag&amp;utm_medium=internal\" rel=\"nofollow noopener\" target=\"_blank\">Rafael Nadal<\/a> disfruta de<strong> una espectacular mansi\u00f3n en Porto Cristo<\/strong>, Mallorca. La propiedad, situada en un privilegiado enclave con acceso directo al mar, se ha convertido en el refugio familiar del exitoso extenista tras su retirada. El deportista comparti\u00f3 en sus redes sociales algunas im\u00e1genes que muestran parte de las instalaciones, destacando su impresionante piscina de borde infinito con vistas panor\u00e1micas al Mediterr\u00e1neo. La finca del manacor\u00ed, <strong>adquirida en 2013 por 4 millones de euros<\/strong>, cuenta con una extensi\u00f3n total de 7.000 metros cuadrados y perteneci\u00f3 anteriormente a los herederos de una de las propietarias de las famosas Cuevas del Drach.<\/p>\n<p>Nadal opt\u00f3 por una completa remodelaci\u00f3n del espacio, demoliendo las edificaciones originales \u2014un chalet tradicional mallorqu\u00edn de piedra y varias construcciones auxiliares\u2014 para levantar desde cero <strong>una mansi\u00f3n completamente adaptada a sus necesidades<\/strong> y preferencias est\u00e9ticas. El proyecto, cuya culminaci\u00f3n se produjo a principios del verano de 2023, incorpora extensas zonas ajardinadas y un acceso privado al mar, caracter\u00edsticas que subrayan la exclusividad de la propiedad. Para materializar su visi\u00f3n, el exdeportista confi\u00f3 en el reconocido<strong> arquitecto Tomeu Esteva<\/strong>, quien dise\u00f1\u00f3 un complejo residencial compuesto por dos edificaciones principales interconectadas, ambas de dos alturas, complementadas con un s\u00f3tano.<\/p>\n<p>Desde estas privilegiadas terrazas, Nadal puede contemplar su lujoso yate Great White, amarrado a escasa distancia en el puerto. Las obras de construcci\u00f3n comenzaron poco despu\u00e9s de su enlace matrimonial, celebrado en octubre de 2019, y, tras experimentar algunos retrasos que generaron especulaciones, <strong>la residencia qued\u00f3 finalmente completada a mediados<\/strong> de 2023. La mansi\u00f3n de Rafa Nadal en Porto Cristo representa perfectamente el estilo de vida discreto pero confortable que caracteriza al extenista. Situada en una de las zonas m\u00e1s tranquilas y exclusivas de la isla, <strong>la propiedad ofrece la privacidad <\/strong>que busca la familia Nadal-Perell\u00f3.<\/p>\n<p>El dise\u00f1o arquitect\u00f3nico aprovecha al m\u00e1ximo la espectacular ubicaci\u00f3n costera, con amplios ventanales que permiten disfrutar de las vistas panor\u00e1micas al mar Mediterr\u00e1neo desde pr\u00e1cticamente cualquier estancia de la casa. Adem\u00e1s de la impresionante piscina infinita que ha mostrado en redes sociales, <strong>la propiedad dispone de espaciosos salones, dormitorios<\/strong> con vistas al mar y zonas de ocio. El jard\u00edn, cuidadosamente dise\u00f1ado para integrarse con el paisaje mediterr\u00e1neo, incluye especies aut\u00f3ctonas y espacios de recreo al aire libre, perfectos para disfrutar del privilegiado clima mallorqu\u00edn.<\/p>\n<p>La adquisici\u00f3n de esta propiedad por parte de Rafael Nadal no solo responde a motivos residenciales, sino que tambi\u00e9n representa una inteligente inversi\u00f3n inmobiliaria. Desde su compra en 2013 por 4 millones de euros, <strong>el valor de la finca se ha multiplicado<\/strong> considerablemente, especialmente tras la completa remodelaci\u00f3n y construcci\u00f3n de la nueva mansi\u00f3n. A pesar del elevado desembolso, <strong>la finca representa uno de los activos<\/strong> m\u00e1s valiosos dentro del patrimonio inmobiliario del extenista, que tambi\u00e9n incluye otras propiedades.<\/p>\n<p>Desde que anunci\u00f3 su retirada del tenis profesional, Rafa Nadal ha enfocado gran parte de su tiempo a disfrutar de su vida familiar. El extenista, que acumul\u00f3 22 t\u00edtulos de Grand Slam a lo largo de su carrera, ahora dedica m\u00e1s tiempo a <strong>sus hijos y a gestionar sus diversos<\/strong> proyectos empresariales, entre los que destacan su academia de tenis en Manacor, inversiones inmobiliarias y acuerdos comerciales con diversas marcas. Adem\u00e1s de las comodidades propias de la vivienda, la proximidad de la mansi\u00f3n a otros lugares significativos para el tenista, como su academia en Manacor o el club de tenis donde se form\u00f3, facilita que pueda mantener sus v\u00ednculos profesionales sin alejarse demasiado de su hogar.<\/p>\n","protected":false},"excerpt":{"rendered":"Rafael Nadal disfruta de una espectacular mansi\u00f3n en Porto Cristo, Mallorca. La propiedad, situada en un privilegiado enclave&hellip;\n","protected":false},"author":2,"featured_media":285782,"comment_status":"","ping_status":"","sticky":false,"template":"","format":"standard","meta":{"footnotes":""},"categories":[274],"tags":[5233,168,25,24,10403,12648,18093,3439,492,23,167,2922,327,326,1529,57082],"class_list":{"0":"post-285781","1":"post","2":"type-post","3":"status-publish","4":"format-standard","5":"has-post-thumbnail","7":"category-tenis","8":"tag-audiencias-um","9":"tag-deportes","10":"tag-es","11":"tag-espana","12":"tag-famosos-en-mallorca","13":"tag-ia-news","14":"tag-mery-perello","15":"tag-rafael-nadal","16":"tag-sociedad","17":"tag-spain","18":"tag-sports","19":"tag-tendencias","20":"tag-tenis","21":"tag-tennis","22":"tag-ultima-hora","23":"tag-xisca-perello"},"share_on_mastodon":{"url":"https:\/\/pubeurope.com\/@es\/115710638379577134","error":""},"_links":{"self":[{"href":"https:\/\/www.europesays.com\/es\/wp-json\/wp\/v2\/posts\/285781","targetHints":{"allow":["GET"]}}],"collection":[{"href":"https:\/\/www.europesays.com\/es\/wp-json\/wp\/v2\/posts"}],"about":[{"href":"https:\/\/www.europesays.com\/es\/wp-json\/wp\/v2\/types\/post"}],"author":[{"embeddable":true,"href":"https:\/\/www.europesays.com\/es\/wp-json\/wp\/v2\/users\/2"}],"replies":[{"embeddable":true,"href":"https:\/\/www.europesays.com\/es\/wp-json\/wp\/v2\/comments?post=285781"}],"version-history":[{"count":0,"href":"https:\/\/www.europesays.com\/es\/wp-json\/wp\/v2\/posts\/285781\/revisions"}],"wp:featuredmedia":[{"embeddable":true,"href":"https:\/\/www.europesays.com\/es\/wp-json\/wp\/v2\/media\/285782"}],"wp:attachment":[{"href":"https:\/\/www.europesays.com\/es\/wp-json\/wp\/v2\/media?parent=285781"}],"wp:term":[{"taxonomy":"category","embeddable":true,"href":"https:\/\/www.europesays.com\/es\/wp-json\/wp\/v2\/categories?post=285781"},{"taxonomy":"post_tag","embeddable":true,"href":"https:\/\/www.europesays.com\/es\/wp-json\/wp\/v2\/tags?post=285781"}],"curies":[{"name":"wp","href":"https:\/\/api.w.org\/{rel}","templated":true}]}}