{"id":285788,"date":"2025-12-13T05:45:28","date_gmt":"2025-12-13T05:45:28","guid":{"rendered":"https:\/\/www.europesays.com\/es\/285788\/"},"modified":"2025-12-13T05:45:28","modified_gmt":"2025-12-13T05:45:28","slug":"los-arquitectos-elegidos-por-moncloa-para-el-valle-de-los-caidos-disenaron-la-pasarela-chapuza-de-pamplona","status":"publish","type":"post","link":"https:\/\/www.europesays.com\/es\/285788\/","title":{"rendered":"Los arquitectos elegidos por Moncloa para el Valle de los Ca\u00eddos dise\u00f1aron la pasarela chapuza de Pamplona"},"content":{"rendered":"<p>Los arquitectos elegidos por el Gobierno de <a href=\"https:\/\/okdiario.com\/investigacion\/abuelo-materno-sanchez-deserto-del-ejercito-republica-paso-franco-fue-condecorado-15762854\" target=\"_blank\" rel=\"noopener noreferrer nofollow\">Pedro S\u00e1nchez<\/a> para el proceso de \u00abresignificaci\u00f3n\u00bb de <strong>Valle de los Ca\u00eddos<\/strong> son los mismos que dise\u00f1aron la pasarela chapuza de <a href=\"https:\/\/navarra.okdiario.com\/articulo\/pamplona\/asiron-exige-ahora-pago-indemnizaciones-pasarela-labrit-que-quiso-derribar\/20240219131221526055.html\" target=\"_blank\" rel=\"noopener noreferrer nofollow\">Pamplona<\/a> (Navarra), conocida como <strong>la pasarela del Labrit<\/strong>.<\/p>\n<p>Se trata de <strong>\u00d3scar P\u00e9rez Silanes<\/strong> y <strong>Jos\u00e9 Carlos Pereda Iglesias<\/strong>, que conforman la empresa Pereda P\u00e9rez Arquitectos. Esta firma, de la mano de Lignum SL, est\u00e1 detr\u00e1s del proyecto La base y la cruz, que result\u00f3 ganador el pasado 11 de noviembre del concurso organizado por el Ministerio de Vivienda y Agenda Urbana para construir el futuro <strong>\u00abMemorial de Cuelgamuros\u00bb<\/strong>.<\/p>\n<p>La implicaci\u00f3n de P\u00e9rez Silanes y Pereda Iglesias en el desastre de la pasarela del Labrit fue de tal nivel, que el Ayuntamiento de Pamplona entonces gobernado por <strong>Cristina Ibarrola<\/strong> (UPN) <a href=\"https:\/\/www.pamplona.es\/actualidad\/noticias\/el-ayuntamiento-de-pamplona-reclama-16-millones-de-euros-al-equipo-redactor-del\" target=\"_blank\" rel=\"noopener noreferrer nofollow\">comunic\u00f3 en octubre de 2023<\/a> que iba a exigir <strong>1.651.695,15 euros<\/strong> por los defectos en la pasarela de Labrit al equipo redactor del proyecto y a las empresas constructoras.<\/p>\n<p>El Gobierno de Ibarrola acord\u00f3 as\u00ed la finalizaci\u00f3n del procedimiento que determin\u00f3 la <strong>responsabilidad solidaria por los defectos<\/strong>, y posteriores arreglos, de la pasarela de Labrit, entre el fuerte de San Bartolom\u00e9 y el baluarte de Labrit.<\/p>\n<p>El Ayuntamiento cit\u00f3 expresamente al \u00abequipo formado por Boreas Nuevas Tecnolog\u00edas SL, \u00d3scar P\u00e9rez Silanes, Jos\u00e9 Carlos Pereda Iglesias e Ignacio Olite Lumbreras, licitadores que participaron <strong>conjuntamente en su doble condici\u00f3n de redactores del proyecto y directores facultativos<\/strong> de la obra, y a la UTE formada por las empresas Arian Construcci\u00f3n y Gesti\u00f3n de Infraestructuras SA (actualmente en concurso de acreedores) y TEUSA T\u00e9cnicas de Restauraci\u00f3n SA, como constructoras de la obra\u00bb.<\/p>\n<p>En rueda de prensa el <strong>16 de octubre de 2023<\/strong>, el entonces concejal de las \u00e1reas de Educaci\u00f3n, Igualdad y Diversidad Cultural y Relaciones Ciudadanas, Participaci\u00f3n y Mayores del Gobierno de Ibarrola,<strong> Carlos Salvador<\/strong> (UPN), declaro que se hab\u00eda \u00abidentificado qui\u00e9nes <strong>son, a juicio del Ayuntamiento, los responsables de los da\u00f1os\u00bb<\/strong> de la pasarela de Labrit, da\u00f1os que fueron cifrados en 1,6 millones, y que, seg\u00fan dijo, se reclamar\u00eda \u00aba ellos o a las compa\u00f1\u00edas de seguros\u00bb. Adem\u00e1s, el Ejecutivo local inform\u00f3 de que hab\u00eda sido desestimadas las alegaciones presentadas por las partes.<\/p>\n<p>En febrero de 2024, el Ayuntamiento -ya con Joseba Asiron (Bildu) al frente tras la moci\u00f3n de censura- cifr\u00f3 en <strong>691.129,92 euros<\/strong> (el 42%) lo que deb\u00edan abonar a partes iguales, a trav\u00e9s del seguro, los \u00abresponsables del proyecto y direcci\u00f3n de obra, \u00d3scar P\u00e9rez Silanes, Jos\u00e9 Carlos Pereda Iglesias e Ignacio Olite Lumbreras\u00bb. El PSOE exigi\u00f3 \u00abrecuperar \u00edntegramente todo el dinero destinado a la reparaci\u00f3n de la pasarela del Labrit\u00bb.<\/p>\n<p>La pasarela fue inaugurada en diciembre de 2010, con un dise\u00f1o, en forma de Y, de 73 metros de largo y de 3,5 metros de ancho. Los primeros problemas de <strong>oxidaci\u00f3n y deterioro de algunas placas de acero<\/strong> se detectaron en 2016. Tras varios cierres puntuales para realizar trabajos de mantenimiento, la pasarela se cerr\u00f3 de modo provisional al tr\u00e1nsito peatonal el 5 de julio de 2016 y definitivamente en el mes de septiembre de ese mismo a\u00f1o, permaneciendo cerrada m\u00e1s de seis a\u00f1os, inform\u00f3 el Ayuntamiento.<\/p>\n<p><a href=\"https:\/\/www.europesays.com\/es\/wp-content\/uploads\/2025\/12\/maqueta-valle-caidos-1.jpg\"><img loading=\"lazy\" decoding=\"async\" class=\"wp-image-15742980 size-full\" alt=\"Valle de los Ca\u00eddos\" width=\"1800\" height=\"1013\"  src=\"https:\/\/www.europesays.com\/es\/wp-content\/uploads\/2025\/12\/maqueta-valle-caidos-1.jpg\" \/><\/a> Maqueta del proyecto ganador para \u00abresignificar\u00bb el Valle de los Ca\u00eddos. (Foto: EFE)<\/p>\n<p>El pasado 11 de noviembre, \u00d3scar P\u00e9rez Silanes y Jos\u00e9 Carlos Pereda Iglesias, que fundaron en 2005 el estudio Pereda P\u00e9rez Arquitectos, fueron los elegidos por el Gobierno socialista de Pedro S\u00e1nchez, a trav\u00e9s de un jurado internacional, por su dise\u00f1o para una \u00abredefinici\u00f3n de la percepci\u00f3n y el uso del Valle de Cuelgamuros, un espacio hasta ahora congelado en el tiempo\u00bb, sostiene el Ejecutivo.<\/p>\n<p>El proyecto ganador La base y la cruz, de Pereda P\u00e9rez Arquitectos y Lignum SL, <strong>se impuso a otras 33 candidaturas<\/strong>. El importe total destinado a este proceso de \u00abresignificaci\u00f3n\u00bb ronda los <strong>31 millones de euros<\/strong>: 26 para costear los trabajos de construcci\u00f3n, 4 para pagar los honorarios del proyecto ganador y 605.000 euros en premios para las diez candidaturas finalistas. La propuesta vencedora tambi\u00e9n recibi\u00f3\u00a0<strong>un premio adicional de 60.500 euros<\/strong> a \u00abdetraer de los honorarios finales\u00bb.<\/p>\n<p>\u00abLugar de encuentro\u00bb<\/p>\n<p>En palabras del secretario general de Agenda Urbana, Vivienda y Arquitectura, y presidente del jurado, <a href=\"https:\/\/okdiario.com\/investigacion\/mejor-amigo-sanchez-alto-cargo-dio-contrato-672-000-empresario-preferido-abalos-14464737\" target=\"_blank\" rel=\"noopener noreferrer nofollow\">I\u00f1aqui Carnicero<\/a>, el amigo \u00edntimo de Pedro S\u00e1nchez, la propuesta ganadora \u00abdestaca por proponer una nueva visi\u00f3n del conjunto monumental, creando un lugar de encuentro y di\u00e1logo, a trav\u00e9s de un nuevo umbral que <strong>rompe con el eje vertical construido durante la dictadura<\/strong> para hacerlo horizontal y democr\u00e1tico, redefiniendo sus l\u00edmites y dando mayor prioridad a la naturaleza que a la arquitectura\u00bb.<\/p>\n<p>En realidad, como inform\u00f3 OKDIARIO, el proyecto vencedor mantiene la gran Cruz del Valle de los Ca\u00eddos pero <strong>restar\u00e1 trascendencia a todo el conjunto escult\u00f3rico<\/strong> principal del que forma parte, incluida La Piedad de Juan de \u00c1valos. La intenci\u00f3n del Ejecutivo es construir un centro de interpretaci\u00f3n bajo la actual superficie.<\/p>\n","protected":false},"excerpt":{"rendered":"Los arquitectos elegidos por el Gobierno de Pedro S\u00e1nchez para el proceso de \u00abresignificaci\u00f3n\u00bb de Valle de los&hellip;\n","protected":false},"author":2,"featured_media":285789,"comment_status":"","ping_status":"","sticky":false,"template":"","format":"standard","meta":{"footnotes":""},"categories":[173],"tags":[229,233,231,230,232,234,146,147,25,24,23],"class_list":{"0":"post-285788","1":"post","2":"type-post","3":"status-publish","4":"format-standard","5":"has-post-thumbnail","7":"category-arte-y-diseno","8":"tag-arte","9":"tag-arte-y-diseno","10":"tag-arts","11":"tag-arts-and-design","12":"tag-design","13":"tag-diseno","14":"tag-entertainment","15":"tag-entretenimiento","16":"tag-es","17":"tag-espana","18":"tag-spain"},"share_on_mastodon":{"url":"https:\/\/pubeurope.com\/@es\/115710679444755328","error":""},"_links":{"self":[{"href":"https:\/\/www.europesays.com\/es\/wp-json\/wp\/v2\/posts\/285788","targetHints":{"allow":["GET"]}}],"collection":[{"href":"https:\/\/www.europesays.com\/es\/wp-json\/wp\/v2\/posts"}],"about":[{"href":"https:\/\/www.europesays.com\/es\/wp-json\/wp\/v2\/types\/post"}],"author":[{"embeddable":true,"href":"https:\/\/www.europesays.com\/es\/wp-json\/wp\/v2\/users\/2"}],"replies":[{"embeddable":true,"href":"https:\/\/www.europesays.com\/es\/wp-json\/wp\/v2\/comments?post=285788"}],"version-history":[{"count":0,"href":"https:\/\/www.europesays.com\/es\/wp-json\/wp\/v2\/posts\/285788\/revisions"}],"wp:featuredmedia":[{"embeddable":true,"href":"https:\/\/www.europesays.com\/es\/wp-json\/wp\/v2\/media\/285789"}],"wp:attachment":[{"href":"https:\/\/www.europesays.com\/es\/wp-json\/wp\/v2\/media?parent=285788"}],"wp:term":[{"taxonomy":"category","embeddable":true,"href":"https:\/\/www.europesays.com\/es\/wp-json\/wp\/v2\/categories?post=285788"},{"taxonomy":"post_tag","embeddable":true,"href":"https:\/\/www.europesays.com\/es\/wp-json\/wp\/v2\/tags?post=285788"}],"curies":[{"name":"wp","href":"https:\/\/api.w.org\/{rel}","templated":true}]}}