{"id":285792,"date":"2025-12-13T05:53:42","date_gmt":"2025-12-13T05:53:42","guid":{"rendered":"https:\/\/www.europesays.com\/es\/285792\/"},"modified":"2025-12-13T05:53:42","modified_gmt":"2025-12-13T05:53:42","slug":"ahi-es-donde-voy-a-morir-feliz-glenn-close-de-78-anos-revela-donde-espera-pasar-sus-ultimos-dias","status":"publish","type":"post","link":"https:\/\/www.europesays.com\/es\/285792\/","title":{"rendered":"\u00abAh\u00ed es donde voy a morir, feliz\u00bb: Glenn Close, de 78 a\u00f1os, revela d\u00f3nde espera pasar sus \u00faltimos d\u00edas"},"content":{"rendered":"<p class=\"mb-4 text-lg md:leading-8 break-words\">La ic\u00f3nica actriz estadounidense <a data-i13n=\"cpos:1;pos:1\" href=\"https:\/\/www.ibtimes.co.uk\/glenn-close-looks-totally-unrecognisable-hunger-games-sunrise-reaping-trailer-1756837\" rel=\"nofollow noopener\" target=\"_blank\" data-ylk=\"slk:Glenn Close;cpos:1;pos:1;elm:context_link;itc:0;sec:content-canvas\" class=\"link \">Glenn Close<\/a>, protagonista de la m\u00e1s reciente entrega de la saga cinematogr\u00e1fica Knives Out, revel\u00f3 que ya tiene planes para la etapa final de su vida, para los que est\u00e1 construyendo una peque\u00f1a caba\u00f1a en su <a data-i13n=\"cpos:2;pos:1\" href=\"https:\/\/www.ibtimes.co.uk\/fx-announcement-far-cry-franchise-expands-rob-mac-hawley-1757735\" rel=\"nofollow noopener\" target=\"_blank\" data-ylk=\"slk:propiedad de Montana;cpos:2;pos:1;elm:context_link;itc:0;sec:content-canvas\" class=\"link \">propiedad de Montana<\/a> donde espera pasar sus \u00faltimos d\u00edas. La actriz de 78 a\u00f1os describi\u00f3 el proyecto como un esfuerzo deliberado por crear un espacio arraigado en sus <a data-i13n=\"cpos:3;pos:1\" href=\"https:\/\/www.ibtimes.co.uk\/jeff-garcias-final-days-exposed-jimmy-neutron-comedians-mysterious-decline-real-cause-death-1762107\" rel=\"nofollow noopener\" target=\"_blank\" data-ylk=\"slk:recuerdos m\u00e1s felices de la infancia;cpos:3;pos:1;elm:context_link;itc:0;sec:content-canvas\" class=\"link \">recuerdos m\u00e1s felices de la infancia<\/a>.<\/p>\n<p class=\"mb-4 text-lg md:leading-8 break-words\">En una entrevista reciente, Close explic\u00f3 que la casa refleja un regreso a <a data-i13n=\"cpos:4;pos:1\" href=\"https:\/\/www.ibtimes.co.uk\/supermarket-giant-asda-moves-beyond-checkout-counters-everywhen-business-insurance-launch-1749073\" rel=\"nofollow noopener\" target=\"_blank\" data-ylk=\"slk:la sencillez y la familiaridad;cpos:4;pos:1;elm:context_link;itc:0;sec:content-canvas\" class=\"link \">la sencillez y la familiaridad<\/a>, un contraste con el glamour que a menudo se asocia con su carrera <a data-i13n=\"cpos:5;pos:1\" href=\"https:\/\/www.ibtimes.co.uk\/topics\/hollywood\" rel=\"nofollow noopener\" target=\"_blank\" data-ylk=\"slk:en Hollywood;cpos:5;pos:1;elm:context_link;itc:0;sec:content-canvas\" class=\"link \">en Hollywood<\/a>. Sus fans han respondido con entusiasmo a sus reflexiones, destacando el atractivo de ver a una estrella con una larga trayectoria centrada en la comodidad, la familia y <a data-i13n=\"cpos:6;pos:1\" href=\"https:\/\/www.ibtimes.co.uk\/jelly-roll-confesses-he-couldnt-even-get-aroused-when-he-was-so-big-too-afraid-use-1762234\" rel=\"nofollow noopener\" target=\"_blank\" data-ylk=\"slk:el bienestar personal;cpos:6;pos:1;elm:context_link;itc:0;sec:content-canvas\" class=\"link \">el bienestar personal<\/a> en lugar de los elogios.<\/p>\n<p class=\"mb-4 text-lg md:leading-8 break-words\">Close tambi\u00e9n enfatiz\u00f3 que, aunque planifica el futuro, se <a data-i13n=\"cpos:7;pos:1\" href=\"https:\/\/www.ibtimes.co.uk\/glenn-close-looks-totally-unrecognisable-hunger-games-sunrise-reaping-trailer-1756837\" rel=\"nofollow noopener\" target=\"_blank\" data-ylk=\"slk:mantiene activa profesionalmente;cpos:7;pos:1;elm:context_link;itc:0;sec:content-canvas\" class=\"link \">mantiene activa profesionalmente<\/a> y disfruta de su trabajo. La casa rural forma parte de un enfoque m\u00e1s amplio para equilibrar sus prioridades profesionales y personales, brind\u00e1ndole un sentido de prop\u00f3sito y alegr\u00eda para sus a\u00f1os de vida.<\/p>\n<p>Construyendo una caba\u00f1a para sus \u00faltimos a\u00f1os<\/p>\n<p class=\"mb-4 text-lg md:leading-8 break-words\">En <a data-i13n=\"cpos:8;pos:1\" href=\"https:\/\/podcasts.apple.com\/us\/podcast\/julia-gets-wise-with-glenn-close\/id1678559416?i=1000740602377\" rel=\"nofollow noopener\" target=\"_blank\" data-ylk=\"slk:el podcast de Julia Louis-Dreyfus,;cpos:8;pos:1;elm:context_link;itc:0;sec:content-canvas\" class=\"link \">el podcast de Julia Louis-Dreyfus,<\/a> Wiser Than Me, Close coment\u00f3 que est\u00e1 construyendo una r\u00e9plica de la caba\u00f1a de piedra de sus abuelos detr\u00e1s de su casa en Bozeman, Montana. El edificio original, record\u00f3, era una peque\u00f1a casa de piedra enclavada entre campos y bosques, con una <a data-i13n=\"cpos:9;pos:1\" href=\"https:\/\/www.ibtimes.co.uk\/youve-been-lied-about-buying-property-multimillionaire-why-he-rents-refuses-buy-real-estate-1724310\" rel=\"nofollow noopener\" target=\"_blank\" data-ylk=\"slk:cerca blanca;cpos:9;pos:1;elm:context_link;itc:0;sec:content-canvas\" class=\"link \">cerca blanca<\/a> y hiedra en las paredes. Estos recuerdos de la infancia son fundamentales para su visi\u00f3n.<\/p>\n<p class=\"mb-4 text-lg md:leading-8 break-words\">La nueva casa de campo se est\u00e1 dise\u00f1ando con dos dormitorios, uno para Close y otro para un futuro cuidador. Close se refiri\u00f3 al proyecto como \u00abvivir la vida al rev\u00e9s\u00bb, explicando que crear un hogar para el <a data-i13n=\"cpos:10;pos:1\" href=\"https:\/\/www.ibtimes.co.uk\/diddy-scandal-janices-loyalty-backfires-fueling-guilty-verdict-public-over-murder-silence-1762305\" rel=\"nofollow noopener\" target=\"_blank\" data-ylk=\"slk:final de la vida;cpos:10;pos:1;elm:context_link;itc:0;sec:content-canvas\" class=\"link \">final de la vida<\/a> le da un prop\u00f3sito. Dijo que simplemente pensar en la casa de campo \u00abme hace muy feliz\u00bb. Las renovaciones de su residencia principal contin\u00faan junto con el proyecto, incluyendo un porche con vista a una terraza, integrando a\u00fan m\u00e1s sus espacios habitables con el paisaje de Montana que tanto aprecia.<\/p>\n<p>Familia, ra\u00edces y trabajo continuo<\/p>\n<p class=\"mb-4 text-lg md:leading-8 break-words\">Close se mud\u00f3 a Bozeman en 2019 para estar m\u00e1s cerca de su hija y otros familiares. El extenso paisaje de Montana se ha convertido en un elemento central de su visi\u00f3n de futuro, y tambi\u00e9n ha creado una <a data-i13n=\"cpos:11;pos:1\" href=\"https:\/\/www.ibtimes.co.uk\/sabrina-carpenter-dating-history-full-timeline-fans-spot-really-handsome-mystery-man-1761872\" rel=\"nofollow noopener\" target=\"_blank\" data-ylk=\"slk:casa de campo de inspiraci\u00f3n zen;cpos:11;pos:1;elm:context_link;itc:0;sec:content-canvas\" class=\"link \">casa de campo de inspiraci\u00f3n zen<\/a> en la propiedad, un lugar de tranquilidad para familiares y visitantes.<\/p>\n<p class=\"mb-4 text-lg md:leading-8 break-words\">Aunque se prepara para un futuro m\u00e1s estable, Close se mantiene activa profesionalmente. Recientemente termin\u00f3 su trabajo en <a data-i13n=\"cpos:12;pos:1\" href=\"https:\/\/www.ibtimes.co.uk\/white-house-blames-governor-jb-pritzkers-no-cash-bail-after-bethany-magee-was-set-fire-chicago-1758784\" rel=\"nofollow noopener\" target=\"_blank\" data-ylk=\"slk:Wake Up Dead Man;cpos:12;pos:1;elm:context_link;itc:0;sec:content-canvas\" class=\"link \">Wake Up Dead Man<\/a> , la siguiente entrega de la serie <a data-i13n=\"cpos:13;pos:1\" href=\"https:\/\/www.ibtimes.co.uk\/tom-cruise-ana-de-armas-split-ghosted-star-reportedly-honoured-shock-support-nicole-kidman-1761302\" rel=\"nofollow noopener\" target=\"_blank\" data-ylk=\"slk:Knives Out;cpos:13;pos:1;elm:context_link;itc:0;sec:content-canvas\" class=\"link \">Knives Out<\/a> , y sigue involucrada en proyectos televisivos. Sus comentarios sobre la caba\u00f1a no se enmarcaron como un retiro de la actuaci\u00f3n, sino como parte de un enfoque equilibrado de la vida que abarca tanto su carrera como su bienestar personal.<\/p>\n<p>Una visi\u00f3n tranquila para el futuro<\/p>\n<p class=\"mb-4 text-lg md:leading-8 break-words\">Durante la entrevista, Close reflexion\u00f3 sobre el envejecimiento, se\u00f1alando que a menudo se siente mucho m\u00e1s joven que su <a data-i13n=\"cpos:14;pos:1\" href=\"https:\/\/www.ibtimes.co.uk\/white-house-whispers-grow-visibly-aging-trump-nods-off-cuts-his-schedule-1758515\" rel=\"nofollow noopener\" target=\"_blank\" data-ylk=\"slk:edad cronol\u00f3gica;cpos:14;pos:1;elm:context_link;itc:0;sec:content-canvas\" class=\"link \">edad cronol\u00f3gica<\/a> y se resiste a las expectativas convencionales sobre la edad adulta. Su decisi\u00f3n de hablar p\u00fablicamente de sus planes ofrece una perspectiva poco com\u00fan sobre las consideraciones privadas de una artista con d\u00e9cadas de experiencia.<\/p>\n<p class=\"mb-4 text-lg md:leading-8 break-words\">La visi\u00f3n de Close para sus \u00faltimos a\u00f1os es un retrato sencillo pero conmovedor de sus prioridades: comodidad, familia, conexi\u00f3n y tranquilidad. En lugar de centrarse en los elogios o el legado, dise\u00f1a un espacio que celebra la alegr\u00eda, la familiaridad y las personas y lugares que marcaron su vida, asegur\u00e1ndose de que viva el \u00faltimo cap\u00edtulo a su manera.<\/p>\n<p><a data-ylk=\"ct:story;elm:img;itc:0;\" class=\"stretched-box\" href=\"https:\/\/trib.al\/yG4LVEm\" rel=\"noopener noreferrer nofollow\" target=\"_blank\"><img alt=\"S\u00edguenos en nuestro canal de WhatsApp\" loading=\"lazy\" width=\"728\" height=\"90\" decoding=\"async\" data-nimg=\"1\" class=\"rounded-lg\" style=\"color:transparent\" src=\"https:\/\/www.europesays.com\/es\/wp-content\/uploads\/2025\/08\/1756428142_323_3d6447f0-3275-11f0-8ffa-1f5d930b0349.jpeg\"\/><\/a><\/p>\n<p>S\u00edguenos en nuestro canal de WhatsApp<\/p>\n","protected":false},"excerpt":{"rendered":"La ic\u00f3nica actriz estadounidense Glenn Close, protagonista de la m\u00e1s reciente entrega de la saga cinematogr\u00e1fica Knives Out,&hellip;\n","protected":false},"author":2,"featured_media":285793,"comment_status":"","ping_status":"","sticky":false,"template":"","format":"standard","meta":{"footnotes":""},"categories":[169],"tags":[68894,51736,68892,177,146,147,25,24,176,55680,68893,5329,175,23],"class_list":{"0":"post-285792","1":"post","2":"type-post","3":"status-publish","4":"format-standard","5":"has-post-thumbnail","7":"category-cine","8":"tag-bozeman","9":"tag-casa-de-campo","10":"tag-casa-de-piedra","11":"tag-cine","12":"tag-entertainment","13":"tag-entretenimiento","14":"tag-es","15":"tag-espana","16":"tag-film","17":"tag-glenn-close","18":"tag-la-cabana","19":"tag-montana","20":"tag-movies","21":"tag-spain"},"share_on_mastodon":{"url":"https:\/\/pubeurope.com\/@es\/115710710226518048","error":""},"_links":{"self":[{"href":"https:\/\/www.europesays.com\/es\/wp-json\/wp\/v2\/posts\/285792","targetHints":{"allow":["GET"]}}],"collection":[{"href":"https:\/\/www.europesays.com\/es\/wp-json\/wp\/v2\/posts"}],"about":[{"href":"https:\/\/www.europesays.com\/es\/wp-json\/wp\/v2\/types\/post"}],"author":[{"embeddable":true,"href":"https:\/\/www.europesays.com\/es\/wp-json\/wp\/v2\/users\/2"}],"replies":[{"embeddable":true,"href":"https:\/\/www.europesays.com\/es\/wp-json\/wp\/v2\/comments?post=285792"}],"version-history":[{"count":0,"href":"https:\/\/www.europesays.com\/es\/wp-json\/wp\/v2\/posts\/285792\/revisions"}],"wp:featuredmedia":[{"embeddable":true,"href":"https:\/\/www.europesays.com\/es\/wp-json\/wp\/v2\/media\/285793"}],"wp:attachment":[{"href":"https:\/\/www.europesays.com\/es\/wp-json\/wp\/v2\/media?parent=285792"}],"wp:term":[{"taxonomy":"category","embeddable":true,"href":"https:\/\/www.europesays.com\/es\/wp-json\/wp\/v2\/categories?post=285792"},{"taxonomy":"post_tag","embeddable":true,"href":"https:\/\/www.europesays.com\/es\/wp-json\/wp\/v2\/tags?post=285792"}],"curies":[{"name":"wp","href":"https:\/\/api.w.org\/{rel}","templated":true}]}}