{"id":285816,"date":"2025-12-13T06:16:15","date_gmt":"2025-12-13T06:16:15","guid":{"rendered":"https:\/\/www.europesays.com\/es\/285816\/"},"modified":"2025-12-13T06:16:15","modified_gmt":"2025-12-13T06:16:15","slug":"diego-amaral-y-linea-de-agua-aguas-bajas-el-testimonio-de-las-rocas-silenciosas-meninas-frente-al-espejo","status":"publish","type":"post","link":"https:\/\/www.europesays.com\/es\/285816\/","title":{"rendered":"Diego Amaral y \u201cL\u00ednea de agua (aguas bajas)\u201d: el testimonio de las rocas silenciosas (Meninas frente al espejo)"},"content":{"rendered":"<p><img alt=\"Fragmento de la muestra \u201cL\u00ednea de agua (aguas bajas)\u201d de Diego Amaral.\" class=\"ImageArticle-Image\" src=\"https:\/\/www.europesays.com\/es\/wp-content\/uploads\/2025\/12\/HN2Y3PFSENDGDJYK6I6UOVAGNQ.JPG\" width=\"9504\" height=\"6336\" loading=\"eager\" decoding=\"async\" fetchpriority=\"high\"\/><\/p>\n<p>Fragmento de la muestra \u201cL\u00ednea de agua (aguas bajas)\u201d de Diego Amaral.<\/p>\n<p>Foto: Diego Amaral Ceballos<\/p>\n<p class=\"font--secondary\">Diego Amaral, fot\u00f3grafo, dise\u00f1ador gr\u00e1fico y editor de libros y revistas. Con una formaci\u00f3n en Historia del Arte y Literatura Comparada en la Universidad de Brown (EE. UU.), ha sabido entrelazar el rigor humanista con la vanguardia t\u00e9cnica, convirti\u00e9ndose en uno de los pioneros en introducir las tecnolog\u00edas digitales en el campo editorial colombiano. Su experticia ha sido fundamental en la identidad visual de publicaciones culturales clave como El Malpensante, Gaceta y Credencial, as\u00ed como en numerosos libros dedicados al arte, la&#8230;<\/p>\n","protected":false},"excerpt":{"rendered":"Fragmento de la muestra \u201cL\u00ednea de agua (aguas bajas)\u201d de Diego Amaral. Foto: Diego Amaral Ceballos Diego Amaral,&hellip;\n","protected":false},"author":2,"featured_media":285817,"comment_status":"","ping_status":"","sticky":false,"template":"","format":"standard","meta":{"footnotes":""},"categories":[173],"tags":[229,233,231,230,232,234,146,147,25,24,4687,23],"class_list":{"0":"post-285816","1":"post","2":"type-post","3":"status-publish","4":"format-standard","5":"has-post-thumbnail","7":"category-arte-y-diseno","8":"tag-arte","9":"tag-arte-y-diseno","10":"tag-arts","11":"tag-arts-and-design","12":"tag-design","13":"tag-diseno","14":"tag-entertainment","15":"tag-entretenimiento","16":"tag-es","17":"tag-espana","18":"tag-noticias-hoy","19":"tag-spain"},"share_on_mastodon":{"url":"https:\/\/pubeurope.com\/@es\/115710799606724370","error":""},"_links":{"self":[{"href":"https:\/\/www.europesays.com\/es\/wp-json\/wp\/v2\/posts\/285816","targetHints":{"allow":["GET"]}}],"collection":[{"href":"https:\/\/www.europesays.com\/es\/wp-json\/wp\/v2\/posts"}],"about":[{"href":"https:\/\/www.europesays.com\/es\/wp-json\/wp\/v2\/types\/post"}],"author":[{"embeddable":true,"href":"https:\/\/www.europesays.com\/es\/wp-json\/wp\/v2\/users\/2"}],"replies":[{"embeddable":true,"href":"https:\/\/www.europesays.com\/es\/wp-json\/wp\/v2\/comments?post=285816"}],"version-history":[{"count":0,"href":"https:\/\/www.europesays.com\/es\/wp-json\/wp\/v2\/posts\/285816\/revisions"}],"wp:featuredmedia":[{"embeddable":true,"href":"https:\/\/www.europesays.com\/es\/wp-json\/wp\/v2\/media\/285817"}],"wp:attachment":[{"href":"https:\/\/www.europesays.com\/es\/wp-json\/wp\/v2\/media?parent=285816"}],"wp:term":[{"taxonomy":"category","embeddable":true,"href":"https:\/\/www.europesays.com\/es\/wp-json\/wp\/v2\/categories?post=285816"},{"taxonomy":"post_tag","embeddable":true,"href":"https:\/\/www.europesays.com\/es\/wp-json\/wp\/v2\/tags?post=285816"}],"curies":[{"name":"wp","href":"https:\/\/api.w.org\/{rel}","templated":true}]}}