{"id":285842,"date":"2025-12-13T06:39:09","date_gmt":"2025-12-13T06:39:09","guid":{"rendered":"https:\/\/www.europesays.com\/es\/285842\/"},"modified":"2025-12-13T06:39:09","modified_gmt":"2025-12-13T06:39:09","slug":"es-un-honor-y-un-reto-pintar-a-una-persona-tan-querida","status":"publish","type":"post","link":"https:\/\/www.europesays.com\/es\/285842\/","title":{"rendered":"Es un honor y un reto pintar a una persona tan querida"},"content":{"rendered":"\n<p> El retrato de do\u00f1a Sof\u00eda que preside hoy uno de los pasillos del Hospital Reina Sof\u00eda de Murcia no pasa inadvertido: con una presencia serena y profunda, la figura de la reina em\u00e9rita parece escapar del lienzo para observar al espectador con una mirada que combina dignidad, calidez y humanidad. La obra, firmada por el pintor murciano <strong>Paco Fern\u00e1ndez Ruiz<\/strong>, de 32 a\u00f1os y residente en Ceheg\u00edn, est\u00e1 acaparando la atenci\u00f3n de todos. <\/p>\n<p> En Vanitatis hemos hablado con \u00e9l para conocer c\u00f3mo fue el proceso de creaci\u00f3n del retrato, <strong>qu\u00e9 le inspir\u00f3 a elegire sta imagen de la reina Sof\u00eda y<\/strong> qu\u00e9 emociones le despert\u00f3 inmortalizar a una figura tan emblem\u00e1tica de la historia reciente de Espa\u00f1a. Tambi\u00e9n nos ha contado c\u00f3mo ha sido la acogida de la obra en el hospital y qu\u00e9 supone para \u00e9l que su pintura est\u00e9 ya expuesta de manera permanente. <\/p>\n<p> <strong>Pregunta: \u00bfQu\u00e9 te motiv\u00f3 a pintar un retrato de la Reina Sof\u00eda? \u00bfFue un encargo o una decisi\u00f3n personal?<\/strong> <\/p>\n<p> <strong>Respuesta:<\/strong> Se trata de un encargo que me realiz\u00f3 el Hospital Reina Sof\u00eda. Me llamaron en febrero, me hicieron la oferta y yo encantad\u00edsimo. No pude rechazarla. Cualquier pintor que se dedique al retrato considera un honor pintar a alguien de la realeza y m\u00e1s de su pa\u00eds. Para m\u00ed ha sido lo mejor, como este caso para la Reina Sof\u00eda, que fue la reina durante mi infancia y mi adolescencia. Ha sido un placer y una realizaci\u00f3n a nivel de retratista. Sin duda, ten\u00eda una base motivacional muy potente para llevar a cabo el retrato. <\/p>\n<p> <strong>P: \u00bfC\u00f3mo elegiste la imagen o el momento que quer\u00edas plasmar en el cuadro?<\/strong> <\/p>\n<p> <strong>R: <\/strong>Cuando pinto a alguien me gusta idealizar, me gusta representar en el lienzo la idea, la imagen que hay en mi memoria de esa persona. Durante mi infancia y mi adolescencia reinaba Sof\u00eda y yo quer\u00eda plasmar esa imagen, c\u00f3mo la recuerdo, con qu\u00e9 edad. Como era imposible poder hacerlo yo con fotograf\u00edas propias, tuve que recurrir a una imagen de internet de su rostro solamente, no quer\u00eda coger la imagen de otro y copiarla. Busqu\u00e9 una fotograf\u00eda que se viera como la tengo guardada en mi memoria, e hice modificaciones de luz y sombras para que no fuera igual. <\/p>\n<p> Hice un camino de bastante trabajo digital para generar el cuerpo y el fondo. Para el cuerpo tuve la suerte de que una persona se ofreciera a posar, y de ah\u00ed pude tener la referencia para pintar las manos y el tejido del traje, aunque luego con Photoshop lo fui modificando porque quer\u00eda que se pareciera lo m\u00e1ximo posible a una de las indumentarias que ha utilizado la reina en varias ocasiones, por lo que entend\u00ed que era un traje con el que se sent\u00eda c\u00f3moda. Fui cambiando las texturas, los colores, hasta que se pareci\u00f3 lo m\u00e1ximo posible. <\/p>\n<blockquote class=\"instagram-media\" data-instgrm-captioned=\"\" data-instgrm-permalink=\"https:\/\/www.instagram.com\/p\/DRj87mtjSf5\/?utm_source=ig_embed&amp;utm_campaign=loading\" data-instgrm-version=\"14\" style=\" background:#FFF; border:0; border-radius:3px; box-shadow:0 0 1px 0 rgba(0,0,0,0.5),0 1px 10px 0 rgba(0,0,0,0.15); margin: 1px; max-width:540px; min-width:326px; padding:0; width:99.375%; width:-webkit-calc(100% - 2px); width:calc(100% - 2px);\"\/>\n<p> <strong>P: \u00bfQu\u00e9 aspectos de su car\u00e1cter o personalidad quer\u00edas reflejar?<\/strong> <\/p>\n<p> <strong>R: <\/strong>Quise representar en ella una serie de atributos: templanza,<strong> mirada serena pero afectiva, amable y cercana<\/strong>. Quise que la pose fuera muy elegante y estilizada. La mirada es muy importante porque comunica. Quer\u00eda representar una mirada con solera, con sabidur\u00eda de fondo, esos ojos azules. En parte subrayando sus ra\u00edces griegas, un poco esa mirada de Atenea, la diosa de la sabidur\u00eda. Quise reflejar todo eso en su rostro, en su mirada y en la pose. Tambi\u00e9n quer\u00eda que dentro de la rigidez de un retrato institucional hubiera cierto dinamismo, aunque fuera a trav\u00e9s de los colores, que no fueran los t\u00edpicos grises, sino tonos c\u00e1lidos que contrastaran con el azul aguamarina del traje y la indumentaria. <\/p>\n<p> <strong>P: \u00bfQu\u00e9 significa para ti que la obra est\u00e9 en el Hospital Reina Sof\u00eda de Murcia? \u00bfCu\u00e1ndo se inaugur\u00f3?<\/strong> <\/p>\n<p> <strong>R: <\/strong>Para m\u00ed es un honor que me contactaran y quisieran que hiciera la pintura, porque este tipo de encargos llenan el coraz\u00f3n y motivan mucho para esta carrera. Que est\u00e9 en el hospital y que represente a su patrona, a la reina, y que vaya a estar all\u00ed indefinidamente, por supuesto que es todo un honor. El cuadro se present\u00f3 el 27 de noviembre, coincidiendo con la celebraci\u00f3n de la Milagrosa. <\/p>\n<p> <strong>P: \u00bfCu\u00e1nto tiempo te llev\u00f3 terminar el retrato?<\/strong> <\/p>\n<p> <b>R: <\/b>El cuadro me llev\u00f3 bastante tiempo. Para concretar la imagen, me llev\u00f3 por lo menos un mes, analizando diferentes combinaciones de conjuntos, poses y fotograf\u00edas. Hice varios bocetos con combinaciones distintas de colores en el fondo y en la indumentaria. Lo m\u00e1s dif\u00edcil fue llegar a una combinaci\u00f3n de colores, vestidos, etc., que me convenciera.<strong> Pintarla fue complicado porque no part\u00eda de una imagen hecha por m\u00ed, <\/strong>as\u00ed que tuve que comprobar muchas cosas. Las fotos que utilic\u00e9 ten\u00edan muy mala calidad. De hecho, llegu\u00e9 a tener casi terminada una r\u00e9plica, pero decid\u00ed volver a empezar porque la cantidad de pintura sobre el lienzo hac\u00eda que no quedara elegante. <\/p>\n<p> <strong>P: \u00bfHay alg\u00fan detalle del cuadro que para ti sea especialmente importante o emotivo? <\/strong> <\/p>\n<p> <strong>R: <\/strong>En general, el cuadro no tiene un detalle m\u00e1s significativo que otro. Lo m\u00e1s importante es generar la obra completa. Ver que pude crear un retrato sin tener a la persona delante, a partir de muchos retos, y con la presi\u00f3n de retratar a una persona tan querida y representativa. Cuando vi im\u00e1genes de la Reina en los Premios Princesa de Asturias pens\u00e9: \u00abMadre, estoy pintando a esta persona\u00bb. Fue un momento de respeto y cierta sensaci\u00f3n de v\u00e9rtigo. Lo realmente significativo fue poder terminarlo y ver la buena acogida que ha tenido. <\/p>\n<p> <strong>P: \u00bfC\u00f3mo ha sido la reacci\u00f3n de pacientes, visitantes y trabajadores del hospital al ver el cuadro?<\/strong> <\/p>\n<p> <strong>R: <\/strong>Ha tenido muy buena acogida por todo el mundo. Paisanos que han pasado por el hospital me mandan fotos junto al retrato y, en general, tiene muy buena recepci\u00f3n, tambi\u00e9n en redes sociales. <\/p>\n<p>               Paco Fern\u00e1ndez Ruiz durante la presentaci\u00f3n del cuadro. (Cortes\u00eda)             <\/p>\n<p> <strong>P. \u00bfHas hecho otros retratos de figuras p\u00fablicas o de la realeza?<\/strong> <\/p>\n<p> <strong>R: <\/strong>S\u00ed, he pintado retratos de figuras p\u00fablicas, no todas de gran repercusi\u00f3n, pero he hecho a varios decanos de la Facultad de Qu\u00edmica de la Universidad de Murcia y al presidente del Colegio de Graduadas de la Regi\u00f3n de Murcia. Tambi\u00e9n pint\u00e9 a una influencer para su programa. De la realeza, no, este es el primer retrato y espero que vengan muchos m\u00e1s. <\/p>\n<p> <strong>P: \u00bfSabes si la reina Sof\u00eda lo ha visto?<\/strong> <\/p>\n<p> <strong>R: <\/strong>No s\u00e9 si lo ha llegado a ver. S\u00ed que se ha compartido en p\u00e1ginas con muchos seguidores de la Casa Real, pero no s\u00e9 si ella lo ha visto. Para m\u00ed ser\u00eda un honor que lo hiciera. Por cuestiones de protocolo no pudo estar presente en el hospital, pero ser\u00eda incre\u00edble recibir alguna respuesta de ella. <\/p>\n<p> El retrato de do\u00f1a Sof\u00eda que preside hoy uno de los pasillos del Hospital Reina Sof\u00eda de Murcia no pasa inadvertido: con una presencia serena y profunda, la figura de la reina em\u00e9rita parece escapar del lienzo para observar al espectador con una mirada que combina dignidad, calidez y humanidad. La obra, firmada por el pintor murciano <strong>Paco Fern\u00e1ndez Ruiz<\/strong>, de 32 a\u00f1os y residente en Ceheg\u00edn, est\u00e1 acaparando la atenci\u00f3n de todos. <\/p>\n<p>              <script async src=\"\/\/www.instagram.com\/embed.js\"><\/script><\/p>\n","protected":false},"excerpt":{"rendered":"El retrato de do\u00f1a Sof\u00eda que preside hoy uno de los pasillos del Hospital Reina Sof\u00eda de Murcia&hellip;\n","protected":false},"author":2,"featured_media":285843,"comment_status":"","ping_status":"","sticky":false,"template":"","format":"standard","meta":{"footnotes":""},"categories":[173],"tags":[229,233,231,230,232,234,146,147,25,24,23],"class_list":{"0":"post-285842","1":"post","2":"type-post","3":"status-publish","4":"format-standard","5":"has-post-thumbnail","7":"category-arte-y-diseno","8":"tag-arte","9":"tag-arte-y-diseno","10":"tag-arts","11":"tag-arts-and-design","12":"tag-design","13":"tag-diseno","14":"tag-entertainment","15":"tag-entretenimiento","16":"tag-es","17":"tag-espana","18":"tag-spain"},"share_on_mastodon":{"url":"https:\/\/pubeurope.com\/@es\/115710890061067113","error":""},"_links":{"self":[{"href":"https:\/\/www.europesays.com\/es\/wp-json\/wp\/v2\/posts\/285842","targetHints":{"allow":["GET"]}}],"collection":[{"href":"https:\/\/www.europesays.com\/es\/wp-json\/wp\/v2\/posts"}],"about":[{"href":"https:\/\/www.europesays.com\/es\/wp-json\/wp\/v2\/types\/post"}],"author":[{"embeddable":true,"href":"https:\/\/www.europesays.com\/es\/wp-json\/wp\/v2\/users\/2"}],"replies":[{"embeddable":true,"href":"https:\/\/www.europesays.com\/es\/wp-json\/wp\/v2\/comments?post=285842"}],"version-history":[{"count":0,"href":"https:\/\/www.europesays.com\/es\/wp-json\/wp\/v2\/posts\/285842\/revisions"}],"wp:featuredmedia":[{"embeddable":true,"href":"https:\/\/www.europesays.com\/es\/wp-json\/wp\/v2\/media\/285843"}],"wp:attachment":[{"href":"https:\/\/www.europesays.com\/es\/wp-json\/wp\/v2\/media?parent=285842"}],"wp:term":[{"taxonomy":"category","embeddable":true,"href":"https:\/\/www.europesays.com\/es\/wp-json\/wp\/v2\/categories?post=285842"},{"taxonomy":"post_tag","embeddable":true,"href":"https:\/\/www.europesays.com\/es\/wp-json\/wp\/v2\/tags?post=285842"}],"curies":[{"name":"wp","href":"https:\/\/api.w.org\/{rel}","templated":true}]}}