{"id":285850,"date":"2025-12-13T06:45:13","date_gmt":"2025-12-13T06:45:13","guid":{"rendered":"https:\/\/www.europesays.com\/es\/285850\/"},"modified":"2025-12-13T06:45:13","modified_gmt":"2025-12-13T06:45:13","slug":"terapia-focal-y-cirugia-robotica-asi-es-la-vanguardia-en-el-tratamiento-del-cancer-de-prostata-la-voz-de-galicia","status":"publish","type":"post","link":"https:\/\/www.europesays.com\/es\/285850\/","title":{"rendered":"Terapia focal y cirug\u00eda rob\u00f3tica: as\u00ed es la vanguardia en el tratamiento del c\u00e1ncer de pr\u00f3stata &#8211; La Voz de Galicia"},"content":{"rendered":"<ol>\n<li><a href=\"https:\/\/news.google.com\/rss\/articles\/CBMihAJBVV95cUxOcUppa3JfUlFmWlFVakoxYTltekxnQk1vdkM0a2tBSXBESWwtRDZnTmNodVlmSDRGTXdvUlk2OTJvdjJuM21PaXVUbkFOdVV1ekhIOHpmdGN1d0wydGp1ZXM2ajkzQ2xjWHVTR2pWRlZxZEMweWR0czEyd0FzdlJJbnd4dUtpNTFFZFpPYnowWEdkYlFLZGpERnNEcGVKOEYtZ1NoY19xTExERWJhZTFxMk5KUEZyYTkycnVGUXB2UG4tTXFfTkR3Wkhzcnd3ZjdGdXpkZFpQNVZsV0g1OEFNQUhYRGFjbnUyRkRHbWpVX29fVE5PMVhnaEVVMGpyRjRMaTd6N9IBigJBVV95cUxPZm42UkpxU2pQcC1tYk5jZnlPbkFQS0g2UFhCazlvVkVtaW9JZ0Fvb2xQN3AyRG5vbThObERGaGdnNGhqYmEzdXBhQVRTM3VacFhJWEtUZnRlNXhNZFB6c1Y5VTBZWG80Rlk1LUhYT0NLLWpLSEMycFpCUnJfRUhBemZidXBveGFuVW01R25oZ09IMXBmbTVCbE9kZFE1UXcwd0ZlRzYtWS1OTVF3SWpReVBXMDl1SUNuVFcxTWVTMzg0Uko1bFNYeHhBM2IwTkZXZnNid2lMVU91dmR3Njl1QXpreUE0aEUtbklWdG1RUE8yT2hiMTJ2VUF4UnlDel83SXItMXFoZnM2Zw?oc=5\" target=\"_blank\" rel=\"nofollow noopener\">Terapia focal y cirug\u00eda rob\u00f3tica: as\u00ed es la vanguardia en el tratamiento del c\u00e1ncer de pr\u00f3stata<\/a>&nbsp;&nbsp;La Voz de Galicia<\/li>\n<li><a href=\"https:\/\/news.google.com\/rss\/articles\/CBMiwAFBVV95cUxQS3AzdVZWbXNSWTRtZDBrSHJtM2JlZ29DekJXQW9heTVUS1hrOXVlQzRqRHcwR1hLSnI5V19laHBNZTZIa290RnR0TmlpR2RNMnIwbVFwSWlNSncxemliTktEc1ZLU1lLYVY2ZHR1S2JQZ0FSRDZYZHg0cnNvSHRwTWtsdXA5bFk0WWRXTlhfOUdldzVJQkFLbkUwX0JqOUVzUVlHSk5HMVlKcEp2UnIwUFVVVWpXcHZZNDZGMGtNLWI?oc=5\" target=\"_blank\" rel=\"nofollow noopener\">\u00a1Nuevas Tecnolog\u00edas y Avances contra el c\u00e1ncer de pr\u00f3stata!<\/a>&nbsp;&nbsp;Expo Med Hub<\/li>\n<li><a href=\"https:\/\/news.google.com\/rss\/articles\/CBMipAJBVV95cUxPd0dJLXNMd0I4WlJaY3RNUlMwNVg0R2xEMXhRbjVvc1JkN0tXR3Q5NGY3QjJqLTFqNTBJVGFzOVNDQlV4d0I2S2VaM29acE9QUW82ckNtTjdfVTh5dlVpOWpRMkszd25PZlpTXzBGQmRyVTFuU082QXJJbWpyVTMxMFduUXJWRTcwTVRsUUpaZzdKRnZQLXVrVFpIWU8xejBrSllWbERxb0paTXpIVkFLSmEwSTZZSnAtN2NqTUxKQndha3NocnBMNzZqeUJvUUZxV3VpMFFrYzEwaVZ0TjFTREt0WmZ4MW03bW9OR3BLUFlrblZrTzNMSXlMREgtTU0tajJndWpmdXpiSWg0LU1FNEs2VDlSNDZKckpsZzVzUmtsbHJE?oc=5\" target=\"_blank\" rel=\"nofollow noopener\">La Fundaci\u00f3n Jim\u00e9nez D\u00edaz impulsa una jornada clave para abordar el c\u00e1ncer de pr\u00f3stata desde la innovaci\u00f3n diagn\u00f3stica, la cirug\u00eda de precisi\u00f3n y el apoyo emocional<\/a>&nbsp;&nbsp;Sevilla Buenas Noticias<\/li>\n<li><a href=\"https:\/\/news.google.com\/rss\/articles\/CBMitgJBVV95cUxPdWxFYWtyVVl2NV9naGtja2lBNjgtY0NzRGkzRDhKV3JhbHYxN3BzbjdMaUtvSW14dlE4QThad1RLNUVydV9vdDNLQVZsSV9UUDdEcjU0cHJJYnp1dmtxS2lESTFrZVdVdUJycW1uLXhFcWIyYmI1RXB6TGx0UElvY1dWWVZFZ1NjOUc2S2MyOHNlLURGYkhwZXpCcGZreFlZb3Nkemc0V2FwVGlENDVQeDZnb1JlSXhfZmpfdFphajBEOVJwek51cTdEd2dMZHozdXp6NThJRV9ITEpQOE9waEhSSUpreXh2RGNtQ29XWW1SQWtBbmViMEVqQWIydW41NUs0bFJtMnh0ZUc4UjlMUV9Zc0lIUW5qVDdLM2o2V2JPQlZTczFVbEpGMU9meWxCNGpOZXhR0gG7AkFVX3lxTE1YSkRzTGdNeUVsdFpZQ3dGZ3UwY3NBemJtZE4ybHd6Y04xSlZJM1ViZzBSUzYwSlFqTElic2tKbXFaa1hlMWVxQktlOWpKXzMwT004SHZHSWtPekJIazU0dG5KOWZCLUZzZUVCWXZSWWhTN0xpZkdJNUduX2RtaWRVTE5wLVp5dEVvY1NlV1Z4ZG9nd1hOOEJSSEwzWnNBSHpSWVA1T3pIV090bEd2T295UnUyS2VZSjNPNkdSMzFOMFNoa1FFSGUyMzJiWGc3QzdVQ0dtWEFHX2ZPby0zSXhwR3piNnN0UGV6cW9FMzVpVm5LVWg2bVdZSWF5b0RtRUVfWWpJSjJ1QmEyMDkzWVpXaG95TGdMS0NlZWFzZUdUOUJBLUlTRFhZUUU3dUt5Mmcza3JWXzFqX01vWQ?oc=5\" target=\"_blank\" rel=\"nofollow noopener\">Enrique G\u00f3mez, m\u00e9dico especialista en urolog\u00eda: \u00abEl c\u00e1ncer de pr\u00f3stata no tiene una sintomatolog\u00eda espec\u00edfica, por eso es tan importante establecer cribados\u00bb<\/a>&nbsp;&nbsp;COPE<\/li>\n<li><a href=\"https:\/\/news.google.com\/rss\/articles\/CBMivwFBVV95cUxNM1Nid2lqbHhnVnJfZXdFczYyVV96eW94SW02YjhWaWV5aHk3QjlvWnVyYy0taVhKc3JRWnZERkF0MHpJMGlVbFJKeWxlTXFzRmI4MVNXT1Y3SVBoY2FNOUNBOWEwOU5nZGZma1BaWjJKTHoybDlpSmFMT2FWanBVck94dU9KREF6eU5hTml0UlIxM1R4bDBjc3p2RWpzcklBX29EU0xUWl9KQ1VXMjNMZWc4bGVQNTk0eEJ4S08xc9IBugFBVV95cUxPTEtBV2l5T0RCQXUxbFU2bHVETXFvVHpfWDZfV0xZbFhiUk5hU1RQTGE5a2ZZSW9mQ3d4T0Z1MDBTSTkyM3VpLTY1VXpodmNQdWxBZEhsOFhMd0tacXNUQmltZktIQlFLUGRoQmpKR2wwakxIY3ZCUE9MTGF2elh6ei1YSkFuQ0g2YTRSQmIwaXB6TTJheHlZUnNwUHdlV08xTkRTNjZwWXBkUW93MGV0QUpKVGxVLWZOM2c?oc=5\" target=\"_blank\" rel=\"nofollow noopener\">Ur\u00f3logos insisten en la importancia de la comunicaci\u00f3n e innovaci\u00f3n para tratar el c\u00e1ncer de pr\u00f3stata<\/a>&nbsp;&nbsp;IM M\u00e9dico<\/li>\n<\/ol>\n","protected":false},"excerpt":{"rendered":"Terapia focal y cirug\u00eda rob\u00f3tica: as\u00ed es la vanguardia en el tratamiento del c\u00e1ncer de pr\u00f3stata&nbsp;&nbsp;La Voz de&hellip;\n","protected":false},"author":2,"featured_media":285851,"comment_status":"","ping_status":"","sticky":false,"template":"","format":"standard","meta":{"footnotes":""},"categories":[92],"tags":[1066,3298,25,24,165,166,23],"class_list":{"0":"post-285850","1":"post","2":"type-post","3":"status-publish","4":"format-standard","5":"has-post-thumbnail","7":"category-salud","8":"tag-cancer","9":"tag-cancer-de-prostata","10":"tag-es","11":"tag-espana","12":"tag-health","13":"tag-salud","14":"tag-spain"},"share_on_mastodon":{"url":"https:\/\/pubeurope.com\/@es\/115710913629365351","error":""},"_links":{"self":[{"href":"https:\/\/www.europesays.com\/es\/wp-json\/wp\/v2\/posts\/285850","targetHints":{"allow":["GET"]}}],"collection":[{"href":"https:\/\/www.europesays.com\/es\/wp-json\/wp\/v2\/posts"}],"about":[{"href":"https:\/\/www.europesays.com\/es\/wp-json\/wp\/v2\/types\/post"}],"author":[{"embeddable":true,"href":"https:\/\/www.europesays.com\/es\/wp-json\/wp\/v2\/users\/2"}],"replies":[{"embeddable":true,"href":"https:\/\/www.europesays.com\/es\/wp-json\/wp\/v2\/comments?post=285850"}],"version-history":[{"count":0,"href":"https:\/\/www.europesays.com\/es\/wp-json\/wp\/v2\/posts\/285850\/revisions"}],"wp:featuredmedia":[{"embeddable":true,"href":"https:\/\/www.europesays.com\/es\/wp-json\/wp\/v2\/media\/285851"}],"wp:attachment":[{"href":"https:\/\/www.europesays.com\/es\/wp-json\/wp\/v2\/media?parent=285850"}],"wp:term":[{"taxonomy":"category","embeddable":true,"href":"https:\/\/www.europesays.com\/es\/wp-json\/wp\/v2\/categories?post=285850"},{"taxonomy":"post_tag","embeddable":true,"href":"https:\/\/www.europesays.com\/es\/wp-json\/wp\/v2\/tags?post=285850"}],"curies":[{"name":"wp","href":"https:\/\/api.w.org\/{rel}","templated":true}]}}