{"id":285861,"date":"2025-12-13T06:58:08","date_gmt":"2025-12-13T06:58:08","guid":{"rendered":"https:\/\/www.europesays.com\/es\/285861\/"},"modified":"2025-12-13T06:58:08","modified_gmt":"2025-12-13T06:58:08","slug":"la-organizacion-del-impulsor-del-boicot-a-la-vuelta-recibio-275-millones-en-subvenciones","status":"publish","type":"post","link":"https:\/\/www.europesays.com\/es\/285861\/","title":{"rendered":"La organizaci\u00f3n del impulsor del boicot a La Vuelta recibi\u00f3 27,5 millones en subvenciones"},"content":{"rendered":"<p>La <a href=\"https:\/\/theobjective.com\/etiqueta\/fundacion\/\" rel=\"nofollow noopener\" target=\"_blank\">Fundaci\u00f3n Mundubat<\/a>, donde participa de forma activa Ibon Me\u00f1ika, exrecaudador de <a href=\"https:\/\/theobjective.com\/etiqueta\/eta\/\" rel=\"nofollow noopener\" target=\"_blank\">ETA<\/a> y se\u00f1alado por haber impulsado los <a href=\"https:\/\/theobjective.com\/deportes\/2025-12-11\/movistar-team-proyecto-2026-mirada-futuro\/\" rel=\"nofollow noopener\" target=\"_blank\">boicots<\/a> contra la <a href=\"https:\/\/theobjective.com\/etiqueta\/la-vuelta-ciclista\/\" rel=\"nofollow noopener\" target=\"_blank\">Vuelta Ciclista a Espa\u00f1a<\/a>, se ha convertido en los \u00faltimos a\u00f1os en una de las principales receptoras de fondos p\u00fablicos de cooperaci\u00f3n y acci\u00f3n humanitaria en Espa\u00f1a. Su nombre se repite en los registros oficiales de subvenciones de la administraci\u00f3n central, de varios gobiernos auton\u00f3micos y grandes ayuntamientos. <strong>Llegando a sumar la cuant\u00eda de 27,5 millones de euros, seg\u00fan un informe de transparencia del Sistema Nacional de Publicidad de Subvenciones y Ayudas P\u00fablica<\/strong> al que ha tenido acceso <a href=\"https:\/\/theobjective.com\" rel=\"nofollow noopener\" target=\"_blank\">THE OBJECTIVE<\/a>.<\/p>\n<p>El Estado, principal sost\u00e9n econ\u00f3mico<\/p>\n<p><strong>El mayor volumen de dinero procede del Estado, a trav\u00e9s de la Agencia Espa\u00f1ola de Cooperaci\u00f3n Internacional para el Desarrollo (Aecid)<\/strong>, que firma con esta organizaci\u00f3n los convenios m\u00e1s cuantiosos. Dentro de los registros constan acuerdos plurianuales de <strong>tres millones y 2.250.000 de euros<\/strong>, adem\u00e1s de proyectos espec\u00edficos de <strong>600.000, 485.000 y 640.806 euros<\/strong> destinados a cooperaci\u00f3n al desarrollo y educaci\u00f3n para el desarrollo.<\/p>\n<p>En el \u00e1mbito de la acci\u00f3n humanitaria, el organismo estatal tambi\u00e9n concede partidas extraordinarias. <strong>En los \u00faltimos ejercicios aparecen ayudas de 782.179 y 893.879 euros para intervenciones de emergencia, siempre bajo la f\u00f3rmula de subvenci\u00f3n dineraria sin contraprestaci\u00f3n<\/strong>, lo que consolida a la administraci\u00f3n central como el gran pilar financiero de la entidad secundada por el antiguo recaudador de ETA. <\/p>\n<p>Las autonom\u00edas que m\u00e1s aportan<\/p>\n<p><strong>La Generalitat Valenciana figura como la administraci\u00f3n auton\u00f3mica que m\u00e1s dinero canaliza hacia la organizaci\u00f3n<\/strong>. En las convocatorias recientes se financian proyectos con 845.221 y 898.733 euros, en 2024. Tambi\u00e9n 884.381 y 438.103 euros en 2025, adem\u00e1s de otras ayudas de entre 350.000 y 550.000 euros para alianzas estrat\u00e9gicas con pa\u00edses empobrecidos y educaci\u00f3n para la ciudadan\u00eda global. <\/p>\n<p>Por otro lado, Navarra y Cantabria tambi\u00e9n mantienen una relaci\u00f3n econ\u00f3mica intensa con la fundaci\u00f3n. <strong>El Gobierno navarro otorga una subvenci\u00f3n de 563.972 euros en 2023<\/strong> para intervenciones sociales y econ\u00f3micas en pa\u00edses en desarrollo, <strong>junto a partidas de 110.000, 40.000, 30.000 y 24.999 euros<\/strong> para proyectos educativos y de sensibilizaci\u00f3n. <strong>Cantabria, por su parte, multiplica las ayudas en varias l\u00edneas, con cantidades que van de 24.333 a casi 110.000 euros<\/strong> para cooperaci\u00f3n al desarrollo humano y sostenible, empoderamiento de mujeres, educaci\u00f3n para el desarrollo y acci\u00f3n humanitaria. <\/p>\n<p>Diputaciones y grandes ciudades<\/p>\n<p><strong>La Diputaci\u00f3n Foral de Vizcaya<\/strong> es otro de los grandes financiadores de la organizaci\u00f3n ligada al recaudador de ETA. <strong>Sus programas recientes recogen una ayuda de 900.000 euros<\/strong> para cooperaci\u00f3n al desarrollo y educaci\u00f3n para la transformaci\u00f3n social, <strong>adem\u00e1s de subvenciones de 80.000, 79.999, 40.000 y 25.000 euros<\/strong> en ejercicios anteriores.<\/p>\n<p>En el nivel municipal destacan<strong> Vitoria-Gasteiz y Bilbao<\/strong>. La capital alavesa financia proyectos de cooperaci\u00f3n con importes superiores a <strong>110.000-120.000 euros por iniciativa<\/strong>. <strong>Adem\u00e1s de ayudas de 20.411 euros<\/strong> para sensibilizaci\u00f3n. <strong>Bilbao concede subvenciones de 70.000 y algo m\u00e1s de 60.000 euros <\/strong>para cooperaci\u00f3n internacional, <strong>adem\u00e1s de 26.340 euros<\/strong> en acci\u00f3n humanitaria, mientras que ciudades como <strong>Barcelona y Zaragoza aprueban cuant\u00edas de entre 25.000 y m\u00e1s de 50.000 euros<\/strong> en programas de justicia global solidaridad internacional. <\/p>\n<p>Red de peque\u00f1as ayudas y emergencias <\/p>\n<p>Juntos a las grandes cifras, el mapa de financiaci\u00f3n se completa con una tupida red de ayudas medianas y peque\u00f1as que refuerzan la implantaci\u00f3n territorial de la organizaci\u00f3n. Municipios como <strong>Pamplona, Hernani, Basauri, Errenteria, Burlada, Zaldibar, Ir\u00fan o Larrabetzu aportan partidas que van desde los 2.000 hasta los 40.000 euros<\/strong> para acciones de sensibilizaci\u00f3n, educaci\u00f3n para la transformaci\u00f3n social, igualdad o <strong>emergencias humanitarias concretas, como las intervenciones en Gaza<\/strong>. <\/p>\n<p>El resultado es una estructura de ingresos p\u00fablicos diversificada, donde conviven grandes convenios millonarios del Estado y de la Generalitat Valenciana con convocatorias auton\u00f3micas de cientos de miles de euros y una extensa base de apoyos locales. En conjunto, esa red sit\u00faa a la fundaci\u00f3n Mundubat, como un actor con fuerte presencia en los presupuestos de cooperaci\u00f3n, derechos humanos y acci\u00f3n humanitaria de varias administraciones espa\u00f1olas.<\/p>\n","protected":false},"excerpt":{"rendered":"La Fundaci\u00f3n Mundubat, donde participa de forma activa Ibon Me\u00f1ika, exrecaudador de ETA y se\u00f1alado por haber impulsado&hellip;\n","protected":false},"author":2,"featured_media":285862,"comment_status":"","ping_status":"","sticky":false,"template":"","format":"standard","meta":{"footnotes":""},"categories":[273],"tags":[249,313,312,168,25,24,68898,2152,7789,763,23,167,5072],"class_list":{"0":"post-285861","1":"post","2":"type-post","3":"status-publish","4":"format-standard","5":"has-post-thumbnail","7":"category-ciclismo","8":"tag-ayudas","9":"tag-ciclismo","10":"tag-cycling","11":"tag-deportes","12":"tag-es","13":"tag-espana","14":"tag-estado-espau00f1ol","15":"tag-eta","16":"tag-la-vuelta","17":"tag-ministerio-de-hacienda","18":"tag-spain","19":"tag-sports","20":"tag-transparencia"},"share_on_mastodon":{"url":"https:\/\/pubeurope.com\/@es\/115710964708890586","error":""},"_links":{"self":[{"href":"https:\/\/www.europesays.com\/es\/wp-json\/wp\/v2\/posts\/285861","targetHints":{"allow":["GET"]}}],"collection":[{"href":"https:\/\/www.europesays.com\/es\/wp-json\/wp\/v2\/posts"}],"about":[{"href":"https:\/\/www.europesays.com\/es\/wp-json\/wp\/v2\/types\/post"}],"author":[{"embeddable":true,"href":"https:\/\/www.europesays.com\/es\/wp-json\/wp\/v2\/users\/2"}],"replies":[{"embeddable":true,"href":"https:\/\/www.europesays.com\/es\/wp-json\/wp\/v2\/comments?post=285861"}],"version-history":[{"count":0,"href":"https:\/\/www.europesays.com\/es\/wp-json\/wp\/v2\/posts\/285861\/revisions"}],"wp:featuredmedia":[{"embeddable":true,"href":"https:\/\/www.europesays.com\/es\/wp-json\/wp\/v2\/media\/285862"}],"wp:attachment":[{"href":"https:\/\/www.europesays.com\/es\/wp-json\/wp\/v2\/media?parent=285861"}],"wp:term":[{"taxonomy":"category","embeddable":true,"href":"https:\/\/www.europesays.com\/es\/wp-json\/wp\/v2\/categories?post=285861"},{"taxonomy":"post_tag","embeddable":true,"href":"https:\/\/www.europesays.com\/es\/wp-json\/wp\/v2\/tags?post=285861"}],"curies":[{"name":"wp","href":"https:\/\/api.w.org\/{rel}","templated":true}]}}