{"id":285867,"date":"2025-12-13T07:02:07","date_gmt":"2025-12-13T07:02:07","guid":{"rendered":"https:\/\/www.europesays.com\/es\/285867\/"},"modified":"2025-12-13T07:02:07","modified_gmt":"2025-12-13T07:02:07","slug":"pedro-sanchez-no-se-merece-ver-un-show-mio","status":"publish","type":"post","link":"https:\/\/www.europesays.com\/es\/285867\/","title":{"rendered":"Pedro Sanchez no se merece ver un show m\u00edo"},"content":{"rendered":"<p class=\"c-paragraph\">En mitad de la promoci\u00f3n de su nuevo espect\u00e1culo, Ibiza Paradise, <b>Nacho Cano<\/b> se ha pronunciado para dar su opini\u00f3n sobre el Gobierno, contra el que <b>ha cargado duramente y sin filtros<\/b> en una entrevista para El tiempo justo.\u00a0<\/p>\n<p class=\"c-paragraph\">Sobre la situaci\u00f3n pol\u00edtica actual, el artista ha asegurado sentir cierta \u00abalegr\u00eda\u00bb porque <b>considera que \u00abhay gente valiente<\/b> que es capaz de, en situaciones extremas donde ya el pa\u00eds se va a ir a la mierda del todo, decir <b>&#8216;vamos a poner las cosas en su sitio\u00bb,<\/b> en referencia a figuras como la judicatura o la Guardia Civil.\u00a0<\/p>\n<p class=\"c-paragraph\"><b>\u00abQue esta banda de delincuentes pague por lo que ha hecho<\/b>, que ha hecho ya mucho da\u00f1o\u00bb, ha asegurado el artista, haciendo hincapi\u00e9 en que \u00abtienen que pagar por ello\u00bb y dedicando unas palabras al presidente del Gobierno:<b> \u00abPedro Sanchez no se merece ver un show mio\u00bb.<\/b><\/p>\n<p class=\"c-paragraph\">Nacho Cano tambi\u00e9n ha mencionado a <b>Isabel D\u00edaz Ayuso<\/b>. \u00abSi se dedicara solamente a trabajar y no a defenderse de estos sinverg\u00fcenzas todo el d\u00eda, <b>todos nos beneficiar\u00edamos mucho\u00bb,<\/b> ha comentado el artista. \u00abElla tiene el voto de la gente, no est\u00e1 como Pedro Sanchez por trucos, por comprar las elecciones, <b>por comprar a todo el mundo\u00bb<\/b>, ha continuado, tachando al presidente de ser <b>\u00abun trampero y un mentiroso\u00bb.<\/b><\/p>\n<p class=\"c-paragraph\">El ex miembro de Mecano ha aclarado que su opini\u00f3n se corresponde con \u00ablo que la mayor\u00eda de la gente piensa\u00bb. \u00abVoy por la calle y me para gente que, <b>sea de izquierdas o derechas, piensa como yo\u00bb<\/b>, ha a\u00f1adido.<\/p>\n<p class=\"c-paragraph\">Nacho Cano ha vuelto a tachar al equipo de gobierno de \u00abjetas\u00bb y \u00abdelincuentes\u00bb. \u00abA base de unos sistemas de miedo <b>han hecho que todo el mundo estemos dando pasos para atr\u00e1s<\/b>, un pa\u00eds como Espa\u00f1a\u00bb, ha expresado para el programa de Telecinco.\u00a0<\/p>\n","protected":false},"excerpt":{"rendered":"En mitad de la promoci\u00f3n de su nuevo espect\u00e1culo, Ibiza Paradise, Nacho Cano se ha pronunciado para dar&hellip;\n","protected":false},"author":2,"featured_media":285868,"comment_status":"","ping_status":"","sticky":false,"template":"","format":"standard","meta":{"footnotes":""},"categories":[174],"tags":[15377,6514,255,19913,36155,146,147,25,24,256,3300,23],"class_list":{"0":"post-285867","1":"post","2":"type-post","3":"status-publish","4":"format-standard","5":"has-post-thumbnail","7":"category-famosos","8":"tag-cano","9":"tag-carga","10":"tag-celebrities","11":"tag-contra","12":"tag-duramente","13":"tag-entertainment","14":"tag-entretenimiento","15":"tag-es","16":"tag-espana","17":"tag-famosos","18":"tag-nacho","19":"tag-spain"},"share_on_mastodon":{"url":"https:\/\/pubeurope.com\/@es\/115710980627433005","error":""},"_links":{"self":[{"href":"https:\/\/www.europesays.com\/es\/wp-json\/wp\/v2\/posts\/285867","targetHints":{"allow":["GET"]}}],"collection":[{"href":"https:\/\/www.europesays.com\/es\/wp-json\/wp\/v2\/posts"}],"about":[{"href":"https:\/\/www.europesays.com\/es\/wp-json\/wp\/v2\/types\/post"}],"author":[{"embeddable":true,"href":"https:\/\/www.europesays.com\/es\/wp-json\/wp\/v2\/users\/2"}],"replies":[{"embeddable":true,"href":"https:\/\/www.europesays.com\/es\/wp-json\/wp\/v2\/comments?post=285867"}],"version-history":[{"count":0,"href":"https:\/\/www.europesays.com\/es\/wp-json\/wp\/v2\/posts\/285867\/revisions"}],"wp:featuredmedia":[{"embeddable":true,"href":"https:\/\/www.europesays.com\/es\/wp-json\/wp\/v2\/media\/285868"}],"wp:attachment":[{"href":"https:\/\/www.europesays.com\/es\/wp-json\/wp\/v2\/media?parent=285867"}],"wp:term":[{"taxonomy":"category","embeddable":true,"href":"https:\/\/www.europesays.com\/es\/wp-json\/wp\/v2\/categories?post=285867"},{"taxonomy":"post_tag","embeddable":true,"href":"https:\/\/www.europesays.com\/es\/wp-json\/wp\/v2\/tags?post=285867"}],"curies":[{"name":"wp","href":"https:\/\/api.w.org\/{rel}","templated":true}]}}