{"id":285875,"date":"2025-12-13T07:08:33","date_gmt":"2025-12-13T07:08:33","guid":{"rendered":"https:\/\/www.europesays.com\/es\/285875\/"},"modified":"2025-12-13T07:08:33","modified_gmt":"2025-12-13T07:08:33","slug":"requisitos-y-plan-de-movilidad-para-el-barca-osasuna","status":"publish","type":"post","link":"https:\/\/www.europesays.com\/es\/285875\/","title":{"rendered":"Requisitos y plan de movilidad para el Bar\u00e7a \u2013 Osasuna"},"content":{"rendered":"<p>En el partido de la 16\u00aa jornada de LaLiga que el primer equipo masculino del FC Barcelona disputar\u00e1 en el Spotify Camp Nou contra Osasuna, este s\u00e1bado 13 de diciembre, el Club sigue apostando por una movilidad y una accesibilidad eficientes y sostenibles para sus socios y socias.<\/p>\n<p>El dispositivo ha sido dise\u00f1ado para facilitar una entrada y salida fluida de las personas asistentes.<\/p>\n<p><strong>Consideraciones importantes<\/strong><\/p>\n<ul>\n<li>Los socios y socias que tienen el Pase de Temporada 2025\/26 recibir\u00e1n la entrada en la App de Socios como es habitual, y se podr\u00e1 transferir con normalidad; el receptor la recibir\u00e1 en la App de e-ticket. Los socios y socias que hayan comprado entrada la recibir\u00e1n en formato PDF y opcionalmente en la App de e-ticket.<\/li>\n<\/ul>\n<p><strong>Recomendaciones<\/strong><\/p>\n<ul>\n<li>Llegar al Estadio con la m\u00e1xima antelaci\u00f3n. Es conveniente no llegar con el tiempo justo para seguir adecuadamente los itinerarios de entrada y salida en funci\u00f3n del medio de transporte elegido. Las puertas del Estadio estar\u00e1n abiertas desde una hora y media antes del inicio (17 h).<\/li>\n<li><strong>Acceso Q<\/strong>: Se recomienda especialmente a los socios y socias que deban utilizar el acceso Q que lleguen con la m\u00e1xima antelaci\u00f3n, dado que es el que absorbe m\u00e1s entrada de p\u00fablico.<\/li>\n<li>Tener a mano la informaci\u00f3n de la entrada y documentaci\u00f3n identificativa. Los socios y socias recibir\u00e1n la entrada en formato digital entre 24 y 3 horas antes del partido, con la informaci\u00f3n sobre los accesos habilitados para peatones (Q-V-W-D-E-F, ubicados desde la avenida Joan XXIII, la traves\u00eda de Les Corts y la calle Ar\u00edstides Maillol).<\/li>\n<li>Desplazarse a pie o en transporte p\u00fablico. Dentro del compromiso por reducir el impacto del cambio clim\u00e1tico se recomienda a todos los asistentes desplazarse a pie o hacer uso de los medios de transporte p\u00fablico.<\/li>\n<\/ul>\n<p><strong>Uso de veh\u00edculo privado<\/strong><\/p>\n<p>En caso de uso del veh\u00edculo privado, se recomienda seguir las indicaciones siguientes y se recuerda que se han establecido nuevos recorridos y aparcamientos tanto para motos y plazas accesibles, como en la operativa de autocares, taxis y VTC.<\/p>\n<ul>\n<li><strong>Motos<\/strong>: Se mantiene la zona de estacionamiento habilitada en la parcela de Bederrida (antiguo parking universitario) con capacidad para 750 veh\u00edculos. El acceso se realizar\u00e1 por la calle Mart\u00ed i Franqu\u00e8s y tambi\u00e9n por Men\u00e9ndez Pelayo desde Av. Joan XXIII, as\u00ed como por la calle Pau Gargallo procedente de Av. Gregorio Mara\u00f1\u00f3n.<\/li>\n<li>Tambi\u00e9n habr\u00e1 plazas de estacionamiento en el entorno del Estadio en las calles Pau Gargallo, Llorens i Artigas, Diagonal, Pascual i Vila, Samitier, Salvador Cardenal y Sabino Arana. Este operativo tendr\u00e1 capacidad para un total de 3.200 motos.\n<p>                <img decoding=\"async\" src=\"https:\/\/www.europesays.com\/es\/wp-content\/uploads\/2025\/12\/1765609710_256_motos_CAST.jpg\" alt=\"motos_CAST\" class=\"embeddable-photo__image\"\/><\/p>\n<\/li>\n<li><strong>Autocares<\/strong>: Estacionamiento en la zona del antiguo Miniestadi. Desencotxamiento en la calle Mart\u00ed i Franqu\u00e8s a la llegada y encotxamiento en la avenida Dr. Mara\u00f1\u00f3n y, en caso necesario, en la avenida Diagonal (lado monta\u00f1a), entre la avenida Dr. Mara\u00f1\u00f3n y la calle John Maynard Keynes al finalizar el partido.\n<p>                <img decoding=\"async\" src=\"https:\/\/www.europesays.com\/es\/wp-content\/uploads\/2025\/12\/Autocar-CAST.jpg\" alt=\"Autocar CAST\" class=\"embeddable-photo__image\"\/><\/p>\n<\/li>\n<li><strong>Taxis<\/strong>: Zona de desencotxamiento y encotxamiento en la calle Men\u00e9ndez Pelayo.\n<p>                <img decoding=\"async\" src=\"https:\/\/www.europesays.com\/es\/wp-content\/uploads\/2025\/12\/Taxis-CAST.jpg\" alt=\"Taxis CAST\" class=\"embeddable-photo__image\"\/><\/p>\n<\/li>\n<li><strong>VTC<\/strong>: Los Veh\u00edculos de Transporte con Conductor podr\u00e1n usar la zona de desencotxamiento de la calle Men\u00e9ndez Pelayo habilitada para taxis. El punto de recogida ser\u00e1 a demanda por parte de los usuarios.<\/li>\n<\/ul>\n<p><strong>Aparcamiento accesible<\/strong><\/p>\n<p>Zonas espec\u00edficas para titulares de la tarjeta de aparcamiento para personas con discapacidad, movilidad reducida y\/o usuarias de silla de ruedas cerca del Estadio:<\/p>\n<ul>\n<li>Las plazas m\u00e1s pr\u00f3ximas a las localidades accesibles de Gol Sur, Lateral y Tribuna: entrada por Acceso V \u2013 Puerta 22, en Travessera de les Corts (entre calle Elisabeth Eidenbenz y calle Mej\u00eda Lequerica).<\/li>\n<li>Las plazas m\u00e1s pr\u00f3ximas a las localidades accesibles de Tribuna: entrada por Acceso F \u2013 Puerta 4, en Mart\u00ed Franqu\u00e8s con avenida Joan XXIII y Ar\u00edstides Maillol (entre avenida Dr. Mara\u00f1\u00f3n y calle Cardenal Reig).\n<p>                <img decoding=\"async\" src=\"https:\/\/www.europesays.com\/es\/wp-content\/uploads\/2025\/12\/Accesso-veh-culos-entrada_CAST.jpg\" alt=\"Accesso veh\u00cdculos entrada_CAST\" class=\"embeddable-photo__image\"\/><\/p>\n<p>                <img decoding=\"async\" src=\"https:\/\/www.europesays.com\/es\/wp-content\/uploads\/2025\/12\/Acceso-veh-culos-salida_CAST.JPG\" alt=\"Acceso veh\u00edculos salida_CAST\" class=\"embeddable-photo__image\"\/><\/p>\n<\/li>\n<\/ul>\n<p><strong>Red de transporte p\u00fablico alrededor del Spotify Camp Nou<\/strong><\/p>\n<ul>\n<li><strong>Metro<\/strong>:\n<ul>\n<li>L3: Paradas Palau Reial, Les Corts, Zona Universit\u00e0ria y Maria Cristina<\/li>\n<li>L5: Paradas Collblanc, Badal y Ernest Lluch<\/li>\n<li>L9S\/L10: Collblanc<\/li>\n<li>L9S: Parada Zona Universit\u00e0ria<\/li>\n<\/ul>\n<\/li>\n<li><strong>Tram<\/strong>: Paradas Avinguda de Xile, Palau Reial, Ernest Lluch, Pius XXII, Zona Universit\u00e0ria y Maria Cristina (l\u00edneas T1, T2 y T3).\n<p>                <img decoding=\"async\" src=\"https:\/\/www.europesays.com\/es\/wp-content\/uploads\/2025\/12\/Tram-Metro-Peu-CAST.jpg\" alt=\"Tram-Metro-Peu CAST\" class=\"embeddable-photo__image\"\/><\/p>\n<\/li>\n<li><strong>Autob\u00fas<\/strong>: L\u00edneas 7, 33, 54, 67, 113, 175, D20, H6, H8, V1, V3, V5.\n<p>                <img decoding=\"async\" src=\"https:\/\/www.europesays.com\/es\/wp-content\/uploads\/2025\/12\/Bus-CAST.jpg\" alt=\"Bus CAST\" class=\"embeddable-photo__image\"\/><\/p>\n<\/li>\n<\/ul>\n<p>Se recomienda consultar el detalle de l\u00edneas y horarios en la web de AMB Mobilitat.<\/p>\n<p><strong>Accesibilidad en el Spotify Camp Nou<\/strong><\/p>\n<p>El Club facilita informaci\u00f3n detallada para planificar la visita en d\u00edas de partido, incluyendo aspectos de accesibilidad para personas con discapacidad, movilidad reducida o usuarias de silla de ruedas, as\u00ed como para sus acompa\u00f1antes.<\/p>\n<p>                <img decoding=\"async\" src=\"https:\/\/www.europesays.com\/es\/wp-content\/uploads\/2025\/12\/Accesibilidad-CAST.jpg\" alt=\"Accesibilidad CAST\" class=\"embeddable-photo__image\"\/><\/p>\n<p>Consulta toda la accesibilidad <a href=\"https:\/\/www.fcbarcelona.es\/es\/club\/accessibilitat-installacions\/spotify-camp-nou\" rel=\"nofollow noopener\" target=\"_blank\">aqu\u00ed<\/a>.<\/p>\n<p><strong>Otras consideraciones<\/strong><\/p>\n<ul>\n<li><strong>Acceso K<\/strong>: No estar\u00e1 disponible para p\u00fablico general, ya que estar\u00e1 reservado exclusivamente para la afici\u00f3n rival. La entrada a las localidades de lateral y c\u00f3rner Gol Norte se har\u00e1 por el acceso Q. Se recomienda llegar desde la traves\u00eda de Les Corts con la m\u00e1xima antelaci\u00f3n.<\/li>\n<li><strong>Entradas accesibles<\/strong>: Los accesos F (Tribuna) y V (Gol Sur) son los puntos destinados a personas usuarias de silla de ruedas y con localidad accesible asignada, as\u00ed como para sus acompa\u00f1antes.<\/li>\n<li><strong>OAB<\/strong>: Como en los tres primeros partidos en el Spotify Camp Nou, la Oficina de Atenci\u00f3n al Barcelonista tendr\u00e1 refuerzo en atenci\u00f3n presencial y telef\u00f3nica y estar\u00e1 abierta desde las 14:30 hasta el descanso en su ubicaci\u00f3n habitual.<\/li>\n<li><strong>T\u2019Acompanyem<\/strong>: Se habilitar\u00e1n servicios T\u2019Acompanyem para personas con discapacidad, movilidad reducida o usuarias de silla de ruedas en los accesos Q, V y F.<\/li>\n<li>El Club informa que NO habr\u00e1 consignas habilitadas para dejar pertenencias y que no se podr\u00e1 acceder al Estadio con ordenadores port\u00e1tiles ni con cochecitos para ni\u00f1os.<\/li>\n<\/ul>\n","protected":false},"excerpt":{"rendered":"En el partido de la 16\u00aa jornada de LaLiga que el primer equipo masculino del FC Barcelona disputar\u00e1&hellip;\n","protected":false},"author":2,"featured_media":285876,"comment_status":"","ping_status":"","sticky":false,"template":"","format":"standard","meta":{"footnotes":""},"categories":[93],"tags":[168,25,24,23,167,2288],"class_list":{"0":"post-285875","1":"post","2":"type-post","3":"status-publish","4":"format-standard","5":"has-post-thumbnail","7":"category-deportes","8":"tag-deportes","9":"tag-es","10":"tag-espana","11":"tag-spain","12":"tag-sports","13":"tag-text"},"share_on_mastodon":{"url":"https:\/\/pubeurope.com\/@es\/115711004916084778","error":""},"_links":{"self":[{"href":"https:\/\/www.europesays.com\/es\/wp-json\/wp\/v2\/posts\/285875","targetHints":{"allow":["GET"]}}],"collection":[{"href":"https:\/\/www.europesays.com\/es\/wp-json\/wp\/v2\/posts"}],"about":[{"href":"https:\/\/www.europesays.com\/es\/wp-json\/wp\/v2\/types\/post"}],"author":[{"embeddable":true,"href":"https:\/\/www.europesays.com\/es\/wp-json\/wp\/v2\/users\/2"}],"replies":[{"embeddable":true,"href":"https:\/\/www.europesays.com\/es\/wp-json\/wp\/v2\/comments?post=285875"}],"version-history":[{"count":0,"href":"https:\/\/www.europesays.com\/es\/wp-json\/wp\/v2\/posts\/285875\/revisions"}],"wp:featuredmedia":[{"embeddable":true,"href":"https:\/\/www.europesays.com\/es\/wp-json\/wp\/v2\/media\/285876"}],"wp:attachment":[{"href":"https:\/\/www.europesays.com\/es\/wp-json\/wp\/v2\/media?parent=285875"}],"wp:term":[{"taxonomy":"category","embeddable":true,"href":"https:\/\/www.europesays.com\/es\/wp-json\/wp\/v2\/categories?post=285875"},{"taxonomy":"post_tag","embeddable":true,"href":"https:\/\/www.europesays.com\/es\/wp-json\/wp\/v2\/tags?post=285875"}],"curies":[{"name":"wp","href":"https:\/\/api.w.org\/{rel}","templated":true}]}}