{"id":285882,"date":"2025-12-13T07:14:17","date_gmt":"2025-12-13T07:14:17","guid":{"rendered":"https:\/\/www.europesays.com\/es\/285882\/"},"modified":"2025-12-13T07:14:17","modified_gmt":"2025-12-13T07:14:17","slug":"la-mano-derecha-de-mazon-dice-ante-la-jueza-de-la-dana-que-los-whatsapps-que-desmontan-su-defensa-estan-descontextualizados-noticias-de-la-comunidad-valenciana","status":"publish","type":"post","link":"https:\/\/www.europesays.com\/es\/285882\/","title":{"rendered":"La mano derecha de Maz\u00f3n dice ante la jueza de la dana que los \u201cWhatsApps\u201d que desmontan su defensa \u201cest\u00e1n descontextualizados\u201d | Noticias de la Comunidad Valenciana"},"content":{"rendered":"<p class=\"\">Jos\u00e9 Manuel Cuenca, el que fuera jefe de gabinete y mano derecha del expresidente de la Generalitat Valenciana Carlos <a href=\"https:\/\/elpais.com\/noticias\/carlos-mazon-guixot\/\" rel=\"nofollow noopener\" target=\"_blank\">Maz\u00f3n,<\/a> ha asegurado este viernes ante la jueza de Catarroja que investiga la dana \u2014la cat\u00e1strofe que dej\u00f3 230 muertos en 2024 en Valencia\u2014 que los mensajes de WhatsApp que confirman su papel protagonista en la gesti\u00f3n de la tragedia y que revelan que dio \u00f3rdenes a la exconsejera Salom\u00e9 Pradas \u201cest\u00e1n descontextualizados\u201d. \u201cNo di instrucciones [a Pradas]\u201d, ha insistido, desafiante. As\u00ed lo indican a EL PA\u00cdS fuentes presentes en su comparecencia, la segunda en quince d\u00edas como testigo, una condici\u00f3n que le obliga a decir la verdad.<\/p>\n<p class=\"\">Frente a lo que afloran las comunicaciones con Pradas, Cuenca dice ahora que no propuso medidas, que \u201cs\u00f3lo expres\u00f3 dudas jur\u00eddicas\u201d sobre la posibilidad de confinar a la poblaci\u00f3n. Y se ha negado a entregar su m\u00f3vil en el juzgado \u201cpara proteger su intimidad\u201d. En su primera declaraci\u00f3n, adujo que no pod\u00eda recuperar sus mensajes porque los hab\u00eda borrado y carec\u00eda de copia de seguridad. <\/p>\n<p class=\"\">Tras resistirse, ha accedido hoy a que se pregunte a la Generalitat si se pueden rescatar sus comunicaciones con Maz\u00f3n durante la desgracia. Y que, despu\u00e9s, se pregunte al expresident si acepta voluntariamente entregar estos mensajes. Como Maz\u00f3n es aforado -mantiene su acta de diputado en las Cortes Valencianas- esta debe ser la v\u00eda. El exmandatario s\u00f3lo puede ser investigado por el Tribunal Superior de Justicia de la Comunidad Valenciana (TSJCV) tras el razonamiento de la instructora. <\/p>\n<p class=\"\">Siguiendo el criterio de la Fiscal\u00eda, la jueza ha rechazado la petici\u00f3n de una letrada de que Cuenca pasara de testigo a investigado, pese al reguero de contradicciones en el juzgado del exjefe de gabinete. <\/p>\n<p class=\"\">En su intervenci\u00f3n, Cuenca ha negado que Maz\u00f3n transmitiera mensajes a Pradas a trav\u00e9s de \u00e9l. Y ha relatado que se enter\u00f3 del Es Alert \u2013la alerta masiva a m\u00f3viles para informar a la poblaci\u00f3n de la magnitud de la tragedia- cuando son\u00f3 en su m\u00f3vil. <\/p>\n<p><img decoding=\"auto\" class=\"_re lazyload a_m-h\" height=\"287\"  width=\"414\"  src=\"https:\/\/www.europesays.com\/es\/wp-content\/uploads\/2025\/12\/YFJR7HPKUZGHTGAOW5565FASNQ.JPG\" loading=\"lazy\"\/>Jos\u00e9 Manuel Cuenca, exjefe de gabinete de Carlos Maz\u00f3n, a su entrada al juzgado de Catarroja (Valencia), este viernes.M\u00f2nica Torres<\/p>\n<p class=\"\">En un tenso interrogatorio, la magistrada Nuria Ruiz Tobarra ha reprochado al exjefe de gabinete que \u201cdiera \u00f3rdenes a Pradas\u201d. Cuenca ha respondido, contundente. \u201cHe venido a decir la verdad. No puedo permitir que se me atribuyan \u00f3rdenes. No me encomendaron dar \u00f3rdenes\u201d, ha zanjado. <\/p>\n<p class=\"\">Pese a que Pradas inform\u00f3 a Cuenca a las 16.28 horas de una v\u00edctima mortal en Utiel \u2013un dato que contradice la versi\u00f3n de Maz\u00f3n, que dijo en el Congreso que se enter\u00f3 de que hab\u00eda muertos al d\u00eda siguiente-, el exjefe de gabinete ha sostenido ante la jueza que \u201cno proces\u00f3 la informaci\u00f3n sobre ning\u00fan fallecido\u201d. \u201cNo vi la oficialidad en ning\u00fan momento [&#8230;]. Le transmit\u00ed al presidente que la cosa se hab\u00eda complicado y que deber\u00edan ir a Utiel\u201d, ha agregado. <\/p>\n<p class=\"\">El fiscal ha recordado que entre las 14.11 horas, cuando Cuenca env\u00eda un mensaje a Maz\u00f3n en el que le advierte de la gravedad de la situaci\u00f3n en Utiel, y las 16.29, el exjefe de gabinete recibi\u00f3 \u201cinformaci\u00f3n relevante\u201d de la desgracia. Y le ha preguntado si el expresident le pidi\u00f3 que transmitiera a Pradas que \u201cno molestara\u201d. \u201cNo, en ning\u00fan momento\u201d, ha reaccionado Cuenca. El d\u00eda de la cat\u00e1strofe, Maz\u00f3n disfrut\u00f3 de un almuerzo de casi cuatro horas mientras se inundaba parte de la provincia de Valencia en el restaurante El Ventorro con la periodista Maribel Vilaplana. \u201c\u00bfPor qu\u00e9 le dan esa informaci\u00f3n a usted? Parece el vicepresidente del Gobierno\u00bb, ha ironizado el representante del ministerio p\u00fablico. <\/p>\n<p>Dos horas sin noticias del \u2018president\u2019 <\/p>\n<p class=\"\">El que fuera asesor de referencia del bar\u00f3n popular ha reconocido que \u201cdurante dos horas\u201d no pudo contactar con Maz\u00f3n, que le llam\u00f3 para interesarse por la situaci\u00f3n del metro, a las 19.41 horas, despu\u00e9s de la comunicaci\u00f3n que el expresident mantuvo con el secretario auton\u00f3mico de Infraestructuras y Transportes de la Generalitat y responsable de Ferrocarrils de la empresa p\u00fablica Generalitat Valenciana (FGV), Javier Sendra. <\/p>\n<p class=\"\"><a href=\"https:\/\/elpais.com\/espana\/comunidad-valenciana\/2025-12-09\/la-jueza-de-la-dana-cita-por-segunda-vez-como-testigo-a-la-mano-derecha-de-mazon.html\" target=\"_self\" rel=\"nofollow noopener\" title=\"https:\/\/elpais.com\/espana\/comunidad-valenciana\/2025-12-09\/la-jueza-de-la-dana-cita-por-segunda-vez-como-testigo-a-la-mano-derecha-de-mazon.html\">Cuenca declara por segunda vez en el juzgado en dos semanas<\/a>. La jueza decidi\u00f3 de nuevo su citaci\u00f3n como testigo \u2014una condici\u00f3n que le obliga a decir la verdad\u2014 despu\u00e9s de que se conociera su papel protagonista en la gesti\u00f3n de la crisis, cuando dio \u00f3rdenes a la exconsejera de Justicia e Interior, que es la principal imputada en la causa, Salom\u00e9 Pradas. \u201cSalo, de confinar nada por favor. Calma\u201d, lleg\u00f3 a decir Cuenca a Pradas a las 19.54, en lo peor de la desgracia, seg\u00fan unos whatsapps aportados por la exdirigente al juzgado y que desmontan la tesis de defensa de la mano derecha de Maz\u00f3n. <\/p>\n<p class=\"\">En su primera declaraci\u00f3n ante la jueza, el pasado d\u00eda 26, Cuenca sostuvo que no dio instrucciones a Pradas sobre un posible confinamiento. Y adujo que no pod\u00eda aportar los mensajes de su m\u00f3vil del d\u00eda de la desgracia porque los hab\u00eda perdido. Los mensajes de la exconsejera le desmienten.<\/p>\n<p class=\"\">El abogado Manuel Mata, que ejerce la acusaci\u00f3n popular que representa a la asociaci\u00f3n Acci\u00f3 Popular del Pa\u00eds Valenci\u00e1 (Acpv), ha pedido un careo entre Cuenca y Pradas. <\/p>\n","protected":false},"excerpt":{"rendered":"Jos\u00e9 Manuel Cuenca, el que fuera jefe de gabinete y mano derecha del expresidente de la Generalitat Valenciana&hellip;\n","protected":false},"author":2,"featured_media":285883,"comment_status":"","ping_status":"","sticky":false,"template":"","format":"standard","meta":{"footnotes":""},"categories":[8],"tags":[17,18,2007,242,1681,25,24,13,14,238,11,4274,2158,19,20,9,10,15,16,55278,23,12,21,22,137],"class_list":{"0":"post-285882","1":"post","2":"type-post","3":"status-publish","4":"format-standard","5":"has-post-thumbnail","7":"category-espana","8":"tag-breaking-news","9":"tag-breakingnews","10":"tag-carlos-mazon","11":"tag-comunidad-valenciana","12":"tag-dana","13":"tag-es","14":"tag-espana","15":"tag-featured-news","16":"tag-featurednews","17":"tag-generalitat-valenciana","18":"tag-headlines","19":"tag-inundaciones-dana-octubre-2024","20":"tag-justicia","21":"tag-latest-news","22":"tag-latestnews","23":"tag-news","24":"tag-noticias","25":"tag-noticias-destacadas","26":"tag-noticiasdestacadas","27":"tag-salome-pradas","28":"tag-spain","29":"tag-titulares","30":"tag-ultimas-noticias","31":"tag-ultimasnoticias","32":"tag-whatsapp"},"share_on_mastodon":{"url":"","error":"Validation failed: Text character limit of 500 exceeded"},"_links":{"self":[{"href":"https:\/\/www.europesays.com\/es\/wp-json\/wp\/v2\/posts\/285882","targetHints":{"allow":["GET"]}}],"collection":[{"href":"https:\/\/www.europesays.com\/es\/wp-json\/wp\/v2\/posts"}],"about":[{"href":"https:\/\/www.europesays.com\/es\/wp-json\/wp\/v2\/types\/post"}],"author":[{"embeddable":true,"href":"https:\/\/www.europesays.com\/es\/wp-json\/wp\/v2\/users\/2"}],"replies":[{"embeddable":true,"href":"https:\/\/www.europesays.com\/es\/wp-json\/wp\/v2\/comments?post=285882"}],"version-history":[{"count":0,"href":"https:\/\/www.europesays.com\/es\/wp-json\/wp\/v2\/posts\/285882\/revisions"}],"wp:featuredmedia":[{"embeddable":true,"href":"https:\/\/www.europesays.com\/es\/wp-json\/wp\/v2\/media\/285883"}],"wp:attachment":[{"href":"https:\/\/www.europesays.com\/es\/wp-json\/wp\/v2\/media?parent=285882"}],"wp:term":[{"taxonomy":"category","embeddable":true,"href":"https:\/\/www.europesays.com\/es\/wp-json\/wp\/v2\/categories?post=285882"},{"taxonomy":"post_tag","embeddable":true,"href":"https:\/\/www.europesays.com\/es\/wp-json\/wp\/v2\/tags?post=285882"}],"curies":[{"name":"wp","href":"https:\/\/api.w.org\/{rel}","templated":true}]}}