{"id":285892,"date":"2025-12-13T07:29:14","date_gmt":"2025-12-13T07:29:14","guid":{"rendered":"https:\/\/www.europesays.com\/es\/285892\/"},"modified":"2025-12-13T07:29:14","modified_gmt":"2025-12-13T07:29:14","slug":"no-puedo-obligar-a-nadie","status":"publish","type":"post","link":"https:\/\/www.europesays.com\/es\/285892\/","title":{"rendered":"No puedo obligar a nadie"},"content":{"rendered":"<p data-journey-content=\"true\" data-node-id=\"3\" class=\"css-6wxqfj emevuu60\">Jos\u00e9 Mar\u00eda Almoguera ha roto su silencio sobre la delicada operaci\u00f3n de coraz\u00f3n a la que se ha sometido el pasado 9 de diciembre. El sobrino de<a href=\"https:\/\/diezminutos.es\/terelu-campos\" target=\"_blank\" data-node-id=\"3.1\" class=\"css-177bzfx emevuu60\" rel=\"nofollow noopener\"> Terelu Campos<\/a> se ha sentado en &#8216;\u00a1De Viernes!&#8217; despu\u00e9s de <a href=\"https:\/\/www.diezminutos.es\/famosos-corazon\/famosos-espanoles\/a69700164\/jose-maria-almoguera-ultima-hora-salud-operacion-corazon-paso-a-paso\/\" target=\"_blank\" data-vars-ga-outbound-link=\"https:\/\/www.diezminutos.es\/famosos-corazon\/famosos-espanoles\/a69700164\/jose-maria-almoguera-ultima-hora-salud-operacion-corazon-paso-a-paso\/\" data-vars-ga-ux-element=\"Hyperlink\" data-vars-ga-call-to-action=\"entrar en el quir\u00f3fano para dar detalles sobre su operaci\u00f3n\" data-node-id=\"3.3\" class=\"body-link css-177bzfx emevuu60\" rel=\"nofollow noopener\">entrar en el quir\u00f3fano para dar detalles sobre su operaci\u00f3n<\/a>, que tiene una dura recuperaci\u00f3n. Tanto, que <strong data-node-id=\"3.5\">mantiene inmovilizado el brazo izquierdo \u00abporque me duele todav\u00eda el pectoral\u00bb. <\/strong><\/p>\n<p data-journey-content=\"true\" data-node-id=\"6\" class=\"css-6wxqfj emevuu60\">Una operaci\u00f3n de mantenimiento del desfibrilador que tiene instalado subcut\u00e1neo pero que <strong data-node-id=\"6.1\">se ha adelantado un a\u00f1o porque \u00abse ha utilizado en varias ocasiones\u00bb<\/strong>, al haber descubierto una arritmia teniendo \u00abque dar un chispazo\u00bb. Un problema de salud que ha hecho que la familia y los amigos se vuelquen con \u00e9l, a excepci\u00f3n de <a href=\"https:\/\/diezminutos.es\/alejandra-rubio\" target=\"_blank\" data-node-id=\"6.3\" class=\"css-177bzfx emevuu60\" rel=\"nofollow noopener\">Alejandra Rubio.<\/a><\/p>\n<p><img draggable=\"true\" alt=\"maria la jerezana y jose maria almoguera\" title=\"maria la jerezana y jose maria almoguera\" loading=\"lazy\" width=\"1092\" height=\"819\" decoding=\"async\" data-nimg=\"1\" style=\"color:transparent;width:100%;height:auto;\"   src=\"https:\/\/www.europesays.com\/es\/wp-content\/uploads\/2025\/12\/almoguera-maria-67c7f2057eeb4.jpg\" class=\"css-0 e1g79fud0\"\/><\/p>\n<p>Telecinco<\/p>\n<p data-journey-content=\"true\" data-node-id=\"9\" class=\"css-6wxqfj emevuu60\">\u00ab<a href=\"https:\/\/www.diezminutos.es\/famosos-corazon\/famosos-espanoles\/a69651436\/alejandra-rubio-balance-maternidad-carlo-costanzia-nos-compenetramos\/\" target=\"_blank\" data-vars-ga-outbound-link=\"https:\/\/www.diezminutos.es\/famosos-corazon\/famosos-espanoles\/a69651436\/alejandra-rubio-balance-maternidad-carlo-costanzia-nos-compenetramos\/\" data-vars-ga-ux-element=\"Hyperlink\" data-vars-ga-call-to-action=\"El d\u00eda 5 le felicit\u00e9 por el cumplea\u00f1os de su hijo\" data-node-id=\"9.1\" class=\"body-link css-177bzfx emevuu60\" rel=\"nofollow noopener\">El d\u00eda 5 le felicit\u00e9 por el cumplea\u00f1os de su hijo<\/a>, ya se sab\u00eda lo de mi operaci\u00f3n, y solo me dijo &#8216;gracias'\u00bb, explicaba Jose Mar\u00eda Almoguera, y a d\u00eda de hoy todav\u00eda no ha recibido ning\u00fan mensaje. <strong data-node-id=\"9.3\">\u00abEstoy molesto con este tema\u00bb, explicaba mirando a su t\u00eda Terelu<\/strong> directamente para saber qu\u00e9 es lo que piensa su prima realmente sobre \u00e9l.<\/p>\n<p>Alejandra Rubio \u00bfenfadada con Jos\u00e9 Maria Almoguera?<\/p>\n<p data-journey-content=\"true\" data-node-id=\"14\" class=\"css-6wxqfj emevuu60\">Terelu ha defendido que ella s\u00ed que ha estado pendiente de \u00e9l: \u00abPero se lo dices a ella, no a mi. <strong data-node-id=\"14.1\">Yo hago lo que quiero hacer, decir, lo que me saca del coraz\u00f3n.<\/strong> No puedo obligar a nadie a hacer lo que no quiere o tener sentimientos que no tienes\u00bb. Una frase muy medida en la que reiteraba que \u00abni te obligar\u00eda a ti hacer algo que no quieras hacer ni lo voy a hacer con mi hija. Sobre todo porque no sois ni\u00f1os\u00bb. <\/p>\n<p data-journey-content=\"true\" data-node-id=\"16\" class=\"css-6wxqfj emevuu60\">Esto ha generado un cara a cara con Jos\u00e9 Mar\u00eda quien no entend\u00eda el motivo por el que su prima no querr\u00eda acercarse: \u00abla atenci\u00f3n medi\u00e1tica podr\u00eda ser antes. <strong data-node-id=\"16.1\">Llevo seis meses sin salir en los medios y sigue siendo igual\u00bb.<\/strong> \u00abSi alguien tiene un problema conmigo, que venga y me lo diga, porque no s\u00e9 qu\u00e9 tengo que solucionar. Cuando he coincidido con ella, me ha dado dos besos y se ha ido\u00bb, ha explicado.<\/p>\n<p>Terelu Campos se defiende de las cr\u00edticas<\/p>\n<p data-journey-content=\"true\" data-node-id=\"19\" class=\"css-6wxqfj emevuu60\">En medio de este rifirrafe, los colaboradores le han echado en cara a Terelu Campos que no se pronuncie en este tema tan vehementemente como lo hizo cuando la guerra de Jos\u00e9 Mar\u00eda era contra su madre, Carmen Borrego. <strong data-node-id=\"19.1\">\u00abMe met\u00ed porque vi a mi hermana rota por algo que no era justo. <\/strong>Mi hermana es mi sangre, nos llevamos 14 meses y nos hemos criado juntas. Siempre va a estar por encima de mi sobrino\u00bb, sentenciaba.<\/p>\n<p data-journey-content=\"true\" data-node-id=\"21\" class=\"css-6wxqfj emevuu60\">Unas palabras que Almoguera entend\u00eda pero que no justificaban que a d\u00eda de hoy la situaci\u00f3n entre primos fuera tan abierta. Por ello, \u00c1ngela Portero insist\u00eda en que se pronunciara, y <a href=\"https:\/\/www.diezminutos.es\/famosos-corazon\/famosos-espanoles\/a69607272\/alejandra-rubio-aclara-terelu-campos-mar-flores-cumpleanos-hijo-carlo\/\" target=\"_blank\" data-vars-ga-outbound-link=\"https:\/\/www.diezminutos.es\/famosos-corazon\/famosos-espanoles\/a69607272\/alejandra-rubio-aclara-terelu-campos-mar-flores-cumpleanos-hijo-carlo\/\" data-vars-ga-ux-element=\"Hyperlink\" data-vars-ga-call-to-action=\"opinara sobre si Alejandra lo estaba haciendo bien\" data-node-id=\"21.1\" class=\"body-link css-177bzfx emevuu60\" rel=\"nofollow noopener\">opinara sobre si Alejandra lo estaba haciendo bien<\/a>. Una frase que hac\u00eda estallar a Terelu: \u00abOs encanta meter mierda. <strong data-node-id=\"21.3\">Si lo que quer\u00e9is es que yo tenga un problema con mi hija, no lo vais a conseguir. <\/strong>Nadie lo va a conseguir\u00bb. Algo que deja claro el motivo de la equidistancia de Terelu en esta ocasi\u00f3n. <\/p>\n<p><img src=\"https:\/\/www.europesays.com\/es\/wp-content\/uploads\/2025\/12\/1765610954_742_323095e3-d675-4360-ad79-c3a735f161a1_1681830139.file\" alt=\"Headshot of Aroa D\u00edaz\" title=\"Headshot of Aroa D\u00edaz\" width=\"100%\" height=\"100%\" decoding=\"async\" loading=\"lazy\" class=\"css-o0wq4v ev8dhu53\"\/><\/p>\n<p>Aroa D\u00edaz es experta en realities, televisi\u00f3n y actualidad en general. No hay momento del d\u00eda en el que no tenga encendida la televisi\u00f3n conociendo los \u00faltimos desvelos de los famosos, disfrutando de los realities como Supervivientes o de los concursos m\u00e1s rocambolescos. Las \u00faltimas novedades de los famosos del coraz\u00f3n son su perdici\u00f3n y la actualidad de las Casas Reales, su gran pasi\u00f3n. \u00a0\u00a0<\/p>\n<p>En sus ratos libres disfruta de las pel\u00edculas y series de moda, y bucea por los cat\u00e1logos de las plataformas de podcast buscando nuevas entrevistas y charlas de famosos.<\/p>\n<p>Adem\u00e1s, no ha parado de formarse en todos los aspectos convirti\u00e9ndose en una periodista 360: locuci\u00f3n, doblaje, grabaci\u00f3n de v\u00eddeo, periodismo m\u00f3vil, producci\u00f3n de podcast y SEO. Actualmente est\u00e1 form\u00e1ndose en el M\u00e1ster universitario de Periodismo y Comunicaci\u00f3n Digital: Datos y Nuevas Narrativas de la UOC.<\/p>\n<p>Graduada en periodismo por la Universidad Rey Juan Carlos, no ha parado de trabajar desde que obtuvo su t\u00edtulo all\u00e1 por el 2013. Despu\u00e9s de un breve impass en Palma de Mallorca, volvi\u00f3 a Legan\u00e9s donde arranc\u00f3 su experiencia con Legan\u00e9s Activo. En este tiempo he pasado por las redacciones de varios medios recayendo finalmente en Hearst Espa\u00f1a (Telenovela, Qu\u00e9 me dices y Diez Minutos). Tambi\u00e9n tiene experiencia en diferentes radios. \u00a0<\/p>\n","protected":false},"excerpt":{"rendered":"Jos\u00e9 Mar\u00eda Almoguera ha roto su silencio sobre la delicada operaci\u00f3n de coraz\u00f3n a la que se ha&hellip;\n","protected":false},"author":2,"featured_media":285893,"comment_status":"","ping_status":"","sticky":false,"template":"","format":"standard","meta":{"footnotes":""},"categories":[174],"tags":[255,253,146,147,25,24,256,23],"class_list":{"0":"post-285892","1":"post","2":"type-post","3":"status-publish","4":"format-standard","5":"has-post-thumbnail","7":"category-famosos","8":"tag-celebrities","9":"tag-discover","10":"tag-entertainment","11":"tag-entretenimiento","12":"tag-es","13":"tag-espana","14":"tag-famosos","15":"tag-spain"},"share_on_mastodon":{"url":"https:\/\/pubeurope.com\/@es\/115711087196799889","error":""},"_links":{"self":[{"href":"https:\/\/www.europesays.com\/es\/wp-json\/wp\/v2\/posts\/285892","targetHints":{"allow":["GET"]}}],"collection":[{"href":"https:\/\/www.europesays.com\/es\/wp-json\/wp\/v2\/posts"}],"about":[{"href":"https:\/\/www.europesays.com\/es\/wp-json\/wp\/v2\/types\/post"}],"author":[{"embeddable":true,"href":"https:\/\/www.europesays.com\/es\/wp-json\/wp\/v2\/users\/2"}],"replies":[{"embeddable":true,"href":"https:\/\/www.europesays.com\/es\/wp-json\/wp\/v2\/comments?post=285892"}],"version-history":[{"count":0,"href":"https:\/\/www.europesays.com\/es\/wp-json\/wp\/v2\/posts\/285892\/revisions"}],"wp:featuredmedia":[{"embeddable":true,"href":"https:\/\/www.europesays.com\/es\/wp-json\/wp\/v2\/media\/285893"}],"wp:attachment":[{"href":"https:\/\/www.europesays.com\/es\/wp-json\/wp\/v2\/media?parent=285892"}],"wp:term":[{"taxonomy":"category","embeddable":true,"href":"https:\/\/www.europesays.com\/es\/wp-json\/wp\/v2\/categories?post=285892"},{"taxonomy":"post_tag","embeddable":true,"href":"https:\/\/www.europesays.com\/es\/wp-json\/wp\/v2\/tags?post=285892"}],"curies":[{"name":"wp","href":"https:\/\/api.w.org\/{rel}","templated":true}]}}