{"id":285931,"date":"2025-12-13T08:03:09","date_gmt":"2025-12-13T08:03:09","guid":{"rendered":"https:\/\/www.europesays.com\/es\/285931\/"},"modified":"2025-12-13T08:03:09","modified_gmt":"2025-12-13T08:03:09","slug":"naturgy-crea-un-cerebro-para-controlar-sus-plantas-de-gas-en-un-ano-de-uso-record","status":"publish","type":"post","link":"https:\/\/www.europesays.com\/es\/285931\/","title":{"rendered":"Naturgy crea un cerebro para controlar sus plantas de gas en un a\u00f1o de uso r\u00e9cord"},"content":{"rendered":"<p style=\"\"><strong>Naturgy<\/strong> se ha marcado un \u00abse\u00f1or de los anillos\u00bb para la puesta en marcha de su nuevo Centro de Control Remoto (CCR). Un centro \u00fanico con la capacidad de operar los dem\u00e1s centros de control; un lugar para poder gobernar cualquier planta de Espa\u00f1a.  &#8230; Este es el objetivo del espacio creado en Sagunto (Valencia) que supervisa y opera en tiempo real sus 17 centrales de <a href=\"https:\/\/www.abc.es\/noticias\/energia\/\" target=\"_self\" data-voc-vtm-id=\"in-text-traffic\" title=\"ciclo combinado\" data-mrf-link=\"www.abc.es\" rel=\"nofollow noopener\">ciclo combinado<\/a> en nuestro pa\u00eds.<\/p>\n<p class=\"voc-p\" style=\"\">La gasista presidida por <strong>Francisco Reyn\u00e9s<\/strong> ha invertido ocho millones de euros. Este peri\u00f3dico ha podido visitar las instalaciones de esta central, que alberga el nuevo CCR, y que ahora mismo es una de las joyas de la corona de la compa\u00f1\u00eda. M\u00e1s si cabe, en un a\u00f1o donde el uso de esta tecnolog\u00eda ha sido esencial tras el apag\u00f3n del pasado 28 de abril.<\/p>\n<p class=\"voc-p\" style=\"\">Desde la compa\u00f1\u00eda se\u00f1alan que este proyecto ha sido todo un reto tecnol\u00f3gico. Se trata de <strong>una instalaci\u00f3n pionera a nivel mundial<\/strong> en el sector energ\u00e9tico y supone un hito operativo para la compa\u00f1\u00eda, ya que permite optimizar la gesti\u00f3n, mejorar la flexibilidad y reforzar la eficiencia de estas centrales. <\/p>\n<p class=\"voc-p\" style=\"\">Lo que persigue esta instalaci\u00f3n es una <strong>mejor prestaci\u00f3n de servicios<\/strong> al sistema el\u00e9ctrico en t\u00e9rminos de calidad de respuesta y seguridad de suministro, en un momento en que estas instalaciones estrat\u00e9gicas han demostrado ser la tecnolog\u00eda m\u00e1s cr\u00edtica para el sistema el\u00e9ctrico espa\u00f1ol. <\/p>\n<p class=\"voc-p\" style=\"\">El CCR, ubicado en la central de ciclo combinado de Sagunto (Valencia), integra herramientas digitales avanzadas, sistemas de supervisi\u00f3n y algoritmos predictivos basados en inteligencia artificial. Este centro de control se suma a las dos instalaciones a trav\u00e9s de las cuales Naturgy gestiona su potencia renovable.<\/p>\n<p>\nEl a\u00f1o del gas\n<\/p>\n<p class=\"voc-p\" style=\"\">Este a\u00f1o ser\u00e1 recordado por la importancia que volvieron a tener los ciclos combinados de gas cuando muchos ya los daban por amortizados. <strong>En octubre, por ejemplo, estas centrales fueron la primera tecnolog\u00eda por generaci\u00f3n del mix el\u00e9ctrico<\/strong>, aportando el 23% de la generaci\u00f3n nacional a trav\u00e9s de energ\u00eda en el mercado mayorista y servicios de ajuste para el operador del sistema. Hasta noviembre, el parque espa\u00f1ol de ciclos combinados ha registrado una producci\u00f3n superior a los 40 TW\/h, un 33% m\u00e1s que el a\u00f1o anterior. <\/p>\n<p class=\"voc-p\" style=\"\">Este servicio esencial al sistema el\u00e9ctrico requiere de una enorme flexibilidad y disponibilidad en la operaci\u00f3n por parte de estas centrales. A modo de ejemplo: el parque de ciclos combinados de <strong>Naturgy registrar\u00e1 este a\u00f1o m\u00e1s de 3.000 arranques, cuatro veces m\u00e1s que en 2019<\/strong>.<\/p>\n<p class=\"voc-pretitle\">\u00abModo reforzado\u00bb<\/p>\n<p class=\"voc-title\">La necesidad de otorgar mayor estabilidad al sistema ha provocado que los ciclos combinados hayan funcionado mucho m\u00e1s que en 2024<\/p>\n<p class=\"voc-p\" style=\"\">Naturgy invierte alrededor de 100 millones cada a\u00f1o en su portfolio de centrales de gas. Esta inversi\u00f3n es fundamental para mantener las instalaciones en perfecto estado. En 2025, debido al mayor nivel de funcionamiento de estas centrales, la inversi\u00f3n superar\u00e1 los 120 millones de euros. En el conjunto del plan estrat\u00e9gico 2025-2027, la inversi\u00f3n prevista en estas centrales es de 300 millones.<\/p>\n","protected":false},"excerpt":{"rendered":"Naturgy se ha marcado un \u00abse\u00f1or de los anillos\u00bb para la puesta en marcha de su nuevo Centro&hellip;\n","protected":false},"author":2,"featured_media":285932,"comment_status":"","ping_status":"","sticky":false,"template":"","format":"standard","meta":{"footnotes":""},"categories":[80],"tags":[1611,82,2670,3264,25515,95,94,25,24,4180,14178,7771,4722,23,4220],"class_list":{"0":"post-285931","1":"post","2":"type-post","3":"status-publish","4":"format-standard","5":"has-post-thumbnail","7":"category-economia","8":"tag-ano","9":"tag-business","10":"tag-cerebro","11":"tag-controlar","12":"tag-crea","13":"tag-economia","14":"tag-economy","15":"tag-es","16":"tag-espana","17":"tag-gas","18":"tag-naturgy","19":"tag-plantas","20":"tag-record","21":"tag-spain","22":"tag-uso"},"share_on_mastodon":{"url":"https:\/\/pubeurope.com\/@es\/115711220419227985","error":""},"_links":{"self":[{"href":"https:\/\/www.europesays.com\/es\/wp-json\/wp\/v2\/posts\/285931","targetHints":{"allow":["GET"]}}],"collection":[{"href":"https:\/\/www.europesays.com\/es\/wp-json\/wp\/v2\/posts"}],"about":[{"href":"https:\/\/www.europesays.com\/es\/wp-json\/wp\/v2\/types\/post"}],"author":[{"embeddable":true,"href":"https:\/\/www.europesays.com\/es\/wp-json\/wp\/v2\/users\/2"}],"replies":[{"embeddable":true,"href":"https:\/\/www.europesays.com\/es\/wp-json\/wp\/v2\/comments?post=285931"}],"version-history":[{"count":0,"href":"https:\/\/www.europesays.com\/es\/wp-json\/wp\/v2\/posts\/285931\/revisions"}],"wp:featuredmedia":[{"embeddable":true,"href":"https:\/\/www.europesays.com\/es\/wp-json\/wp\/v2\/media\/285932"}],"wp:attachment":[{"href":"https:\/\/www.europesays.com\/es\/wp-json\/wp\/v2\/media?parent=285931"}],"wp:term":[{"taxonomy":"category","embeddable":true,"href":"https:\/\/www.europesays.com\/es\/wp-json\/wp\/v2\/categories?post=285931"},{"taxonomy":"post_tag","embeddable":true,"href":"https:\/\/www.europesays.com\/es\/wp-json\/wp\/v2\/tags?post=285931"}],"curies":[{"name":"wp","href":"https:\/\/api.w.org\/{rel}","templated":true}]}}