{"id":285942,"date":"2025-12-13T08:15:22","date_gmt":"2025-12-13T08:15:22","guid":{"rendered":"https:\/\/www.europesays.com\/es\/285942\/"},"modified":"2025-12-13T08:15:22","modified_gmt":"2025-12-13T08:15:22","slug":"se-complica-fabio-silva-kovac-le-hace-sitio-y-el-dortmund-cierra-la-puerta","status":"publish","type":"post","link":"https:\/\/www.europesays.com\/es\/285942\/","title":{"rendered":"Se complica F\u00e1bio Silva: Kovac le hace sitio y el Dortmund cierra la puerta"},"content":{"rendered":"<p>El delantero portugu\u00e9s sigue prefiriendo salir en enero para tener opciones de ir al Mundial pero desde el club germano mandan un claro mensaje de que no se lo permitir\u00e1n a mitad de temporada porque conf\u00edan en \u00e9l; esta semana estren\u00f3 titularidad en Champions con una asistencia<\/p>\n<p class=\"parrafo\">Sin duda alguna, el nombre de F\u00e1bio Silva es uno de los que est\u00e1 empezando a mover el mercado de fichajes de invierno y eso que todav\u00eda faltan tres semanas para que se abra oficialmente. El delantero de Oporto apenas est\u00e1 teniendo protagonismo con el Borussia Dortmund y no ex de la UD Las Palmas no quiere dejar pasar la ocasi\u00f3n que se le presenta en enero y apurar as\u00ed sus opciones de poder acudir al Mundial del pr\u00f3ximo verano con Portugal.<\/p>\n<p><img decoding=\"async\" src=\"https:\/\/www.europesays.com\/es\/wp-content\/uploads\/2025\/12\/7f884d05-b131-46c6-9156-64b4a4b51778_800x533.jpeg\" loading=\"lazy\"\/><\/p>\n<p class=\"parrafo\"><a href=\"https:\/\/www.estadiodeportivo.com\/futbol\/betis\/fabio-silva-betis-todo-mundo-sabe-que-quiere-20251210-523315.html\" target=\"_blank\" class=\"intext-link\" rel=\"nofollow noopener\">El Betis es uno de los clubes que se ha movido para conocer las intenciones del futbolista<\/a> y las exigencias que podr\u00eda solicitar el conjunto alem\u00e1n. Tal y como ya informamos en ESTADIO Deportivo, el futbolista desea regresar a LaLiga, donde tuvo una gran experiencia con el conjunto canario pese a que no pudiera evitar el descenso a Segunda divisi\u00f3n. \u00abTodo el mundo sabe lo que quiere, que le encanta Espa\u00f1a y jugar en La Liga. Ahora est\u00e1 en otro club y hay que esperar\u00bb, apuntaban hace unos d\u00edas a nuestro compa\u00f1ero \u00c1lvaro Palomo sobre las intenciones del futbolista luso.<\/p>\n<p>El Dortmund no est\u00e1 por la labor de dejarlo salir<\/p>\n<p class=\"parrafo\">Sin embargo, el pensamiento del club germano no parece ir en consonancia con el de su futbolista, o al menos eso es lo que filtran en Alemania, desde donde nos llega la informaci\u00f3n del periodista de Sky Sports Patrick Berger seg\u00fan la cual el Borussia Dortmund no est\u00e1 por la labor de deshacerse de su delantero pese a que hasta la fecha apenas ha tenido protagonismo. <\/p>\n<p><a class=\"elementos-rel-t2\" href=\"https:\/\/www.estadiodeportivo.com\/futbol\/betis\/fabio-silva-betis-todo-mundo-sabe-que-quiere-20251210-523315.html\" title=\"F\u00e1bio Silva, el elegido por el Betis para enero, presiona para salir del Borussia: &quot;Todo el mundo sabe que le encanta LaLiga&quot;\" rel=\"nofollow noopener\" target=\"_blank\"><\/p>\n<p class=\"titular titulo-4\">F\u00e1bio Silva, el elegido por el Betis para enero, presiona para salir del Borussia: \u00abTodo el mundo sabe que le encanta LaLiga\u00bb<\/p>\n<p><img decoding=\"async\" src=\"https:\/\/www.europesays.com\/es\/wp-content\/uploads\/2025\/12\/fe54d254-8780-4077-b0d5-04a568a49d88_320x180.jpeg\" alt=\"F\u00e1bio Silva, el elegido por el Betis para enero, presiona para salir del Borussia: &quot;Todo el mundo sabe que le encanta LaLiga&quot;\"\/><\/a><a class=\"elementos-rel-t2\" href=\"https:\/\/www.estadiodeportivo.com\/futbol\/betis\/revolucion-que-prepara-roma-seria-amenaza-por-fabio-silva-20251211-523346.html\" title=\"La revoluci\u00f3n que prepara la Roma, seria amenaza por F\u00e1bio Silva\" rel=\"nofollow noopener\" target=\"_blank\"><\/p>\n<p class=\"titular titulo-4\">La revoluci\u00f3n que prepara la Roma, seria amenaza por F\u00e1bio Silva<\/p>\n<p><img decoding=\"async\" src=\"https:\/\/www.europesays.com\/es\/wp-content\/uploads\/2025\/12\/52cb601a-ab54-498a-a61e-97be5ae9a61a_320x180.jpeg\" alt=\"La revoluci\u00f3n que prepara la Roma, seria amenaza por F\u00e1bio Silva\"\/><\/a><\/p>\n<p class=\"parrafo\">El club del Signal Iduna Park mantiene intacta su confianza en el potencial del atacante portugu\u00e9s, consciente de que la temporada ser\u00e1 larga y le llegar\u00e1 su momento, por lo que no tiene intenci\u00f3n alguna de dejarlo salir en este mercado de enero, mandando as\u00ed un claro mensaje a sus muchos pretendientes, entre ellos el propio Betis. Aunque tampoco extra\u00f1ar\u00eda a nadie que simplemente se tratara de una estrategia de negociaci\u00f3n de cara a los interesados y al propio delantero luso, que apurar\u00e1 hasta el cierre de mercado por si el Dortmund da su brazo a torcer. <\/p>\n<p>Elogios de Kovac tras su actuaci\u00f3n en Champions<\/p>\n<p class=\"parrafo\">Casualidad o no, este pasado mi\u00e9rcoles F\u00e1bio Silva era titular por primera vez con el Dortmund en la Champions. Fue en el duelo ante el Bodo\/Glimt donde los de Niko Kovac no pudieron pasar del empate a dos pero en el que Silva dej\u00f3 una gran actuaci\u00f3n, asistiendo en el primer gol a su compa\u00f1ero Brandt, lo que le sirvi\u00f3 para ganarse los elogios de su t\u00e9cnico tras el partido. <\/p>\n<p><img decoding=\"async\" src=\"https:\/\/www.europesays.com\/es\/wp-content\/uploads\/2025\/12\/fe76a8e6-45f8-4601-8592-0a444dc5f0e3_800x533.jpeg\" loading=\"lazy\"\/><\/p>\n<p class=\"parrafo\">\u00abCreo que la actuaci\u00f3n de F\u00e1bio fue excepcional, no solo por haber dado la asistencia del gol, sino por su gran esfuerzo\u00bb, reconoci\u00f3 el entrenador a quien no le extra\u00f1\u00f3 tampoco que el luso estuviera \u00abagotado despu\u00e9s de 60 minutos\u00bb. \u00abSi tu \u00faltimo partido completo de 90 minutos fue en abril, no puedes esperar jugar a ese alto nivel durante 90 minutos\u00bb, dijo Kovac, demostrando cierta deferencia hacia la situaci\u00f3n de Silva.<\/p>\n<p>Creciente competencia y dos alternativas en el Betis<\/p>\n<p class=\"parrafo\">Cabe recordar que el conjunto alem\u00e1n pag\u00f3 en agosto 22,5 millones de euros al Wolverhampton, de ah\u00ed que el Dortmund intente jugar sus cartas teniendo la sarten por el mango. <a href=\"https:\/\/www.estadiodeportivo.com\/futbol\/betis\/fabio-silva-betis-todo-mundo-sabe-que-quiere-20251210-523315.html\" target=\"_blank\" class=\"intext-link\" rel=\"nofollow noopener\">La entrada de otros potentes clubes de Europa como puede ser la Roma<\/a> y alguno m\u00e1s de LaLiga como Valencia y Girona, que acceder\u00edan a un pr\u00e9stamo si el Dortmund se abriera a ello, pone a\u00fan m\u00e1s dificultad a su fichaje para el Betis que a su vez mantiene otras alternativas igualmente ilusionantes.Nuestro compa\u00f1ero de ESTADIO Deportivo \u00d3scar Murillo desvelaba hace un par de d\u00edas en relaci\u00f3n a estas otras posibilidades que se tratan de dos delanteros de nacionalidad extranjero pero uno de ellos con experiencia ya en LaLiga.<\/p>\n","protected":false},"excerpt":{"rendered":"El delantero portugu\u00e9s sigue prefiriendo salir en enero para tener opciones de ir al Mundial pero desde el&hellip;\n","protected":false},"author":2,"featured_media":285943,"comment_status":"","ping_status":"","sticky":false,"template":"","format":"standard","meta":{"footnotes":""},"categories":[268],"tags":[18012,168,25,24,284,64726,285,280,282,1698,18013,286,281,23,167,5419],"class_list":{"0":"post-285942","1":"post","2":"type-post","3":"status-publish","4":"format-standard","5":"has-post-thumbnail","7":"category-futbol","8":"tag-borussia-dortmund","9":"tag-deportes","10":"tag-es","11":"tag-espana","12":"tag-estadio-deportivo","13":"tag-fabio-silva","14":"tag-fichajes","15":"tag-football","16":"tag-futbol","17":"tag-futbol-internacional","18":"tag-girona-fc","19":"tag-real-betis-balompie","20":"tag-soccer","21":"tag-spain","22":"tag-sports","23":"tag-valencia-cf"},"share_on_mastodon":{"url":"https:\/\/pubeurope.com\/@es\/115711268591735484","error":""},"_links":{"self":[{"href":"https:\/\/www.europesays.com\/es\/wp-json\/wp\/v2\/posts\/285942","targetHints":{"allow":["GET"]}}],"collection":[{"href":"https:\/\/www.europesays.com\/es\/wp-json\/wp\/v2\/posts"}],"about":[{"href":"https:\/\/www.europesays.com\/es\/wp-json\/wp\/v2\/types\/post"}],"author":[{"embeddable":true,"href":"https:\/\/www.europesays.com\/es\/wp-json\/wp\/v2\/users\/2"}],"replies":[{"embeddable":true,"href":"https:\/\/www.europesays.com\/es\/wp-json\/wp\/v2\/comments?post=285942"}],"version-history":[{"count":0,"href":"https:\/\/www.europesays.com\/es\/wp-json\/wp\/v2\/posts\/285942\/revisions"}],"wp:featuredmedia":[{"embeddable":true,"href":"https:\/\/www.europesays.com\/es\/wp-json\/wp\/v2\/media\/285943"}],"wp:attachment":[{"href":"https:\/\/www.europesays.com\/es\/wp-json\/wp\/v2\/media?parent=285942"}],"wp:term":[{"taxonomy":"category","embeddable":true,"href":"https:\/\/www.europesays.com\/es\/wp-json\/wp\/v2\/categories?post=285942"},{"taxonomy":"post_tag","embeddable":true,"href":"https:\/\/www.europesays.com\/es\/wp-json\/wp\/v2\/tags?post=285942"}],"curies":[{"name":"wp","href":"https:\/\/api.w.org\/{rel}","templated":true}]}}