{"id":285946,"date":"2025-12-13T08:17:22","date_gmt":"2025-12-13T08:17:22","guid":{"rendered":"https:\/\/www.europesays.com\/es\/285946\/"},"modified":"2025-12-13T08:17:22","modified_gmt":"2025-12-13T08:17:22","slug":"alava-se-retrata-en-12-miradas","status":"publish","type":"post","link":"https:\/\/www.europesays.com\/es\/285946\/","title":{"rendered":"\u00c1lava se retrata en 12 miradas"},"content":{"rendered":"<p class=\"v-mdl-ath__p v-mdl-ath__p--6\">\nS\u00e1bado, 13 de diciembre 2025, 00:17<\/p>\n<p>| Actualizado 08:45h.<\/p>\n<p class=\"v-p\">\u00c1lava vuelve a exhibirse a trav\u00e9s de las c\u00e1maras de quienes mejor conocen sus paisajes. El XIII Concurso de Fotograf\u00eda de EL CORREO, &#8216;Escenas de \u00c1lava&#8217;, con el patrocinio de BBVA, ya tiene a sus doce seleccionados, cuyas im\u00e1genes ilustrar\u00e1n el calendario de 2026. El primer premio \u2013dotado en 1.000 euros\u2013 ha reca\u00eddo en Ane Bl\u00e1zquez, una joven alavesa que este mes cumple 23 a\u00f1os y cuya fotograf\u00eda, &#8216;Luz de Oro&#8217;, ha cautivado al jurado por su juego de capas y la luz c\u00e1lida del atardecer sobre el Santuario de Nuestra Se\u00f1ora de Oro, en Zuia.<\/p>\n<ul class=\"v-u\">\n<li class=\"v-u__l\">\n<p class=\"v-p\">\nCartilla<br \/>\nSe entrega con el peri\u00f3dico el domingo 14 de diciembre.\n<\/p>\n<\/li>\n<li class=\"v-u__l\">\n<p class=\"v-p\">\nCupones<br \/>\nDesde el 15 hasta el 20 de diciembre se publicar\u00e1n los 5 cupones. El d\u00eda 21 habr\u00e1 un cup\u00f3n comod\u00edn.\n<\/p>\n<\/li>\n<li class=\"v-u__l\">\n<p class=\"v-p\">\nCalendario<br \/>\nPara conseguirlo se debe entregar la cartilla completa en cualquier quiosco.\n<\/p>\n<\/li>\n<\/ul>\n<p class=\"v-p\">\u00abFui al monte con unas amigas y el paisaje era espectacular, as\u00ed que decid\u00ed inmortalizar el momento\u00bb, explica. El t\u00edtulo surgi\u00f3 de manera natural. \u00abEra un juego de palabras que me sali\u00f3 muy desde dentro porque se ve\u00eda claramente\u00bb. Admite que le cost\u00f3 elegir la imagen que enviar\u00eda. \u00abEstuve una semana para deducir cu\u00e1l elegir y al final me gui\u00e9 por mi instinto\u00bb. No se equivoc\u00f3.<\/p>\n<p class=\"v-p\">A esa instant\u00e1nea le acompa\u00f1ar\u00e1 &#8216;Ma\u00f1anas de niebla&#8217; de Juan Antonio Ter\u00e1n, quien ha sido reconocido con el segundo puesto (500 euros). Un fot\u00f3grafo que aprovecha las escapadas con amigos para hacer fotos en la provincia. As\u00ed naci\u00f3 la imagen que muestra una manta densa que cubri\u00f3 Ol\u00e1rizu al amanecer, de la que sobresale una fila de edificios entre tonos morados. \u00abFuimos al amanecer y estaba toda la niebla cubierta, pero justo sobresal\u00eda eso y dije &#8216;vamos a aprovechar&#8217;\u00bb, recuerda. Particip\u00f3 hace dos a\u00f1os y ahora celebra su regreso con un podio. <\/p>\n<p><img decoding=\"async\" loading=\"lazy\" src=\"https:\/\/www.europesays.com\/es\/wp-content\/uploads\/2025\/12\/2 PREMIO-01-ENERO-14835-10-mananas-de-niebla-55oab-kUHE--1200x840@El Correo.jpg\" class=\"v-a-img\" width=\"1200\" height=\"840\" alt=\"Imagen de Galeria \"\/><\/p>\n<p>Segundo premio: &#8216;Ma\u00f1anas de niebla&#8217;.                          Juan Antonio Ter\u00e1n                        <\/p>\n<p><img decoding=\"async\" loading=\"lazy\" src=\"https:\/\/www.europesays.com\/es\/wp-content\/uploads\/2025\/12\/3 PREMIO-07- JULIO-14128-10-bajo-el-castillo-gaxyh-kUHE--1200x840@El Correo.jpg\" class=\"v-a-img\" width=\"1200\" height=\"840\" alt=\"Imagen de Galeria \"\/><\/p>\n<p>Tercer premio: &#8216;Bajo el castillo&#8217;.                          Pablo P\u00e9rez Herrero                        <\/p>\n<p><img decoding=\"async\" loading=\"lazy\" src=\"https:\/\/www.europesays.com\/es\/wp-content\/uploads\/2025\/12\/1503734194-kUHE--1200x840@El Correo.jpg\" class=\"v-a-img\" width=\"1200\" height=\"840\" alt=\"Imagen de Galeria \"\/><\/p>\n<p>Laura Blanco, Juan Antonio Ter\u00e1n, Ane Bl\u00e1zquez, Pablo P\u00e9rez Herrero y Miriam Atxaerandio.                          Igor Mart\u00edn                        <\/p>\n<p class=\"v-sld__p-c\">\n1 \/\n<\/p>\n<p class=\"v-p\">El tercer premio (250 euros) lo firma Pablo P\u00e9rez Herrero con &#8216;Bajo el castillo&#8217;, tomada en Ocio, Zambrana. Una estampa divertida de un girasol sonriente bajo la fortaleza del pueblo, sin ning\u00fan tipo de edici\u00f3n digital. \u00abLo que he hecho es quitarle varias semillas al girasol con unas pinzas\u00bb. Un proceso meticuloso en el que tard\u00f3 m\u00e1s que en hacer la propia foto. \u00abMe entretuve un rato haciendo la tonter\u00eda de la sonrisa\u00bb, reconoce entre risas. El encuadre lo planific\u00f3 al detalle. \u00abMir\u00e9 la orientaci\u00f3n del sol. Un d\u00eda fui por la ma\u00f1ana y otro por la tarde, puse el tr\u00edpode y esper\u00e9 a que no hiciera viento\u00bb. Su objetivo era claro. \u00abQuer\u00eda que se viera el castillo y el primer plano de los girasoles. Me pareci\u00f3 una foto para el calendario\u00bb. Dicho y hecho. Las otras nueve fotograf\u00edas (recompensadas a cada autor con un importe de 100 euros) se pueden consultar en concursos.elcorreo.com\/escenas-alava.<\/p>\n<p class=\"v-p\">\u00bfC\u00f3mo se puede conseguir este calendario? Muy sencillo. Solo se debe completar la plantilla que se publicar\u00e1 el domingo 14 de diciembre y rellenarla con los cupones que aparecer\u00e1n en las ediciones del 15 al 21 de diciembre. El calendario estar\u00e1 disponible en los puntos de venta el viernes 19.<\/p>\n<p>Reporta un error<\/p>\n","protected":false},"excerpt":{"rendered":"S\u00e1bado, 13 de diciembre 2025, 00:17 | Actualizado 08:45h. \u00c1lava vuelve a exhibirse a trav\u00e9s de las c\u00e1maras&hellip;\n","protected":false},"author":2,"featured_media":285947,"comment_status":"","ping_status":"","sticky":false,"template":"","format":"standard","meta":{"footnotes":""},"categories":[173],"tags":[3935,229,233,231,230,232,234,146,147,25,24,18710,6965,23],"class_list":{"0":"post-285946","1":"post","2":"type-post","3":"status-publish","4":"format-standard","5":"has-post-thumbnail","7":"category-arte-y-diseno","8":"tag-alava","9":"tag-arte","10":"tag-arte-y-diseno","11":"tag-arts","12":"tag-arts-and-design","13":"tag-design","14":"tag-diseno","15":"tag-entertainment","16":"tag-entretenimiento","17":"tag-es","18":"tag-espana","19":"tag-miradas","20":"tag-retrata","21":"tag-spain"},"share_on_mastodon":{"url":"https:\/\/pubeurope.com\/@es\/115711276026896548","error":""},"_links":{"self":[{"href":"https:\/\/www.europesays.com\/es\/wp-json\/wp\/v2\/posts\/285946","targetHints":{"allow":["GET"]}}],"collection":[{"href":"https:\/\/www.europesays.com\/es\/wp-json\/wp\/v2\/posts"}],"about":[{"href":"https:\/\/www.europesays.com\/es\/wp-json\/wp\/v2\/types\/post"}],"author":[{"embeddable":true,"href":"https:\/\/www.europesays.com\/es\/wp-json\/wp\/v2\/users\/2"}],"replies":[{"embeddable":true,"href":"https:\/\/www.europesays.com\/es\/wp-json\/wp\/v2\/comments?post=285946"}],"version-history":[{"count":0,"href":"https:\/\/www.europesays.com\/es\/wp-json\/wp\/v2\/posts\/285946\/revisions"}],"wp:featuredmedia":[{"embeddable":true,"href":"https:\/\/www.europesays.com\/es\/wp-json\/wp\/v2\/media\/285947"}],"wp:attachment":[{"href":"https:\/\/www.europesays.com\/es\/wp-json\/wp\/v2\/media?parent=285946"}],"wp:term":[{"taxonomy":"category","embeddable":true,"href":"https:\/\/www.europesays.com\/es\/wp-json\/wp\/v2\/categories?post=285946"},{"taxonomy":"post_tag","embeddable":true,"href":"https:\/\/www.europesays.com\/es\/wp-json\/wp\/v2\/tags?post=285946"}],"curies":[{"name":"wp","href":"https:\/\/api.w.org\/{rel}","templated":true}]}}