{"id":285948,"date":"2025-12-13T08:19:43","date_gmt":"2025-12-13T08:19:43","guid":{"rendered":"https:\/\/www.europesays.com\/es\/285948\/"},"modified":"2025-12-13T08:19:43","modified_gmt":"2025-12-13T08:19:43","slug":"nova-estrena-el-proximo-lunes-la-telenovela-mexicana-cuando-seas-mia","status":"publish","type":"post","link":"https:\/\/www.europesays.com\/es\/285948\/","title":{"rendered":"Nova estrena el pr\u00f3ximo lunes la telenovela mexicana &#8216;Cuando seas m\u00eda&#8217;"},"content":{"rendered":"<p data-journey-content=\"true\" data-node-id=\"3\" class=\"css-6wxqfj emevuu60\"><br data-node-id=\"3.0\"\/>&#8216;Cuando seas m\u00eda&#8217; es una producci\u00f3n de TV Azteca estrenada en 2001, <strong data-node-id=\"3.2\">con 238 cap\u00edtulos que conquistaron al p\u00fablico mexicano<\/strong> y que ahora regresan a Espa\u00f1a para atrapar a los espectadores de Nova. Basada en la exitosa historia colombiana &#8216;<a href=\"https:\/\/www.diezminutos.es\/telenovela\/otras\/a64297708\/cafe-con-aroma-de-mujer-telenovela-netflix-comparacion-valle-salvaje-suenos-de-libertad\/\" target=\"_blank\" data-vars-ga-outbound-link=\"https:\/\/www.diezminutos.es\/telenovela\/otras\/a64297708\/cafe-con-aroma-de-mujer-telenovela-netflix-comparacion-valle-salvaje-suenos-de-libertad\/\" data-vars-ga-ux-element=\"Hyperlink\" data-vars-ga-call-to-action=\"Caf\u00e9 con aroma de mujer\" data-node-id=\"3.4\" class=\"body-link css-177bzfx emevuu60\" rel=\"nofollow noopener\">Caf\u00e9 con aroma de mujer<\/a>&#8216;, que tambi\u00e9n ha sido adaptada por <a href=\"https:\/\/www.diezminutos.es\/telenovela\/turcas\/a69405208\/william-levy-serie-camino-a-arcadia-telenovelas-turcas\/\" target=\"_blank\" data-vars-ga-outbound-link=\"https:\/\/www.diezminutos.es\/telenovela\/turcas\/a69405208\/william-levy-serie-camino-a-arcadia-telenovelas-turcas\/\" data-vars-ga-ux-element=\"Hyperlink\" data-vars-ga-call-to-action=\"William Levy\" data-node-id=\"3.6\" class=\"body-link css-177bzfx emevuu60\" rel=\"nofollow noopener\">William Levy<\/a> y <a href=\"https:\/\/www.diezminutos.es\/telenovela\/otras\/g41978015\/laura-londono-vida\/\" target=\"_blank\" data-vars-ga-outbound-link=\"https:\/\/www.diezminutos.es\/telenovela\/otras\/g41978015\/laura-londono-vida\/\" data-vars-ga-ux-element=\"Hyperlink\" data-vars-ga-call-to-action=\"Laura Londo\u00f1o\" data-node-id=\"3.8\" class=\"body-link css-177bzfx emevuu60\" rel=\"nofollow noopener\">Laura Londo\u00f1o<\/a>. la telenovela narra la vida de Teresa Su\u00e1rez \u201cPaloma\u201d, interpretada por Silvia Navarro, una joven recolectora de caf\u00e9 que trabaja junto a su madre en la Hacienda Casa Blanca, propiedad de la poderosa familia S\u00e1nchez Serrano.<\/p>\n<p><img draggable=\"true\" alt=\"cuando seas mia\" title=\"Cuando seas mia\" loading=\"lazy\" width=\"640\" height=\"941\" decoding=\"async\" data-nimg=\"1\" style=\"color:transparent;width:100%;height:auto;\"   src=\"https:\/\/www.europesays.com\/es\/wp-content\/uploads\/2025\/12\/148781-1-693962874c105.jpg\" class=\"css-0 e1g79fud0\"\/><\/p>\n<p>TV Azteca<\/p>\n<p data-journey-content=\"true\" data-node-id=\"7\" class=\"css-6wxqfj emevuu60\">El destino de Paloma cambia cuando conoce a Diego S\u00e1nchez Serrano, personaje de <a href=\"https:\/\/www.diezminutos.es\/telenovela\/a1985611\/sergio-basanez-por-amar-sin-ley-cuando-seas-mia\/\" target=\"_blank\" data-vars-ga-outbound-link=\"https:\/\/www.diezminutos.es\/telenovela\/a1985611\/sergio-basanez-por-amar-sin-ley-cuando-seas-mia\/\" data-vars-ga-ux-element=\"Hyperlink\" data-vars-ga-call-to-action=\"Sergio Bas\u00e1\u00f1ez\" data-node-id=\"7.1\" class=\"body-link css-177bzfx emevuu60\" rel=\"nofollow noopener\">Sergio Bas\u00e1\u00f1ez<\/a>, heredero de la hacienda. Entre ambos surge un amor apasionado, pero marcado por obst\u00e1culos, secretos familiares y rivalidades que pondr\u00e1n a prueba su relaci\u00f3n. <strong data-node-id=\"7.3\">La trama se intensifica con la presencia de otros personajes clave<\/strong>: Anette Michel como la sofisticada y ambiciosa B\u00e1rbara, Rodrigo Abed, Martha Cristiana, Margarita Gralia, Sergio Bustamante y Evangelina Elizondo, quienes aportan giros dram\u00e1ticos y conflictos que enriquecen la historia.<\/p>\n<p>Las claves del \u00e9xito de &#8216;Cuando seas m\u00eda&#8217;<img draggable=\"true\" alt=\"cuando seas mia\" title=\"Cuando seas mia\" loading=\"lazy\" width=\"757\" height=\"760\" decoding=\"async\" data-nimg=\"1\" style=\"color:transparent;width:100%;height:auto;\"   src=\"https:\/\/www.europesays.com\/es\/wp-content\/uploads\/2025\/12\/silvia-navarro-cuando-seas-mia-2043048-69396213ae06d.jpg\" class=\"css-0 e1g79fud0\"\/><\/p>\n<p>TV Azteca<\/p>\n<p data-journey-content=\"true\" data-node-id=\"11\" class=\"css-6wxqfj emevuu60\">La serie destaca por su atm\u00f3sfera rom\u00e1ntica y por el retrato de las tensiones sociales en torno al negocio del caf\u00e9, un elemento que se convierte en met\u00e1fora de lucha, poder y pasi\u00f3n. Adem\u00e1s, <strong data-node-id=\"11.1\">su banda sonora incluye temas inolvidables<\/strong> como &#8216;Cuando seas m\u00eda&#8217;  de Son By Four y baladas de Sin Bandera, que acompa\u00f1an los momentos m\u00e1s emotivos.<\/p>\n<p data-journey-content=\"true\" data-node-id=\"15\" class=\"css-6wxqfj emevuu60\">Lo que hace especial a &#8216;Cuando seas m\u00eda&#8217;  es la combinaci\u00f3n de un romance cl\u00e1sico con personajes complejos y bien construidos. <strong data-node-id=\"15.1\">Paloma encarna la fuerza de la mujer trabajadora<\/strong> que sue\u00f1a con un futuro mejor, mientras Diego representa el dilema entre el amor verdadero y las responsabilidades familiares. Los villanos, con sus intrigas y manipulaciones, aportan tensi\u00f3n constante, convirtiendo cada episodio en un torbellino de emociones. Con su llegada a Nova, <strong data-node-id=\"15.3\">esta telenovela promete revivir la magia de las grandes producciones mexicanas<\/strong> como &#8216;<a href=\"https:\/\/www.diezminutos.es\/telenovela-pasion-de-gavilanes\/\" target=\"_blank\" data-vars-ga-outbound-link=\"https:\/\/www.diezminutos.es\/telenovela-pasion-de-gavilanes\/\" data-vars-ga-ux-element=\"Hyperlink\" data-vars-ga-call-to-action=\"Pasi\u00f3n de gavilanes\" data-node-id=\"15.5\" class=\"body-link css-177bzfx emevuu60\" rel=\"nofollow noopener\">Pasi\u00f3n de gavilanes<\/a>&#8216; y ofrecer a los espectadores tardes llenas de pasi\u00f3n, secretos y giros inesperados. &#8216;Cuando seas m\u00eda&#8217;  no solo es una historia de amor, sino tambi\u00e9n un retrato de la lucha por la libertad y la justicia en un mundo marcado por las diferencias sociales. Este estreno se une al de la turca &#8216;<a href=\"https:\/\/www.diezminutos.es\/telenovela\/turcas\/a68027142\/amor-sin-limite-nova-estreno-serie-turca-ozge-ozpirincci\/\" target=\"_blank\" data-vars-ga-outbound-link=\"https:\/\/www.diezminutos.es\/telenovela\/turcas\/a68027142\/amor-sin-limite-nova-estreno-serie-turca-ozge-ozpirincci\/\" data-vars-ga-ux-element=\"Hyperlink\" data-vars-ga-call-to-action=\"Amor sin l\u00edmite\" data-node-id=\"15.7\" class=\"body-link css-177bzfx emevuu60\" rel=\"nofollow noopener\">Amor sin l\u00edmite<\/a>&#8216;.<\/p>\n<p><img src=\"https:\/\/www.europesays.com\/es\/wp-content\/uploads\/2025\/12\/1765613983_433_43af9b8f-983e-4e74-8e74-9a7479b0966b_1681831601.file\" alt=\"Headshot of Pilar Mart\u00ednez\" title=\"Headshot of Pilar Mart\u00ednez\" width=\"100%\" height=\"100%\" decoding=\"async\" loading=\"lazy\" class=\"css-o0wq4v ev8dhu53\"\/><\/p>\n<p>Pilar Mart\u00ednez es periodista especializada en contenidos de televisi\u00f3n y cultura, se gradu\u00f3 en la carrera en Periodismo en la Facultad de Ciencias de la Informaci\u00f3n (Universidad Complutense de Madrid) en el a\u00f1o 2018. Desde entonces ha pasado por las redacciones de Ecoteuve (El Economista), donde realiz\u00f3 sus primeras pr\u00e1cticas durante el verano del 2016.<\/p>\n<p>Posteriormente, concretamente, en el a\u00f1o 2017 se pas\u00f3 al grupo Hearst Espa\u00f1a, donde comenz\u00f3 su andadura en las revistas de televisi\u00f3n: Supertele, Teleprograma, Telenovela. Ahora colabora con Diez Minutos, en su versi\u00f3n web, donde se encarga de realizar los avances semanales de las ficciones diarias de moda, as\u00ed como entrevistas y art\u00edculos sobre los melodramas o telenovelas que aterrizan en nuestro pa\u00eds y aquellos que est\u00e1n por venir.<\/p>\n<p>Toda una cazadora de exclusivas. A esto, se suma su puesto como redactora jefe de la secci\u00f3n de novela narrativa en la revista Culturamas, medio digital de alto impacto al que lleva unida desde el a\u00f1o 2013. \u00c1vida lectora, cin\u00e9fila y seri\u00e9fila de primer nivel, ha hecho de su vocaci\u00f3n su oficio. \u00a0<\/p>\n","protected":false},"excerpt":{"rendered":"&#8216;Cuando seas m\u00eda&#8217; es una producci\u00f3n de TV Azteca estrenada en 2001, con 238 cap\u00edtulos que conquistaron al&hellip;\n","protected":false},"author":2,"featured_media":285949,"comment_status":"","ping_status":"","sticky":false,"template":"","format":"standard","meta":{"footnotes":""},"categories":[171],"tags":[253,146,147,25,24,23,214],"class_list":{"0":"post-285948","1":"post","2":"type-post","3":"status-publish","4":"format-standard","5":"has-post-thumbnail","7":"category-tv","8":"tag-discover","9":"tag-entertainment","10":"tag-entretenimiento","11":"tag-es","12":"tag-espana","13":"tag-spain","14":"tag-tv"},"share_on_mastodon":{"url":"https:\/\/pubeurope.com\/@es\/115711283787754469","error":""},"_links":{"self":[{"href":"https:\/\/www.europesays.com\/es\/wp-json\/wp\/v2\/posts\/285948","targetHints":{"allow":["GET"]}}],"collection":[{"href":"https:\/\/www.europesays.com\/es\/wp-json\/wp\/v2\/posts"}],"about":[{"href":"https:\/\/www.europesays.com\/es\/wp-json\/wp\/v2\/types\/post"}],"author":[{"embeddable":true,"href":"https:\/\/www.europesays.com\/es\/wp-json\/wp\/v2\/users\/2"}],"replies":[{"embeddable":true,"href":"https:\/\/www.europesays.com\/es\/wp-json\/wp\/v2\/comments?post=285948"}],"version-history":[{"count":0,"href":"https:\/\/www.europesays.com\/es\/wp-json\/wp\/v2\/posts\/285948\/revisions"}],"wp:featuredmedia":[{"embeddable":true,"href":"https:\/\/www.europesays.com\/es\/wp-json\/wp\/v2\/media\/285949"}],"wp:attachment":[{"href":"https:\/\/www.europesays.com\/es\/wp-json\/wp\/v2\/media?parent=285948"}],"wp:term":[{"taxonomy":"category","embeddable":true,"href":"https:\/\/www.europesays.com\/es\/wp-json\/wp\/v2\/categories?post=285948"},{"taxonomy":"post_tag","embeddable":true,"href":"https:\/\/www.europesays.com\/es\/wp-json\/wp\/v2\/tags?post=285948"}],"curies":[{"name":"wp","href":"https:\/\/api.w.org\/{rel}","templated":true}]}}