{"id":285971,"date":"2025-12-13T08:41:17","date_gmt":"2025-12-13T08:41:17","guid":{"rendered":"https:\/\/www.europesays.com\/es\/285971\/"},"modified":"2025-12-13T08:41:17","modified_gmt":"2025-12-13T08:41:17","slug":"la-escultura-de-arturo-fernandez-en-gijon-sera-realidad-en-2026-y-se-hara-por-concurso-publico","status":"publish","type":"post","link":"https:\/\/www.europesays.com\/es\/285971\/","title":{"rendered":"La escultura de Arturo Fern\u00e1ndez en Gij\u00f3n ser\u00e1 realidad en 2026 y se har\u00e1 por concurso p\u00fablico"},"content":{"rendered":"<p><a class=\"v-mdl-ath__fig-a\" href=\"https:\/\/www.elcomercio.es\/autor\/carlos-amado-5088.html\" title=\"Carlos Amado\" rel=\"nofollow noopener\" target=\"_blank\"><br \/>\n<img decoding=\"async\" class=\"v-mdl-ath__img\" src=\"https:\/\/www.europesays.com\/es\/wp-content\/uploads\/2025\/09\/autor-5088-foto-1.jpeg\" alt=\"Carlos Amado\"\/><br \/>\n<\/a><\/p>\n<p class=\"v-mdl-ath__p v-mdl-ath__p--6\">\nViernes, 12 de diciembre 2025, 23:09<\/p>\n<p class=\"v-p\">La <a href=\"https:\/\/www.elcomercio.es\/gijon\/arturo-fernandez-sentara-begona-pronto-posible-20240711223656-nt.html\" target=\"_blank\" data-voc-vtm-id=\"in-text-traffic\" title=\"escultura de Arturo Fern\u00e1ndez \" data-mrf-link=\"www.elcomercio.es\" rel=\"nofollow noopener\">escultura de Arturo Fern\u00e1ndez <\/a>ser\u00e1 una realidad en 2026. As\u00ed lo espera Aitor Mart\u00ednez Valdajos, director de la Fundaci\u00f3n Municipal de Cultural, a la vista de que la pr\u00f3xima junta de gobierno autorizar\u00e1 la convocatoria de un concurso p\u00fablico para la selecci\u00f3n de proyectos art\u00edsticos para la realizaci\u00f3n e instalaci\u00f3n tanto de la esculutura dedicada a Arturo Fern\u00e1ndez, como la dedicada a una mujer pescadera, en homanaje a &#8216;les pecaderes&#8217; de Cimavilla. \u00abEst\u00e1 previsto que se resuelva el concurso en los primeros meses de 2026 y que la ejecuci\u00f3n sea realidad ese mismo a\u00f1o\u00bb, confirm\u00f3 Mart\u00ednez. <\/p>\n<p class=\"v-p\">El concurso que autorizar\u00e1 el pr\u00f3ximo martes el gobierno local tiene un valor estimado de 109.090,90 euros (IVA excluido), a raz\u00f3n de 54.545,45 euros para la propuesta ganadora de cada una de las dos esculturas. <\/p>\n<p class=\"v-p\">Entre otros asuntos de inter\u00e9s que pasar\u00e1n por la junta de gobierno tambi\u00e9n est\u00e1 la aprobaci\u00f3n definitiva de la reparcelaci\u00f3n de la parcela entre Justo del Castillo y la carretera de Castiello, frente a la conocida como la &#8216;rotonda del caballo&#8217;, donde la cadena Lidl tiene previsto instalar el que ser\u00e1 su quinto hipermercado en Gij\u00f3n. Este tr\u00e1mite posibilitar\u00e1 la inscripci\u00f3n registral de los 7.755 metros cuadrados que corresponder\u00e1n a la propiedad privada y los 2.699 correspondientes a suelo p\u00fablico y que deben dedicarse a zonas verdes y viario p\u00fablico.<\/p>\n<p>Plan de Residuos Cero<\/p>\n<p class=\"v-p\">Asimismo, el martes se someter\u00e1 a aprobaci\u00f3n definitiva el Plan de Residuos Cero 2025-2030, un documento que fija 31 medidas para reducir la generaci\u00f3n de residuos y avanzar hacia una econom\u00eda circular con un presupuesto de casi 34 millones de euros. El plan prev\u00e9 actuaciones para mejorar la separaci\u00f3n y reciclaje, as\u00ed como la posibilidad de implantar en el futuro sistemas de pago si no se alcanzan los objetivos de recuperaci\u00f3n establecidos por la Uni\u00f3n Europea. Tambi\u00e9n se va a aprobar la incoaci\u00f3n de expediente para la imposici\u00f3n de penalidades por demora en la ejecuci\u00f3n de las obras de rehabilitaci\u00f3n y renaturalizaci\u00f3n del curso bajo de los r\u00edos Piles y Pe\u00f1afrancia.<\/p>\n<p>Reporta un error<\/p>\n","protected":false},"excerpt":{"rendered":"Viernes, 12 de diciembre 2025, 23:09 La escultura de Arturo Fern\u00e1ndez ser\u00e1 una realidad en 2026. As\u00ed lo&hellip;\n","protected":false},"author":2,"featured_media":285972,"comment_status":"","ping_status":"","sticky":false,"template":"","format":"standard","meta":{"footnotes":""},"categories":[173],"tags":[3076,229,233,231,230,19221,4023,232,234,146,147,25,1246,24,10994,6023,21089,1421,9812,23],"class_list":{"0":"post-285971","1":"post","2":"type-post","3":"status-publish","4":"format-standard","5":"has-post-thumbnail","7":"category-arte-y-diseno","8":"tag-3076","9":"tag-arte","10":"tag-arte-y-diseno","11":"tag-arts","12":"tag-arts-and-design","13":"tag-arturo","14":"tag-concurso","15":"tag-design","16":"tag-diseno","17":"tag-entertainment","18":"tag-entretenimiento","19":"tag-es","20":"tag-escultura","21":"tag-espana","22":"tag-fernandez","23":"tag-gijon","24":"tag-hara","25":"tag-publico","26":"tag-realidad","27":"tag-spain"},"share_on_mastodon":{"url":"https:\/\/pubeurope.com\/@es\/115711369812785862","error":""},"_links":{"self":[{"href":"https:\/\/www.europesays.com\/es\/wp-json\/wp\/v2\/posts\/285971","targetHints":{"allow":["GET"]}}],"collection":[{"href":"https:\/\/www.europesays.com\/es\/wp-json\/wp\/v2\/posts"}],"about":[{"href":"https:\/\/www.europesays.com\/es\/wp-json\/wp\/v2\/types\/post"}],"author":[{"embeddable":true,"href":"https:\/\/www.europesays.com\/es\/wp-json\/wp\/v2\/users\/2"}],"replies":[{"embeddable":true,"href":"https:\/\/www.europesays.com\/es\/wp-json\/wp\/v2\/comments?post=285971"}],"version-history":[{"count":0,"href":"https:\/\/www.europesays.com\/es\/wp-json\/wp\/v2\/posts\/285971\/revisions"}],"wp:featuredmedia":[{"embeddable":true,"href":"https:\/\/www.europesays.com\/es\/wp-json\/wp\/v2\/media\/285972"}],"wp:attachment":[{"href":"https:\/\/www.europesays.com\/es\/wp-json\/wp\/v2\/media?parent=285971"}],"wp:term":[{"taxonomy":"category","embeddable":true,"href":"https:\/\/www.europesays.com\/es\/wp-json\/wp\/v2\/categories?post=285971"},{"taxonomy":"post_tag","embeddable":true,"href":"https:\/\/www.europesays.com\/es\/wp-json\/wp\/v2\/tags?post=285971"}],"curies":[{"name":"wp","href":"https:\/\/api.w.org\/{rel}","templated":true}]}}