{"id":286021,"date":"2025-12-13T09:30:09","date_gmt":"2025-12-13T09:30:09","guid":{"rendered":"https:\/\/www.europesays.com\/es\/286021\/"},"modified":"2025-12-13T09:30:09","modified_gmt":"2025-12-13T09:30:09","slug":"su-replica-es-para-ponerla-en-los-colegios","status":"publish","type":"post","link":"https:\/\/www.europesays.com\/es\/286021\/","title":{"rendered":"su r\u00e9plica es para ponerla en los colegios"},"content":{"rendered":"<p>El rapero\u00a0Domingo Antonio Edjang Moreno, <a href=\"https:\/\/www.huffingtonpost.es\/life\/cultura\/el-chojin.html\" rel=\"nofollow noopener\" target=\"_blank\">m\u00e1s conocido como El Chojin<\/a>, que logr\u00f3 un R\u00e9cord Guinness por rapear un total de 921 s\u00edlabas en un minuto en el a\u00f1o 2008, ha ofrecido una entrevista <a href=\"https:\/\/www.youtube.com\/@radiocable\" target=\"_blank\" rel=\"nofollow noopener\">La Cafetera de\u00a0radiocable<\/a> en la que ha hablado del poder de la m\u00fasica, pero tambi\u00e9n de <b>c\u00f3mo la extrema derecha est\u00e1 calando entre los j\u00f3venes<\/b>.<\/p>\n<p>El rapero se ha caracterizado siempre por hablar con una claridad pasmosa sobre muchos asuntos de actualidad. En esta ocasi\u00f3n, un espectador del programa le pregunt\u00f3 sobre c\u00f3mo la extrema derecha \u00ab<b>haya capitalizado los mensajes de superaci\u00f3n personal a trav\u00e9s del estoicismo<\/b>\u00ab.<\/p>\n<p>\u00abA m\u00ed me flipa que haya tanta gente que utilice palabras que no saben lo que significa. Para validar mensajes que<b> no tienen nada que ver con lo que est\u00e1n haciendo<\/b>\u00ab, ha se\u00f1alado, en primer lugar.<\/p>\n<p>El Chojin ha defendido que \u00ab<b>la ultraderecha es el problema m\u00e1s importante que tenemos a nivel mundial, ahora mismo<\/b>\u00ab. \u00abPorque da la sensaci\u00f3n de que se est\u00e1n validando discursos que primero discriminan y despu\u00e9s justifican actos que van m\u00e1s all\u00e1 de la discriminaci\u00f3n\u00bb, ha a\u00f1adido.<\/p>\n<p>El rapero ha asegurado que est\u00e1n consiguiendo que \u00ab<b>la palabra nosotros cada sea m\u00e1s peque\u00f1ita y quepa cada vez menos gente<\/b>\u00ab. \u00abAl estar m\u00e1s juntitos se sienten m\u00e1s calientes, pero se enfadan m\u00e1s con los otros\u00bb. \u00abEs perfectamente incoherente, en pr\u00e1cticamente todo lo que dicen.\u00a0<\/p>\n<p>El Chojin ha contado que hace unos d\u00edas se encontr\u00f3 con el v\u00eddeo de una mujer de Vox que \u00abiba andando por un barrio, contando los n\u00fameros de negocios de extranjeros en comparaci\u00f3n con los de los espa\u00f1oles\u00bb. \u00abEntonces, yo dec\u00eda que parece contradictorio que se quejen de que las personas de fuera vienen a vivir de paguitas y <b>luego se quejen tambi\u00e9n cuando montan un negocio en el que no obligan a nadie a entrar<\/b>\u00ab, ha criticado.<\/p>\n<p>\u00abEs legal y paga sus impuestos, que se supone que es lo que dec\u00edas que ten\u00edan que hacer. Pero tampoco te vale. <b>Porque, realmente, tu discurso es visceral. Simplemente, odias al de fuera<\/b>\u00ab, ha justificado.<\/p>\n<p>El rapero ha confesado que \u00abuna sociedad no es un grupo homog\u00e9neo de gente\u00bb. \u00abUna sociedad es, necesariamente, heterog\u00e9nea. <b>Cuando hablamos de diversidad, es algo obvio. Somos diferentes. No hay otra opci\u00f3n<\/b>\u00ab, ha expuesto.<\/p>\n<p>Respecto al giro al discurso obrero, El Chojin ha defendido que la ultraderecha \u00abbusca el poder\u00bb y cree que \u00abtoda esa gente va a terminar d\u00e1ndose cuenta cuando esta gente toque el poder que todo es mentira\u00bb. \u00abEntiendo a la gente que quiere le solucionen los problemas, porque estamos muy hu\u00e9rfanos de discurso y de liderazgo. <b>Lo entiendo. Pero no existen soluciones f\u00e1ciles a problemas dif\u00edciles<\/b>\u00ab, ha zanjado.<\/p>\n","protected":false},"excerpt":{"rendered":"El rapero\u00a0Domingo Antonio Edjang Moreno, m\u00e1s conocido como El Chojin, que logr\u00f3 un R\u00e9cord Guinness por rapear un&hellip;\n","protected":false},"author":2,"featured_media":286022,"comment_status":"","ping_status":"","sticky":false,"template":"","format":"standard","meta":{"footnotes":""},"categories":[170],"tags":[68924,146,147,25,24,2287,433,184,185,23],"class_list":{"0":"post-286021","1":"post","2":"type-post","3":"status-publish","4":"format-standard","5":"has-post-thumbnail","7":"category-musica","8":"tag-el-chojin","9":"tag-entertainment","10":"tag-entretenimiento","11":"tag-es","12":"tag-espana","13":"tag-extrema-derecha","14":"tag-jovenes","15":"tag-music","16":"tag-musica","17":"tag-spain"},"share_on_mastodon":{"url":"https:\/\/pubeurope.com\/@es\/115711562588998495","error":""},"_links":{"self":[{"href":"https:\/\/www.europesays.com\/es\/wp-json\/wp\/v2\/posts\/286021","targetHints":{"allow":["GET"]}}],"collection":[{"href":"https:\/\/www.europesays.com\/es\/wp-json\/wp\/v2\/posts"}],"about":[{"href":"https:\/\/www.europesays.com\/es\/wp-json\/wp\/v2\/types\/post"}],"author":[{"embeddable":true,"href":"https:\/\/www.europesays.com\/es\/wp-json\/wp\/v2\/users\/2"}],"replies":[{"embeddable":true,"href":"https:\/\/www.europesays.com\/es\/wp-json\/wp\/v2\/comments?post=286021"}],"version-history":[{"count":0,"href":"https:\/\/www.europesays.com\/es\/wp-json\/wp\/v2\/posts\/286021\/revisions"}],"wp:featuredmedia":[{"embeddable":true,"href":"https:\/\/www.europesays.com\/es\/wp-json\/wp\/v2\/media\/286022"}],"wp:attachment":[{"href":"https:\/\/www.europesays.com\/es\/wp-json\/wp\/v2\/media?parent=286021"}],"wp:term":[{"taxonomy":"category","embeddable":true,"href":"https:\/\/www.europesays.com\/es\/wp-json\/wp\/v2\/categories?post=286021"},{"taxonomy":"post_tag","embeddable":true,"href":"https:\/\/www.europesays.com\/es\/wp-json\/wp\/v2\/tags?post=286021"}],"curies":[{"name":"wp","href":"https:\/\/api.w.org\/{rel}","templated":true}]}}