{"id":286051,"date":"2025-12-13T09:53:10","date_gmt":"2025-12-13T09:53:10","guid":{"rendered":"https:\/\/www.europesays.com\/es\/286051\/"},"modified":"2025-12-13T09:53:10","modified_gmt":"2025-12-13T09:53:10","slug":"despues-de-liam-y-de-flowers-por-que-miley-cyrus-quiere-casarse-de-nuevo","status":"publish","type":"post","link":"https:\/\/www.europesays.com\/es\/286051\/","title":{"rendered":"Despu\u00e9s de Liam y de &#8216;Flowers&#8217;, \u00bfpor qu\u00e9 Miley Cyrus quiere casarse de nuevo?"},"content":{"rendered":"<p class=\"c-paragraph\"><b\/>El a\u00f1o 2025 termina por todo lo alto para <a href=\"https:\/\/www.20minutos.es\/tags\/temas\/miley-cyrus.html\" rel=\"nofollow noopener\" target=\"_blank\">Miley Cyrus<\/a>. La cantante se ha comprometido con su pareja, <b>Maxx Morando<\/b> y el &#8216;culpable&#8217; de que se supiera la noticia fue <a href=\"https:\/\/www.20minutos.es\/gente\/miley-cyrus-podria-estar-comprometida-con-maxx-morando-detalle-que-desata-los-rumores-boda_6905704_0.html\" rel=\"nofollow noopener\" target=\"_blank\">el llamativo anillo de diamantes<\/a> que luci\u00f3 en el preestreno de Avatar: fuego y cenizas (pel\u00edcula para la que <b>ha grabado una de las canciones<\/b>). Al d\u00eda siguiente, las especulaciones llegaron a su fin cuando se confirmaron las sospechas: medios como People y Page Six daban la noticia del compromiso gracias a la <b>confirmaci\u00f3n del entorno de la pareja.<\/b><\/p>\n<p class=\"c-paragraph\">Los artistas<b> llevan juntos m\u00e1s de 4 a\u00f1os<\/b>, por lo que los comienzos de su historia de amor se remontan a 2021. Fueron unos amigos en com\u00fan quienes les organizaron <b>una cita a ciegas para que se conocieran<\/b>. El match fue inmediato y, en noviembre de ese a\u00f1o, los rumores de que estaban saliendo juntos empezaron a circular cuando<b> acudieron juntos a un desfile<\/b> de Gucci.<\/p>\n<p class=\"c-paragraph\">Pero lo que verdaderamente pareci\u00f3 confirmar el romance fue la presencia del m\u00fasico en la grabaci\u00f3n del <b>especial navide\u00f1o que protagoniz\u00f3 Miley Cyrus <\/b>para la NBC. De hecho, d\u00edas despu\u00e9s de haber filmado el show, aprovecharon para disfrutar unos d\u00edas juntos en Miami. En estos a\u00f1os, no han faltado entre sus apariciones p\u00fablicas desfiles de moda o eventos, pero quitando esos actos, ha sido <b>una relaci\u00f3n caracterizada por la discreci\u00f3n.<\/b><\/p>\n<p class=\"c-paragraph\">S\u00ed que cabe mencionar un momento especial -que dio pistas de en qu\u00e9 punto se encontraban-, en febrero de 2024. En esta ocasi\u00f3n Maxx <b>fue la pareja de Miley en los Grammy<\/b> y durante la gala, <b>se sentaron en una mesa con Tish y Brandi Cyrus,<\/b> madre y hermana de la artista. La mejor prueba de que el artista era <b>uno m\u00e1s de la familia.<\/b><\/p>\n<p class=\"c-paragraph\">Por lo que coment\u00f3 una fuente cercana a People, en esa \u00e9poca ya estaban viviendo juntos.\u00a0Y de hecho tiene todo el sentido del mundo el principal motivo por el que su convivencia funcionar\u00eda a la perfecci\u00f3n, ya que la artista ha mencionado que<b> su novio es m\u00e1s privado<\/b> y no sale mucho en la prensa. Excepciones a ello son los puntuales eventos compartidos, como <b>su paso por los Oscar<\/b> o la premier de la pel\u00edcula de ficci\u00f3n de James Cameron, cuando Miley luci\u00f3 el anillo.<\/p>\n<p>Del amor intenso al amor maduro<\/p>\n<p class=\"c-paragraph\">Si bien su historia se ha mantenido en un perfil bajo y no ha trascendido de momento informaci\u00f3n sobre c\u00f3mo ser\u00e1 su boda, s\u00ed sabemos que <b>el de Miley con Maxx ser\u00e1 su segundo matrimonio<\/b>, ya que la cantante estuvo casada con Liam Hemsworth. Sin embargo la suya fue una ruptura que dio la vuelta al mundo, <b>anunciaron su separaci\u00f3n 8 meses despu\u00e9s <\/b>de la boda. Y, con el tiempo, ha calificado esta relaci\u00f3n con el australiano como desastre hasta el punto de que sirvi\u00f3 de inspiraci\u00f3n para <a href=\"https:\/\/www.20minutos.es\/noticia\/5089385\/0\/miley-cyrus-recibe-el-2023-con-un-nuevo-sencillo-titulado-flowers-que-estrenara-el-proximo-13-de-enero\/\" rel=\"nofollow noopener\" target=\"_blank\">Flowers<\/a>, una de sus canciones m\u00e1s exitosas.<\/p>\n<p class=\"c-paragraph\">Fue en agosto de 2019, con la separaci\u00f3n en marcha, que la nueva vida de Miley comenzaba. Puede que en ese momento no tuviera en mente volver a dar ese paso con alguien, de hecho <b>Maxx tardar\u00eda en aparecer en su vida dos a\u00f1os<\/b> desde aquel momento. Pero, teniendo en cuenta que las cosas con Liam tuvieron un final tan abrupto y doloroso, <b>\u00bfqu\u00e9 le llevar\u00eda a Miley querer casarse de nuevo?<\/b><\/p>\n<p class=\"c-paragraph\">En 2026 habr\u00e1n pasado 8 a\u00f1os desde su primer \u00abI do\u00bb, por lo que quien interpret\u00f3 a Hannah Montana, est\u00e1 en otro punto de su vida. Eso y que, en sus propias palabras,\u00a0en una entrevista para\u00a0Haber&#8217;s Bazaar: <b>\u00abMaxx me inspira much\u00edsimo\u00bb<\/b>. Aunque no es raro que despu\u00e9s de un matrimonio, muchas parejas no quieran volver a casarse (P<a href=\"https:\/\/www.20minutos.es\/noticia\/5250548\/0\/amor-puede-llamar-dos-veces-paula-echevarria-miguel-torres\/\" rel=\"nofollow noopener\" target=\"_blank\">aula Echevarr\u00eda y Miguel Torres<\/a> son un gran ejemplo de ello), tambi\u00e9n puede suceder lo contrario. Es m\u00e1s, en el caso de Cyrus y Morando hemos visto c\u00f3mo <b>su amor no se ha construido desde la intensidad y los focos<\/b>, sino desde algo menos vistoso, pero sostenible: la calma y la complicidad.<\/p>\n<p class=\"c-paragraph\">Por ello, en ese sentido, <b>casarse no viene de que haya recuperado la fe en el matrimonio<\/b> m\u00e1gicamente, sino m\u00e1s bien de haberse reconciliado con la idea de elegir a su compa\u00f1ero de vida desde otro lugar. Que ser\u00eda tambi\u00e9n la confirmaci\u00f3n de que el amor puede existir sin convertirse en una batalla constante, lo que le suced\u00eda con su ex. <b>Miley no busca el \u00abFelices para siempre\u00bb<\/b>, sino un paso que encaja con quien es ahora. Ser\u00e1 una decisi\u00f3n tranquila tomada desde la experiencia por lo que el suyo con Maxx ser\u00e1<b> un compromiso consciente que en vez de limitarla, la acompa\u00f1ar\u00e1<\/b>.<\/p>\n","protected":false},"excerpt":{"rendered":"El a\u00f1o 2025 termina por todo lo alto para Miley Cyrus. La cantante se ha comprometido con su&hellip;\n","protected":false},"author":2,"featured_media":286052,"comment_status":"","ping_status":"","sticky":false,"template":"","format":"standard","meta":{"footnotes":""},"categories":[170],"tags":[987,146,147,25,24,68927,7229,184,185,5043,2074,23],"class_list":{"0":"post-286051","1":"post","2":"type-post","3":"status-publish","4":"format-standard","5":"has-post-thumbnail","7":"category-musica","8":"tag-despues","9":"tag-entertainment","10":"tag-entretenimiento","11":"tag-es","12":"tag-espana","13":"tag-flowers","14":"tag-liam","15":"tag-music","16":"tag-musica","17":"tag-por","18":"tag-que","19":"tag-spain"},"share_on_mastodon":{"url":"https:\/\/pubeurope.com\/@es\/115711657016480165","error":""},"_links":{"self":[{"href":"https:\/\/www.europesays.com\/es\/wp-json\/wp\/v2\/posts\/286051","targetHints":{"allow":["GET"]}}],"collection":[{"href":"https:\/\/www.europesays.com\/es\/wp-json\/wp\/v2\/posts"}],"about":[{"href":"https:\/\/www.europesays.com\/es\/wp-json\/wp\/v2\/types\/post"}],"author":[{"embeddable":true,"href":"https:\/\/www.europesays.com\/es\/wp-json\/wp\/v2\/users\/2"}],"replies":[{"embeddable":true,"href":"https:\/\/www.europesays.com\/es\/wp-json\/wp\/v2\/comments?post=286051"}],"version-history":[{"count":0,"href":"https:\/\/www.europesays.com\/es\/wp-json\/wp\/v2\/posts\/286051\/revisions"}],"wp:featuredmedia":[{"embeddable":true,"href":"https:\/\/www.europesays.com\/es\/wp-json\/wp\/v2\/media\/286052"}],"wp:attachment":[{"href":"https:\/\/www.europesays.com\/es\/wp-json\/wp\/v2\/media?parent=286051"}],"wp:term":[{"taxonomy":"category","embeddable":true,"href":"https:\/\/www.europesays.com\/es\/wp-json\/wp\/v2\/categories?post=286051"},{"taxonomy":"post_tag","embeddable":true,"href":"https:\/\/www.europesays.com\/es\/wp-json\/wp\/v2\/tags?post=286051"}],"curies":[{"name":"wp","href":"https:\/\/api.w.org\/{rel}","templated":true}]}}