{"id":286119,"date":"2025-12-13T10:46:14","date_gmt":"2025-12-13T10:46:14","guid":{"rendered":"https:\/\/www.europesays.com\/es\/286119\/"},"modified":"2025-12-13T10:46:14","modified_gmt":"2025-12-13T10:46:14","slug":"estas-son-las-zonas-donde-la-comunidad-recomienda-su-uso-por-la-epidemia-de-gripe","status":"publish","type":"post","link":"https:\/\/www.europesays.com\/es\/286119\/","title":{"rendered":"estas son las zonas donde la Comunidad recomienda su uso por la epidemia de gripe"},"content":{"rendered":"<p class=\"c-paragraph\">Desde hoy, jueves 11 de diciembre, la Comunidad de Madrid recomienda a la poblaci\u00f3n el <b>uso de mascarillas en residencias<\/b>\u00a0con el fin de proteger a las personas m\u00e1s vulnerables, que son los mayores, <a href=\"https:\/\/www.20minutos.es\/madrid\/gripe-supera-ya-pico-contagios-los-ultimos-tres-inviernos-dispara-los-ingresos-entre-mayores_6908400_0.html\" title=\"La gripe supera ya el pico de contagios de los \u00faltimos tres inviernos en Madrid y dispara los ingresos entre mayores\" rel=\"nofollow noopener\" target=\"_blank\">del aumento de contagios\u00a0<\/a>que est\u00e1n habiendo por la gripe, que hoy ha alcanzado el pico registrado en las \u00faltimas tres semanas y por el que ha habido una <a href=\"https:\/\/www.20minutos.es\/madrid\/epidemia-gripe-se-adelanta-madrid-aumentan-los-casos-hospitalizacion-mayores_6903113_0.html\" title=\"La epidemia de gripe se adelanta en Madrid y aumentan los casos de hospitalizaci\u00f3n en mayores\" rel=\"nofollow noopener\" target=\"_blank\">subida de casos de hospitalizaci\u00f3n<\/a> en mayores.\u00a0<\/p>\n<p class=\"c-paragraph\">La medida ha sido tomada por la\u00a0<b>Consejer\u00eda de Sanidad<\/b>, que ha detectado <b>un aumento de 277 contagios por cada 100.000 habitantes<\/b>, habiendo una previsi\u00f3n de subida en las pr\u00f3ximas dos semanas.\u00a0<\/p>\n<p>Espacios donde el uso de la mascarilla es recomendado<\/p>\n<p class=\"c-paragraph\">Adem\u00e1s de en las residencias, el Ejecutivo auton\u00f3mico recomienda el uso de mascarillas a las\u00a0<b>personas que presenten s\u00edntomas en espacios<\/b> como\u00a0medios de transporte p\u00fablicos o centros comerciales, as\u00ed como si se encuentran con gente perteneciente a la poblaci\u00f3n m\u00e1s vulnerable.\u00a0<\/p>\n<p class=\"c-paragraph\">Esta medida adoptada hoy se extender\u00e1 el pr\u00f3ximo lunes, 15 de diciembre,<b> a todos los hospitales y centros de salud de la regi\u00f3n<\/b>. Asimismo, aconsejan que la mascarilla sea de tipo quir\u00fargico.<\/p>\n<p>Las medidas que aconsejan tomar en las residencias<\/p>\n<p class=\"c-paragraph\">Desde la Comunidad de Madrid recomiendan el uso de esta herramienta de prevenci\u00f3n\u00a0<b>a los que viven en residencias y tengan s\u00edntomas<\/b> <b>cuando compartan espacio con otros compa\u00f1eros<\/b>. Tambi\u00e9n se lo aconsejan a los <b>trabajadores y visitantes dentro del recinto<\/b> y en todo momento, aun sin presentar sintomatolog\u00eda.\u00a0<\/p>\n<p class=\"c-paragraph\">Otras medidas preventivas que comparten son <b>un lavado de manos frecuente con agua y jab\u00f3n<\/b>\u00a0durante, al menos, 20 segundos, o con una soluci\u00f3n hidroalcoh\u00f3lica, especialmente antes y despu\u00e9s del contacto con personas que presenten s\u00edntomas respiratorios; <b>el uso de pa\u00f1uelos desechables<\/b>\u00a0con el fin de tapar la boca y la nariz si estornudan o tosen o cubrirse el antebrazo en el caso de no disponer de ello; y <b>que un visitante por residente no coincida<\/b> de manera simult\u00e1nea.\u00a0<\/p>\n<p class=\"c-paragraph\">Tambi\u00e9n, con el fin de <b>prevenir nuevos contagios provocados por la gripe<\/b>, Salud P\u00fablica aconseja las siguientes medidas sobre el entorno de estos recursos sociosanitarios:\u00a0\u00a0<\/p>\n<ul>\n<li><b>Limpieza frecuente de superficies<\/b> como mesas, pomos, barandillas o botones de los ascensores, entre otros espacios.<\/li>\n<li>\u200b<b>Ventilaci\u00f3n habitual en los espacios comunes<\/b>, tanto antes como despu\u00e9s de haber llevado a cabo actividades.<\/li>\n<\/ul>\n","protected":false},"excerpt":{"rendered":"Desde hoy, jueves 11 de diciembre, la Comunidad de Madrid recomienda a la poblaci\u00f3n el uso de mascarillas&hellip;\n","protected":false},"author":2,"featured_media":286120,"comment_status":"","ping_status":"","sticky":false,"template":"","format":"standard","meta":{"footnotes":""},"categories":[92],"tags":[52585,21303,68932,25,24,7749,68935,68934,165,205,58057,166,1811,23,68933],"class_list":{"0":"post-286119","1":"post","2":"type-post","3":"status-publish","4":"format-standard","5":"has-post-thumbnail","7":"category-salud","8":"tag-20loc","9":"tag-epidemia","10":"tag-epidemia-gripe","11":"tag-es","12":"tag-espana","13":"tag-gripe","14":"tag-gripe-k","15":"tag-gripe-variante-k","16":"tag-health","17":"tag-madrid","18":"tag-mascarillas","19":"tag-salud","20":"tag-sanidad","21":"tag-spain","22":"tag-variante-k-gripe"},"share_on_mastodon":{"url":"https:\/\/pubeurope.com\/@es\/115711861374721283","error":""},"_links":{"self":[{"href":"https:\/\/www.europesays.com\/es\/wp-json\/wp\/v2\/posts\/286119","targetHints":{"allow":["GET"]}}],"collection":[{"href":"https:\/\/www.europesays.com\/es\/wp-json\/wp\/v2\/posts"}],"about":[{"href":"https:\/\/www.europesays.com\/es\/wp-json\/wp\/v2\/types\/post"}],"author":[{"embeddable":true,"href":"https:\/\/www.europesays.com\/es\/wp-json\/wp\/v2\/users\/2"}],"replies":[{"embeddable":true,"href":"https:\/\/www.europesays.com\/es\/wp-json\/wp\/v2\/comments?post=286119"}],"version-history":[{"count":0,"href":"https:\/\/www.europesays.com\/es\/wp-json\/wp\/v2\/posts\/286119\/revisions"}],"wp:featuredmedia":[{"embeddable":true,"href":"https:\/\/www.europesays.com\/es\/wp-json\/wp\/v2\/media\/286120"}],"wp:attachment":[{"href":"https:\/\/www.europesays.com\/es\/wp-json\/wp\/v2\/media?parent=286119"}],"wp:term":[{"taxonomy":"category","embeddable":true,"href":"https:\/\/www.europesays.com\/es\/wp-json\/wp\/v2\/categories?post=286119"},{"taxonomy":"post_tag","embeddable":true,"href":"https:\/\/www.europesays.com\/es\/wp-json\/wp\/v2\/tags?post=286119"}],"curies":[{"name":"wp","href":"https:\/\/api.w.org\/{rel}","templated":true}]}}