{"id":286123,"date":"2025-12-13T10:48:15","date_gmt":"2025-12-13T10:48:15","guid":{"rendered":"https:\/\/www.europesays.com\/es\/286123\/"},"modified":"2025-12-13T10:48:15","modified_gmt":"2025-12-13T10:48:15","slug":"espana-estudia-la-corteza-terrestre-y-se-da-cuenta-de-que-la-peninsula-iberica-gira-en-la-direccion-de-las-agujas-del-reloj","status":"publish","type":"post","link":"https:\/\/www.europesays.com\/es\/286123\/","title":{"rendered":"Espa\u00f1a estudia la corteza terrestre y se da cuenta de que la pen\u00ednsula ib\u00e9rica gira en la direcci\u00f3n de las agujas del reloj"},"content":{"rendered":"\n<ul class=\"bodyList bodyList--unordered\">\n<li class=\"bodyList__item\"><a href=\"https:\/\/www.elconfidencial.com\/tecnologia\/ciencia\/2025-12-12\/china-nucleo-tierra-nuevo-estado-materia-1qrt_4264366\/\" target=\"_self\" rel=\"nofollow noopener\">China asegura haber encontrado un nuevo estado de la materia en el n\u00facleo de la Tierra. Y eso resuelve un gran misterio<\/a><\/li>\n<li class=\"bodyList__item\"><a href=\"https:\/\/www.elconfidencial.com\/tecnologia\/ciencia\/2025-03-08\/creacion-nuevo-oceano-tectonica-placas-1qrt_4081165\/\" target=\"_self\" rel=\"nofollow noopener\">Estudian la tect\u00f3nica de placas y ponen fecha a la creaci\u00f3n de un nuevo oc\u00e9ano en la Tierra<\/a><\/li>\n<\/ul>\n<p> Cient\u00edficos espa\u00f1oles especializados en geodin\u00e1mica <a href=\"https:\/\/www.ehu.eus\/es\/web\/campusa\/-\/nuevos-datos-geodinamicos-revelan-que-la-peninsula-iberica-gira-en-la-direccion-de-las-agujas-del-reloj\" target=\"_blank\" rel=\"nofollow noopener\">han identificado<\/a> un comportamiento sostenido en la corteza terrestre de la pen\u00ednsula ib\u00e9rica:<strong> el territorio experimenta un giro lento en el sentido de las agujas del reloj<\/strong>, un fen\u00f3meno vinculado directamente a la interacci\u00f3n prolongada entre la placa euroasi\u00e1tica y la placa africana, seg\u00fan datos s\u00edsmicos y satelitales recientes. <\/p>\n<p> El <a href=\"https:\/\/www.sciencedirect.com\/science\/article\/pii\/S1342937X25002849?via%3Dihub\" target=\"_blank\" rel=\"nofollow noopener\">an\u00e1lisis<\/a> ha sido liderado por <a href=\"https:\/\/ekoizpen-zientifikoa.ehu.eus\/investigadores\/1200964\/detalle\" target=\"_blank\" rel=\"nofollow noopener\">Asier Madarieta<\/a>, investigador del grupo HGI de la Universidad del Pa\u00eds Vasco \/ Euskal Herriko Unibertsitatea (EHU), y se centra en los procesos de<strong> compresi\u00f3n y deformaci\u00f3n <\/strong>que se producen en una de las zonas tect\u00f3nicamente m\u00e1s complejas del Mediterr\u00e1neo occidental, donde la frontera entre placas resulta especialmente difusa. <\/p>\n<p> Tal y como explica el propio Madarieta, \u00ab<strong>la placa eur\u00e1sica y la africana convergen a un ritmo de 4\u20136 mm al a\u00f1o<\/strong>\u00ab. Mientras que esta frontera es clara en regiones como el oc\u00e9ano <a href=\"https:\/\/www.elconfidencial.com\/tecnologia\/ciencia\/2024-06-17\/glaciacion-europa-colapso-atlantico_3903412\/\" target=\"_self\" rel=\"nofollow noopener\">Atl\u00e1ntico<\/a> o el norte de \u00c1frica, al sur de Iberia adopta una configuraci\u00f3n irregular, marcada por m\u00faltiples estructuras activas y una distribuci\u00f3n compleja de los esfuerzos tect\u00f3nicos. <\/p>\n<p>            El papel clave del arco de Gibraltar           <\/p>\n<p> Uno de los elementos centrales del estudio es el <a href=\"https:\/\/www.elconfidencial.com\/tecnologia\/2024-11-20\/motivo-no-puente-estrecho-gibraltar_3970681\/\" target=\"_self\" rel=\"nofollow noopener\">dominio de Albor\u00e1n<\/a>, una regi\u00f3n que condiciona de forma decisiva la geometr\u00eda de la frontera entre Eurasia y \u00c1frica. <strong>Su desplazamiento hacia el oeste<\/strong> ha favorecido la formaci\u00f3n del arco activo de Gibraltar, que conecta la cordillera B\u00e9tica con el Rif norteafricano y act\u00faa como un amortiguador tect\u00f3nico. <\/p>\n<p> \u00abLos nuevos datos confirman que la pen\u00ednsula ib\u00e9rica est\u00e1 girando en el sentido de las agujas del reloj\u00bb, se\u00f1ala Madarieta. Seg\u00fan detalla, al este del estrecho de Gibraltar, <strong>la deformaci\u00f3n asociada a la colisi\u00f3n entre placas<\/strong> queda absorbida por la propia corteza del arco, mientras que al oeste se produce un contacto m\u00e1s directo que facilita la transmisi\u00f3n de esfuerzos hacia el suroeste peninsular. <\/p>\n<p>              <img decoding=\"async\" class=\"inTextNews__img\" alt=\"Foto: nasa-tsunami-kumchatka-rusia-algo-inusual-1qrt\" src=\"https:\/\/www.europesays.com\/es\/wp-content\/uploads\/2025\/12\/f.elconfidencial.com\/original\/a53\/280\/ead\/a53280ead4f382e905e964ba98656703.jpg\"  \/>     <\/p>\n<p>TE PUEDE INTERESAR<\/p>\n<p>      <a class=\"inTextNews__title\" href=\"https:\/\/www.elconfidencial.com\/tecnologia\/ciencia\/2025-12-05\/nasa-tsunami-kumchatka-rusia-algo-inusual-1qrt_4260178\/\" onclick=\"window.ECCO.emit(&#039;amplitude&#039;, { dataEventName: &#039;click_related_article_module&#039;, data: { related_article_url: &#039;https:\/\/www.elconfidencial.com\/tecnologia\/ciencia\/2025-12-05\/nasa-tsunami-kumchatka-rusia-algo-inusual-1qrt_4260178\/&#039;, related_article_author: &#039;R. Badillo&#039;, related_article_section: &#039;ciencia&#039; } })\" rel=\"nofollow noopener\" target=\"_blank\"> Un sat\u00e9lite de la NASA observ\u00f3 el tsunami de Kamchatka, Rusia: ahora sabemos que encontr\u00f3 algo inusual <\/a>   <\/p>\n<p>    R. Badillo   <\/p>\n<p> Para llegar a estas conclusiones, el equipo ha combinado el estudio de los campos de esfuerzo, obtenidos a partir de <strong>terremotos registrados en las \u00faltimas d\u00e9cadas<\/strong>, con los campos de deformaci\u00f3n superficial derivados de observaciones satelitales de alta precisi\u00f3n, una integraci\u00f3n clave para interpretar c\u00f3mo responde la <a href=\"https:\/\/www.elconfidencial.com\/tecnologia\/2025-08-11\/analisis-superficie-tierra-gran-preocupacion-1qrt_4182377\/\" target=\"_self\" rel=\"nofollow noopener\">superficie terrestre<\/a> a las tensiones profundas. <\/p>\n<p> Los resultados permiten adem\u00e1s acotar las zonas donde podr\u00edan localizarse fallas activas, <strong>estructuras capaces de generar terremotos<\/strong>. Esta informaci\u00f3n es fundamental para proyectos como la <a href=\"https:\/\/datos.gob.es\/gl\/catalogo\/ea0010987-qafi-base-de-datos-de-fallas-del-cuaternario-de-la-peninsula-iberica1\" target=\"_blank\" rel=\"nofollow noopener\">QAFI<\/a>, la base de datos de fallas cuaternarias de Iberia, a\u00fan incompleta en \u00e1reas como el oeste de los Pirineos o el sector occidental del arco de Gibraltar, donde ser\u00e1n necesarios estudios geol\u00f3gicos y geof\u00edsicos m\u00e1s detallados. <\/p>\n","protected":false},"excerpt":{"rendered":"China asegura haber encontrado un nuevo estado de la materia en el n\u00facleo de la Tierra. Y eso&hellip;\n","protected":false},"author":2,"featured_media":286124,"comment_status":"","ping_status":"","sticky":false,"template":"","format":"standard","meta":{"footnotes":""},"categories":[81],"tags":[119,123,124,25,24,117,121,122,23,118,120],"class_list":{"0":"post-286123","1":"post","2":"type-post","3":"status-publish","4":"format-standard","5":"has-post-thumbnail","7":"category-ciencia-y-tecnologia","8":"tag-ciencia","9":"tag-ciencia-y-tecnologia","10":"tag-cienciaytecnologia","11":"tag-es","12":"tag-espana","13":"tag-science","14":"tag-science-and-technology","15":"tag-scienceandtechnology","16":"tag-spain","17":"tag-technology","18":"tag-tecnologia"},"share_on_mastodon":{"url":"https:\/\/pubeurope.com\/@es\/115711869819515262","error":""},"_links":{"self":[{"href":"https:\/\/www.europesays.com\/es\/wp-json\/wp\/v2\/posts\/286123","targetHints":{"allow":["GET"]}}],"collection":[{"href":"https:\/\/www.europesays.com\/es\/wp-json\/wp\/v2\/posts"}],"about":[{"href":"https:\/\/www.europesays.com\/es\/wp-json\/wp\/v2\/types\/post"}],"author":[{"embeddable":true,"href":"https:\/\/www.europesays.com\/es\/wp-json\/wp\/v2\/users\/2"}],"replies":[{"embeddable":true,"href":"https:\/\/www.europesays.com\/es\/wp-json\/wp\/v2\/comments?post=286123"}],"version-history":[{"count":0,"href":"https:\/\/www.europesays.com\/es\/wp-json\/wp\/v2\/posts\/286123\/revisions"}],"wp:featuredmedia":[{"embeddable":true,"href":"https:\/\/www.europesays.com\/es\/wp-json\/wp\/v2\/media\/286124"}],"wp:attachment":[{"href":"https:\/\/www.europesays.com\/es\/wp-json\/wp\/v2\/media?parent=286123"}],"wp:term":[{"taxonomy":"category","embeddable":true,"href":"https:\/\/www.europesays.com\/es\/wp-json\/wp\/v2\/categories?post=286123"},{"taxonomy":"post_tag","embeddable":true,"href":"https:\/\/www.europesays.com\/es\/wp-json\/wp\/v2\/tags?post=286123"}],"curies":[{"name":"wp","href":"https:\/\/api.w.org\/{rel}","templated":true}]}}