{"id":286179,"date":"2025-12-13T11:48:09","date_gmt":"2025-12-13T11:48:09","guid":{"rendered":"https:\/\/www.europesays.com\/es\/286179\/"},"modified":"2025-12-13T11:48:09","modified_gmt":"2025-12-13T11:48:09","slug":"raul-gonzalez-se-ofrece-al-rival-del-sporting-de-la-proxima-semana-que-estrenara-entrenador-contra-los-sportinguistas","status":"publish","type":"post","link":"https:\/\/www.europesays.com\/es\/286179\/","title":{"rendered":"Ra\u00fal Gonz\u00e1lez se ofrece al rival del Sporting de la pr\u00f3xima semana, que estrenar\u00e1 entrenador contra los sportinguistas"},"content":{"rendered":"<p>\t\t \t\t\tRa\u00fal Gonz\u00e1lez, entrenador del Real Madrid Castilla <strong class=\"pd-l\"\/><\/p>\n<p>\t\t\t\t\t\tIncertidumbre en los banquillos de un rival pr\u00f3ximo<br \/>\n\t\t\t\t\t\t<strong>13 dic 2025<\/strong> . Actualizado a las 10:58 h.\t\t\t\t\t\t<\/p>\n<p class=\"first-paragraph txt\">Plantilla y cuerpo t\u00e9cnico del <strong>Real Sporting de Gij\u00f3n<\/strong> mantienen sus miras puestas en el partido que disputar\u00e1n este s\u00e1bado ante el <strong>Granada<\/strong>, con otro encuentro, \u00e9ste de Copa del Rey, entre semana. Sin embargo, una <strong>inc\u00f3gnita<\/strong> se mantiene a\u00fan a esta hora en el banquillo del siguiente rival en liga con el que se dar\u00e1 carpetazo al a\u00f1o 2025. El <strong>CD Legan\u00e9s a\u00fan est\u00e1 en busca de entrenador<\/strong>, y en las quinielas de diversos medios ha aparecido el nombre del exfutbolista del Real Madrid y exentrenador de la cantera merengue, <strong>Ra\u00fal Gonz\u00e1lez Blanco<\/strong>.<\/p>\n<p class=\"txt\">Tal y como apunta la Cadena SER en Legan\u00e9s, el t\u00e9cnico <strong>se habr\u00eda ofrecido<\/strong> para el banquillo pepinero, si bien la b\u00fasqueda se mantiene activa valorando todas las opciones que ofrece el mercado de entrenadores disponibles. La rumorolog\u00eda habitual de estos casos se mantiene con el conjunto madrile\u00f1o, que si algo tiene seguro es el duelo de este s\u00e1bado en El Sardinero ante el <strong>Racing de Santander de Jos\u00e9 Alberto<\/strong> (18:30 horas).<\/p>\n<p class=\"txt\">Un encuentro que dirigir\u00e1\u00a0<strong>Igor Oca<\/strong>, hasta hace escasos d\u00edas\u00a0t\u00e9cnico del segundo equipo del Legan\u00e9s. El <strong>interino<\/strong> asumi\u00f3 el cargo acto seguido de que el club decidiese cesar a <strong>Paco L\u00f3pez<\/strong> tras caer eliminado en la segunda ronda de la Copa del Rey ante el Albacete, que culmin\u00f3 la mala din\u00e1mica de los madrile\u00f1os en liga, ocupando bajo su mando la\u00a0decimoctava posici\u00f3n\u00a0con 18 puntos, figurando como\u00a0el peor local de la categor\u00eda. <strong>Con Oca<\/strong> <strong>ya sumaron un punto en Butarque<\/strong> al haber dirigido el pasado encuentro ante el C\u00f3rdoba (0-0), ascendiendo dos puestos en la tabla.<\/p>\n<p class=\"txt\">&#13;<br \/>\n\t\t&#13;<br \/>\n\t\t\t&#13;<br \/>\n\t\t&#13;<br \/>\n\t\t&#13;<br \/>\n\t\t&#13;<br \/>\n\t\t\t\t\t\t\t\t\t\t\t\t&#13;<br \/>\n\t\t\t\t\t\t\t\t&#13;<br \/>\n&#13;<br \/>\n&#13;<\/p>\n<p>\t\t\t&#13;<br \/>\n\t&#13;<\/p>\n<p>\t\t\t<a href=\"https:\/\/www.lavozdeasturias.es\/noticia\/sporting1905\/2025\/12\/11\/4-opciones-sporting-sustituir-smith-baja-ante-granada\/00031765480526713115554.htm\" data-analytics=\"link-embed\" rel=\"nofollow noopener\" target=\"_blank\">Las 4 opciones del Sporting para sustituir a Smith, baja ante el Granada<\/a><\/p>\n<p class=\"a-min-author\">\n<p>\t\t\t\t\t\t\t\t\t\t\tDani Souto<\/p>\n<p>\t&#13;<br \/>\n\t&#13;<br \/>\n&#13;<br \/>\n\t\t\t\t&#13;<br \/>\n\t\t\t\t&#13;<br \/>\n\t&#13;<br \/>\n\t\t\t&#13;<br \/>\n\t\t\t&#13;<br \/>\n\t\t&#13;\n<\/p>\n<p class=\"txt\">Su relevo definitivo en el banquillo <strong>se est\u00e1 haciendo esperar<\/strong>, sin descartar incluso la continuidad del interino. Una f\u00f3rmula que se est\u00e1 volviendo costumbre en Segunda Divisi\u00f3n, donde se suceden ya <strong>9 ceses de entrenadores<\/strong> sin haber alcanzado a\u00fan el ecuador de la temporada. En el caso del Sporting, el recambio<strong> se produjo r\u00e1pido<\/strong> en comparaci\u00f3n con la llegada de<strong> Borja Jim\u00e9nez<\/strong> en sustituci\u00f3n de <strong>Asier Garitano<\/strong>, pero ya son varios los clubes en la categor\u00eda que est\u00e1n tardando bastante m\u00e1s en cerrar sus banquillos.<\/p>\n<p class=\"txt\">Todo ello a pesar de lo acotadas que son las opciones en el mercado, y es que como viene siendo habitual pr\u00e1cticamente en cada uno de estos ceses, <strong>Rub\u00e9n Alb\u00e9s ha sido relacionado<\/strong> tambi\u00e9n con el banquillo de Butarque seg\u00fan la prensa local. Sin embargo, el t\u00e9cnico gallego, sin un nuevo proyecto en los banquillos tras su cese en el Sporting, donde m\u00e1s est\u00e1 sonando con fuerza en prensa en las \u00faltimas horas es precisamente a <strong>Primera Divisi\u00f3n<\/strong>, como candidato a tomar las riendas del <strong>Levante<\/strong>, con <strong>Sergio Gonz\u00e1lez<\/strong>, otro ya cl\u00e1sico de estas quinielas, como principal competencia para el puesto.<\/p>\n<p class=\"txt\">&#13;<br \/>\n\t\t&#13;<br \/>\n\t\t\t&#13;<br \/>\n\t\t&#13;<br \/>\n\t\t&#13;<br \/>\n\t\t&#13;<br \/>\n\t\t\t\t\t\t\t\t\t\t\t\t&#13;<br \/>\n\t\t\t\t\t\t\t\t&#13;<br \/>\n&#13;<br \/>\n&#13;<\/p>\n<p>\t\t\t&#13;<br \/>\n\t&#13;<\/p>\n<p>\t\t\t<a href=\"https:\/\/www.lavozdeasturias.es\/noticia\/sporting1905\/2025\/12\/11\/salida-cortes-sporting-tendria-dificultad-extra-normativa-fifa\/00031765487024829747922.htm\" data-analytics=\"link-embed\" rel=\"nofollow noopener\" target=\"_blank\">La FIFA reduce las opciones de que Cort\u00e9s salga del Sporting por una\u00a0norma que le afectar\u00eda<\/a><\/p>\n<p class=\"a-min-author\">\n<p>\t\t\t\t\t\t\t\t\t\t\tDani Souto<\/p>\n<p>\t&#13;<br \/>\n\t&#13;<br \/>\n&#13;<br \/>\n\t\t\t\t&#13;<br \/>\n\t\t\t\t&#13;<br \/>\n\t&#13;<br \/>\n\t\t\t&#13;<br \/>\n\t\t\t&#13;<br \/>\n\t\t&#13;\n<\/p>\n<p class=\"ladillo\">Quinielona<\/p>\n<p class=\"txt\">Todos los suscriptores de pago pueden enviarnos al email sporting1905web@gmail.com su resultado (1 o X o 2 junto a su nick o nombre en caso de no utilizar el foro) de los siguientes partidos: Sporting &#8211; Granada, Zaragoza &#8211; C\u00e1diz y Ceuta &#8211; Las Palmas. El que m\u00e1s acierte al finalizar la temporada recibir\u00e1 una\u00a0camiseta oficial del Sporting\u00a0de la pr\u00f3xima campa\u00f1a.<\/p>\n<p>&#13;<br \/>\n\tArchivado en:&#13;<br \/>\n\t\t\t\t\t<a href=\"https:\/\/www.lavozdeasturias.es\/temas\/sporting-de-gijon\/\" target=\"_blank\" class=\"mg-l\" rel=\"nofollow noopener\">Sporting de Gij\u00f3n<\/a>&#13;<br \/>\n\t&#13;<\/p>\n","protected":false},"excerpt":{"rendered":"Ra\u00fal Gonz\u00e1lez, entrenador del Real Madrid Castilla Incertidumbre en los banquillos de un rival pr\u00f3ximo 13 dic 2025&hellip;\n","protected":false},"author":2,"featured_media":286180,"comment_status":"","ping_status":"","sticky":false,"template":"","format":"standard","meta":{"footnotes":""},"categories":[268],"tags":[168,25,24,280,282,281,23,4783,167],"class_list":{"0":"post-286179","1":"post","2":"type-post","3":"status-publish","4":"format-standard","5":"has-post-thumbnail","7":"category-futbol","8":"tag-deportes","9":"tag-es","10":"tag-espana","11":"tag-football","12":"tag-futbol","13":"tag-soccer","14":"tag-spain","15":"tag-sporting-de-gijon","16":"tag-sports"},"share_on_mastodon":{"url":"https:\/\/pubeurope.com\/@es\/115712105185970419","error":""},"_links":{"self":[{"href":"https:\/\/www.europesays.com\/es\/wp-json\/wp\/v2\/posts\/286179","targetHints":{"allow":["GET"]}}],"collection":[{"href":"https:\/\/www.europesays.com\/es\/wp-json\/wp\/v2\/posts"}],"about":[{"href":"https:\/\/www.europesays.com\/es\/wp-json\/wp\/v2\/types\/post"}],"author":[{"embeddable":true,"href":"https:\/\/www.europesays.com\/es\/wp-json\/wp\/v2\/users\/2"}],"replies":[{"embeddable":true,"href":"https:\/\/www.europesays.com\/es\/wp-json\/wp\/v2\/comments?post=286179"}],"version-history":[{"count":0,"href":"https:\/\/www.europesays.com\/es\/wp-json\/wp\/v2\/posts\/286179\/revisions"}],"wp:featuredmedia":[{"embeddable":true,"href":"https:\/\/www.europesays.com\/es\/wp-json\/wp\/v2\/media\/286180"}],"wp:attachment":[{"href":"https:\/\/www.europesays.com\/es\/wp-json\/wp\/v2\/media?parent=286179"}],"wp:term":[{"taxonomy":"category","embeddable":true,"href":"https:\/\/www.europesays.com\/es\/wp-json\/wp\/v2\/categories?post=286179"},{"taxonomy":"post_tag","embeddable":true,"href":"https:\/\/www.europesays.com\/es\/wp-json\/wp\/v2\/tags?post=286179"}],"curies":[{"name":"wp","href":"https:\/\/api.w.org\/{rel}","templated":true}]}}