{"id":286210,"date":"2025-12-13T12:25:08","date_gmt":"2025-12-13T12:25:08","guid":{"rendered":"https:\/\/www.europesays.com\/es\/286210\/"},"modified":"2025-12-13T12:25:08","modified_gmt":"2025-12-13T12:25:08","slug":"charlie-mcgettigan-apoya-a-nemo-y-desafia-a-la-uer-devolviendo-su-trofeo-de-eurovision-television","status":"publish","type":"post","link":"https:\/\/www.europesays.com\/es\/286210\/","title":{"rendered":"Charlie McGettigan apoya a Nemo y desaf\u00eda a la UER devolviendo su trofeo de Eurovisi\u00f3n | Televisi\u00f3n"},"content":{"rendered":"<p class=\"\">La pol\u00e9mica en torno a Eurovisi\u00f3n sigue creciendo. La decisi\u00f3n de la Uni\u00f3n Europea de Radiodifusi\u00f3n (UER) de <a href=\"https:\/\/elpais.com\/television\/2025-12-04\/eurovision-decide-que-israel-participe-en-la-edicion-de-2026.html\" target=\"_blank\" rel=\"nofollow noopener\" title=\"https:\/\/elpais.com\/television\/2025-12-04\/eurovision-decide-que-israel-participe-en-la-edicion-de-2026.html\">permitir la participaci\u00f3n de Israel en Eurovisi\u00f3n 2026<\/a> ha provocado una cascada de reacciones dentro y fuera del certamen. La negativa de Espa\u00f1a a participar como forma de protesta ha supuesto un punto de inflexi\u00f3n, sum\u00e1ndose a pa\u00edses como Irlanda, Eslovenia, Pa\u00edses Bajos y, m\u00e1s recientemente, Islandia. A este clima de rechazo se a\u00f1adi\u00f3 el gesto quien gan\u00f3 Eurovisi\u00f3n 2024, Nemo, que decidi\u00f3 devolver su trofeo a la UER. Ahora, esa protesta ha sido secundada por otro vencedor hist\u00f3rico del festival: el irland\u00e9s Charlie McGettigan, ganador en 1994, que ha anunciado que har\u00e1 lo mismo en apoyo a Nemo.<\/p>\n<p class=\"\">McGettigan lo comunic\u00f3 a trav\u00e9s de un v\u00eddeo publicado en redes sociales. \u201cHola, soy Charlie McGettigan. Quiz\u00e1 me recuerden porque Paul Harrington y yo ganamos el Festival de Eurovisi\u00f3n en 1994 con la maravillosa canci\u00f3n de Brendan Graham, Rock \u2019n\u2019 Roll Kids\u201d, dice el cantante, que explica que la noche anterior a grabar el v\u00eddeo <a href=\"https:\/\/elpais.com\/television\/2025-12-11\/nemo-devuelve-a-la-uer-el-trofeo-de-su-victoria-en-eurovision-2024-a-modo-de-protesta-por-mantener-a-israel-en-el-certamen.html\" target=\"_self\" rel=\"nofollow noopener\" title=\"https:\/\/elpais.com\/television\/2025-12-11\/nemo-devuelve-a-la-uer-el-trofeo-de-su-victoria-en-eurovision-2024-a-modo-de-protesta-por-mantener-a-israel-en-el-certamen.html\">recibi\u00f3 un mensaje privado en Instagram de Nemo<\/a>, en el que le comunicaba su decisi\u00f3n de devolver el trofeo como protesta por la inclusi\u00f3n de Israel en el certamen.<\/p>\n<p class=\"\">\u201cMe pareci\u00f3 una persona inteligente y sensible, y expuso el caso realmente bien\u201d, afirm\u00f3 McGettigan en referencia al mensaje de Nemo. Tras reflexionar sobre ello, tom\u00f3 su decisi\u00f3n: \u201cEn apoyo a Nemo, <a href=\"https:\/\/elpais.com\/television\/2025-12-04\/israel-arremete-contra-los-paises-que-se-retiran-de-eurovision-que-la-desgracia-caiga-sobre-ellos.html\" target=\"_self\" rel=\"nofollow noopener\" title=\"https:\/\/elpais.com\/television\/2025-12-04\/israel-arremete-contra-los-paises-que-se-retiran-de-eurovision-que-la-desgracia-caiga-sobre-ellos.html\">me gustar\u00eda devolver tambi\u00e9n mi trofeo a la UER<\/a>\u201d. No obstante, el artista confiesa una dificultad a\u00f1adida: \u201cDesafortunadamente, gan\u00e9 en 1994 y no consigo encontrar el trofeo que recibimos entonces. Pero si lo encuentro, tambi\u00e9n lo devolver\u00e9\u201d.<\/p>\n<p><b>Nemo, el inicio de la protesta<\/b><\/p>\n<p class=\"\">Nemo ha sido uno de los primeros ganadores del festival en alzar la voz p\u00fablicamente contra la decisi\u00f3n de la UER, convirti\u00e9ndose adem\u00e1s en la primera persona ganadora del certamen en devolver su trofeo. A trav\u00e9s de un comunicado en redes sociales, critic\u00f3 duramente la postura del organismo: \u201c<a href=\"https:\/\/elpais.com\/expres\/2025-12-11\/del-festival-de-la-union-al-festival-de-la-division-cinco-paises-se-retiran-de-eurovision-por-la-participacion-de-israel.html\" target=\"_blank\" rel=\"noreferrer nofollow noopener\" title=\"https:\/\/elpais.com\/expres\/2025-12-11\/del-festival-de-la-union-al-festival-de-la-division-cinco-paises-se-retiran-de-eurovision-por-la-participacion-de-israel.html\">Eurovisi\u00f3n afirma promover la inclusi\u00f3n, la uni\u00f3n y la dignidad para todos<\/a>, pero la participaci\u00f3n de Israel demuestra un claro conflicto entre esos valores y la decisi\u00f3n adoptada por la UER\u201d, expres\u00f3. <\/p>\n<p class=\"\">Su gesto ha abierto la puerta a una protesta simb\u00f3lica sin precedentes entre los ganadores del festival. Esa protesta, unida a la cascada de reacciones internacionales surgida tras la decisi\u00f3n de la UER el pasado d\u00eda 4 y la espantada de los cinco pa\u00edses (otros como Suiza, Austria o Alemania hab\u00edan asegurado justo lo contrario: que se ir\u00edan si Israel era expulsada) amenaza con que la pol\u00e9mica seguir\u00e1 creciendo hasta la misma celebraci\u00f3n del certamen, el pr\u00f3ximo 16 de mayo en Viena.<\/p>\n","protected":false},"excerpt":{"rendered":"La pol\u00e9mica en torno a Eurovisi\u00f3n sigue creciendo. La decisi\u00f3n de la Uni\u00f3n Europea de Radiodifusi\u00f3n (UER) de&hellip;\n","protected":false},"author":2,"featured_media":286211,"comment_status":"","ping_status":"","sticky":false,"template":"","format":"standard","meta":{"footnotes":""},"categories":[171],"tags":[3061,68,146,147,25,24,25188,2908,3195,518,23,807,214,25165,4965],"class_list":{"0":"post-286210","1":"post","2":"type-post","3":"status-publish","4":"format-standard","5":"has-post-thumbnail","7":"category-tv","8":"tag-cantantes","9":"tag-conflicto-arabe-israeli","10":"tag-entertainment","11":"tag-entretenimiento","12":"tag-es","13":"tag-espana","14":"tag-festival-eurovision","15":"tag-irlanda","16":"tag-judios","17":"tag-rtve","18":"tag-spain","19":"tag-television","20":"tag-tv","21":"tag-uer","22":"tag-viena"},"share_on_mastodon":{"url":"https:\/\/pubeurope.com\/@es\/115712250693963266","error":""},"_links":{"self":[{"href":"https:\/\/www.europesays.com\/es\/wp-json\/wp\/v2\/posts\/286210","targetHints":{"allow":["GET"]}}],"collection":[{"href":"https:\/\/www.europesays.com\/es\/wp-json\/wp\/v2\/posts"}],"about":[{"href":"https:\/\/www.europesays.com\/es\/wp-json\/wp\/v2\/types\/post"}],"author":[{"embeddable":true,"href":"https:\/\/www.europesays.com\/es\/wp-json\/wp\/v2\/users\/2"}],"replies":[{"embeddable":true,"href":"https:\/\/www.europesays.com\/es\/wp-json\/wp\/v2\/comments?post=286210"}],"version-history":[{"count":0,"href":"https:\/\/www.europesays.com\/es\/wp-json\/wp\/v2\/posts\/286210\/revisions"}],"wp:featuredmedia":[{"embeddable":true,"href":"https:\/\/www.europesays.com\/es\/wp-json\/wp\/v2\/media\/286211"}],"wp:attachment":[{"href":"https:\/\/www.europesays.com\/es\/wp-json\/wp\/v2\/media?parent=286210"}],"wp:term":[{"taxonomy":"category","embeddable":true,"href":"https:\/\/www.europesays.com\/es\/wp-json\/wp\/v2\/categories?post=286210"},{"taxonomy":"post_tag","embeddable":true,"href":"https:\/\/www.europesays.com\/es\/wp-json\/wp\/v2\/tags?post=286210"}],"curies":[{"name":"wp","href":"https:\/\/api.w.org\/{rel}","templated":true}]}}