{"id":286333,"date":"2025-12-13T14:00:32","date_gmt":"2025-12-13T14:00:32","guid":{"rendered":"https:\/\/www.europesays.com\/es\/286333\/"},"modified":"2025-12-13T14:00:32","modified_gmt":"2025-12-13T14:00:32","slug":"visito-la-isla-habitada-mas-remota-del-planeta-y-convivio-con-nenets-en-siberia-la-fotografa-argentina-que-recorrio-112-paises","status":"publish","type":"post","link":"https:\/\/www.europesays.com\/es\/286333\/","title":{"rendered":"Visit\u00f3 la isla habitada m\u00e1s remota del planeta y convivi\u00f3 con nenets en Siberia: la fot\u00f3grafa argentina que recorri\u00f3 112 pa\u00edses"},"content":{"rendered":"<p>Sof\u00eda pas\u00f3 una semana con los Nenets en Siberia a menos 30\u202f\u00b0C y comiendo carne cruda de reno<\/p>\n<p class=\"paragraph\">Cuando ten\u00eda 14 a\u00f1os, <b>Sof\u00eda Prado<\/b> hizo una lista que hoy, a sus 33, todav\u00eda relee con asombro. La titul\u00f3 \u201cYou only live once\u201d (Solo se vive una vez) y anot\u00f3, uno por uno, situaciones y destinos que parec\u00edan salidos de una pel\u00edcula: recibir el A\u00f1o Nuevo en Nueva York; dormir en una casa del \u00e1rbol en Maldivas; festejar Halloween en Salem, Massachusetts; perseguir una tormenta en Kansas; cruzar la Cordillera de los Andes a caballo; ver la migraci\u00f3n del cangrejo rojo en la Isla de Navidad en Australia; pasar una noche en el desierto; recibir el amanecer en camello en el Sahara, entre otras.<\/p>\n<p class=\"paragraph\">\u201cSiempre supe que quer\u00eda explorar el mundo.<b> En plena adolescencia, cuando los chicos de mi edad miraban <\/b><b>MTV<\/b><b>, yo me pasaba horas hipnotizada con el canal de <\/b><b>National Geographic<\/b>. As\u00ed surgi\u00f3 una lista de 154 lugares que quer\u00eda conocer\u201d, dice. Hace poco la encontr\u00f3 haciendo una limpieza. <b>\u201c\u00bfC\u00f3mo sab\u00eda todo eso?\u201d<\/b>, se pregunta ahora, mientras vuelve sobre esa letra adolescente.<\/p>\n<p><img alt=\"La lista que Sof\u00eda hizo\" class=\"global-image\" decoding=\"async\" fetchpriority=\"low\" height=\"708\" loading=\"lazy\" src=\"https:\/\/www.europesays.com\/es\/wp-content\/uploads\/2025\/12\/RXUIQHJFE5HJHCIEVVANSQR2LA.JPG\" width=\"532\"\/>La lista que Sof\u00eda hizo cuando ten\u00eda 14 a\u00f1os<\/p>\n<p class=\"paragraph\">Sof\u00eda naci\u00f3 y se cri\u00f3 en Avellaneda, al sur del conurbano bonaerense. Estudi\u00f3 Publicidad, se especializ\u00f3 en direcci\u00f3n de arte y despu\u00e9s vir\u00f3 hacia el fotoperiodismo y la fotograf\u00eda documental. El objetivo \u2014aunque entonces lejano\u2014 siempre fue el mismo: recorrer el planeta. \u201cUna compa\u00f1era siempre se acuerda de que en los primeros a\u00f1os de la carrera nos sent\u00e1bamos al fondo y yo, en vez de prestar atenci\u00f3n a la clase, estaba organizando un viaje a Tailandia\u201d, recuerda entre risas.<\/p>\n<p class=\"paragraph\"><b>Su primer viaje lo hizo a los 20<\/b>. Fueron dos, en realidad: M\u00e9xico con su pap\u00e1 y Sud\u00e1frica con su t\u00eda. \u201cLlev\u00e9 una c\u00e1mara digital, de esas chiquititas que hab\u00eda antes, y empec\u00e9 a retratar a las personas. <b>En ese viaje se despert\u00f3 mi parte art\u00edstica<\/b>\u201d, cuenta. Poco despu\u00e9s comenz\u00f3 a subir sus fotos a su cuenta de Instagram (@sofimprado) y a armar, en paralelo, un proyecto que ofrec\u00eda a oficinas de turismo: documentar celebraciones y expresiones culturales en distintas partes del mundo. \u201cFueron a\u00f1os de insistir y de trabajar duro para juntar dinero para seguir viajando y tener material para mostrar\u201d, dice. Le dijeron que no decenas de veces. Finalmente, en 2017, lleg\u00f3 el primer s\u00ed y, con \u00e9l, una seguidilla de viajes que no se detendr\u00edan.<\/p>\n<p class=\"paragraph\">\u201cPas\u00e9 una Navidad en Groenlandia, volv\u00ed, estuve una semana en Argentina y me fui a documentar el Up Helly AA, un festival anual del fuego que se celebra en las Islas Shetland, en Escocia. Despu\u00e9s me fui a las Islas Malvinas, pas\u00e9 por mi casa otros cuatro d\u00edas, y vol\u00e9 a la Isla de Pascua, en el medio del Oc\u00e9ano Pac\u00edfico, a m\u00e1s de 3.500 kil\u00f3metros de la costa chilena. Todo mi 2018 y 2019 fue una locura\u201d, dice. <\/p>\n<p class=\"paragraph\">Desde entonces, Sof\u00eda se convirti\u00f3 en una ciudadana del mundo.<b> Lleva 112 pa\u00edses recorridos<\/b>, m\u00e1s de la mitad de ellos<b> <\/b>junto a<b> <\/b>su marido Daniel, un catal\u00e1n que conoci\u00f3 camino a Australia, unos d\u00edas antes del cierre de fronteras por el Covid. En esta entrevista con <b>Infobae<\/b> arma un ranking de sus cinco experiencias m\u00e1s intensas, hace un balance de la d\u00e9cada que vivi\u00f3 sin casa fija y confiesa qu\u00e9 destino la dej\u00f3 \u201cpsicol\u00f3gicamente destruida\u201d. Adem\u00e1s, aclara: \u201cDespu\u00e9s de haber conocido todo lo que conoc\u00ed, puedo decir que <b>Argentina es uno de los mejores pa\u00edses del planeta<\/b>\u201d.<\/p>\n<p><img alt=\"En 2017 Sof\u00eda hizo el\" class=\"global-image\" decoding=\"async\" fetchpriority=\"low\" height=\"4016\" loading=\"lazy\" src=\"https:\/\/www.europesays.com\/es\/wp-content\/uploads\/2025\/12\/Z7KOFYXSWJBKXFD4XAPP3YV6FI.jpg\" width=\"6016\"\/>En 2017 Sof\u00eda hizo el cruce de Los Andes a caballo junto a su mam\u00e1. \u201cMe gustar\u00eda volver a hacerlo porque cuando lo hice era chica\u00bb, dice<\/p>\n<p class=\"paragraph\">Sof\u00eda investiga cada destino antes de viajar. \u201cA veces soy yo la que va a buscar historias; otras veces, las historias llegan a m\u00ed\u201d, dice. Su viaje a Filipinas empez\u00f3 porque <b>quer\u00eda conocer a Whang-Od, la tatuadora tradicional m\u00e1s anciana del mundo<\/b>, que le dej\u00f3 su firma en la piel: tres puntos. Pero al llegar al aeropuerto se cruz\u00f3 con un escritor que le habl\u00f3 de <b>un cementerio donde viv\u00eda gente<\/b>. Ese dato le bast\u00f3 para saber que ten\u00eda que ir all\u00ed tambi\u00e9n.<\/p>\n<p class=\"paragraph\">\u201cMe cost\u00f3 un mont\u00f3n conseguir que alguien me llevara porque no quieren que haya turistas\u201d, cuenta. Lo logr\u00f3 el \u00faltimo d\u00eda, gracias a la amiga de un amigo. \u201cMe dijo: <b>\u2018Yo te llevo, pero ten\u00e9s que estar escondida\u2019<\/b>\u201d. Despu\u00e9s la subieron a un tuctuc. \u201cCuando llegamos, vi a un nene con un arma de juguete que hizo el gesto de dispararme. As\u00ed entramos. <b>\u2018En este cementerio hay que tenerle m\u00e1s miedo a los vivos que a los muertos\u2019<\/b>, nos dec\u00edan\u201d. Tras un rato recorriendo y conversando con los residentes, su gu\u00eda fue clara: <b>\u201cNos tenemos que ir. Hay muchos ojos mir\u00e1ndonos\u201d<\/b>.<\/p>\n<p class=\"paragraph\">En el cementerio Norte de Manila, un terreno de 54 hect\u00e1reas, viven entre seis mil y diez mil personas. Sof\u00eda lo cont\u00f3 despu\u00e9s en un video que super\u00f3 los 11 millones de visualizaciones y que figura a continuaci\u00f3n en esta nota. \u201cEs una de las realidades m\u00e1s crudas que vi\u201d, cont\u00f3. \u201c<b>Literalmente, la gente mont\u00f3 sus casas en las tumbas: tele, cocina, comedor, todo en un mausoleo<\/b>. Hay residentes que llegaron hace cuarenta a\u00f1os, como Dani, que limpia y protege las tumbas a cambio de unos pesos de las familias. Otros trabajan reciclando basura dentro del predio y usan las tumbas como puestos. Desde afuera puede parecer misterioso o singular, pero para quienes habitan all\u00ed es muy duro: carecen de servicios b\u00e1sicos adecuados y seguridad, la vida diaria combina adaptaci\u00f3n, riesgo constante y la urgencia de sobrevivir\u201d.<\/p>\n<p>En Manila, un enorme cementerio funciona desde hace a\u00f1os como un barrio donde la gente construy\u00f3 sus viviendas<br \/>\n<img alt=\"En Manila, Sof\u00eda y su\" class=\"global-image\" decoding=\"async\" fetchpriority=\"low\" height=\"5304\" loading=\"lazy\" src=\"https:\/\/www.europesays.com\/es\/wp-content\/uploads\/2025\/12\/G5QZZSKPI5B37ABEBSHBBI2CD4.jpg\" width=\"7952\"\/>En Manila, Sof\u00eda y su marido \u201cEl Cata\u201d, tambi\u00e9n visitaron a Whang-Od, la tatuadora tradicional m\u00e1s anciana del mundo<\/p>\n<p class=\"paragraph\">Llegar a la comunidad nenet fue una prueba de resistencia. \u201c<b>Tuvimos que tomar tres trenes y despu\u00e9s hacer un viaje de 15 horas en una moto de nieve<\/b>\u201d, cuenta. El campamento estaba aislado, rodeado de tundra y a \u201330 \u00b0C. \u201cMe levantaba, miraba alrededor y dec\u00eda:<b> \u2018No puedo creer que estoy ac\u00e1\u2019<\/b>. Me sorprend\u00eda haber llegado tan lejos, rebusc\u00e1ndomela y sin ser millonaria\u201d, asegura.<\/p>\n<p class=\"paragraph\">La convivencia fue extrema. \u201c<b>Ellos com\u00edan carne cruda de reno con sangre. Prob\u00e9, pero no me gust\u00f3. Por suerte me hab\u00eda llevado chocolate<\/b>\u201d, dice. El plan era quedarse una semana, pero una tormenta de nieve los oblig\u00f3 a prolongar la estad\u00eda. La rutina era acompa\u00f1ar a una familia en sus movimientos: \u201cCuando empieza la primavera, se van mudando cada quince d\u00edas porque los renos necesitan nieve m\u00e1s congelada. Una vez tuvimos que desarmar todo el campamento y buscar un nuevo lugar para refugiarnos. Pasamos horas a la intemperie\u201d.<\/p>\n<p class=\"paragraph\">La experiencia la marc\u00f3. \u201cUn d\u00eda pregunt\u00e9 c\u00f3mo hac\u00edan para ba\u00f1arse y me dijeron: <b>\u2018Nosotros nos ba\u00f1amos una vez por a\u00f1o\u2019<\/b>. Ah\u00ed ca\u00ed en la cuenta de lo que damos por sentado: el agua, la calefacci\u00f3n\u2026\u201d, dice. Tambi\u00e9n entendi\u00f3 por qu\u00e9 comen carne cruda: \u201cEn la tundra no hay mucha le\u00f1a. La poca que hay la usan para calentarse, no pueden usarla para cocinar\u201d.<\/p>\n<p><img alt=\"Para llegar a la comunidad\" class=\"global-image\" decoding=\"async\" fetchpriority=\"low\" height=\"4032\" loading=\"lazy\" src=\"https:\/\/www.europesays.com\/es\/wp-content\/uploads\/2025\/12\/UU4L2XYYG5DUJKESKHT37US3CE.jpeg\" width=\"3024\"\/>Para llegar a la comunidad nenet, Sof\u00eda y el \u201cEl Cata\u201d tomaron tres trenes e hicieron un viaje de 15 horas en una moto de nieve<img alt=\"Pasaron m\u00e1s de una semana\" class=\"global-image\" decoding=\"async\" fetchpriority=\"low\" height=\"5304\" loading=\"lazy\" src=\"https:\/\/www.europesays.com\/es\/wp-content\/uploads\/2025\/12\/KAASF2KNXZBVLOPMLW5C6HKRDI.jpg\" width=\"7952\"\/>Pasaron m\u00e1s de una semana en un campamento que estaba aislado y a \u201330 \u00b0C<\/p>\n<p class=\"paragraph\">En 2021, cuando las fronteras empezaron a abrirse despu\u00e9s de la pandemia, Sof\u00eda y \u201cel Cata\u201d eligieron Estados Unidos como destino para salir a documentar. \u201cNos compramos un auto, sacamos los asientos de atr\u00e1s para hacer una cama y vivimos seis meses ah\u00ed\u201d, recuerda. El viaje fue austero: acampaban donde pod\u00edan, cocinaban en una mesa desmontable e improvisaban duchas con tarros de agua caliente.<\/p>\n<p class=\"paragraph\">\u201c<b>De los 50 estados que tiene EE.UU. recorrimos 25<\/b>. Salimos de lo convencional \u2014Miami, Nueva York, Washington\u2014 y nos metimos en la Am\u00e9rica profunda\u201d, cuenta. En ese camino apareci\u00f3 de todo: desde la invitaci\u00f3n a un rodeo hasta la chance de pasar algunos d\u00edas con una familia menonita que los recibi\u00f3 en su casa iluminada con velas.<\/p>\n<p class=\"paragraph\">La escena m\u00e1s tensa lleg\u00f3 en Nevada, frente a la famosa <a href=\"https:\/\/www.infobae.com\/america\/tendencias-america\/2022\/05\/11\/los-secretos-del-area-51-como-es-el-sitio-prohibido-de-eeuu-donde-algunos-creen-que-hay-extraterrestres\/\" target=\"_blank\" rel=\"noreferrer nofollow noopener\" title=\"https:\/\/www.infobae.com\/america\/tendencias-america\/2022\/05\/11\/los-secretos-del-area-51-como-es-el-sitio-prohibido-de-eeuu-donde-algunos-creen-que-hay-extraterrestres\/\">\u00c1rea 51<\/a>. <b>\u201cFue la primera vez que tuve miedo de verdad\u201d<\/b>, admite Sof\u00eda. Un exmilitar que manejaba un motel donde se hospedaron les dibuj\u00f3 un mapa para llegar a la entrada de la base. \u201cFuimos hasta la puerta, baj\u00e9 y saqu\u00e9 algunas fotos. Fueron cinco minutos\u201d, recuerda. Lo siguiente fue un helic\u00f3ptero acerc\u00e1ndose a toda velocidad. \u201cVen\u00eda cada vez m\u00e1s cerca, hasta que vi que ten\u00eda una metralleta. En un momento empez\u00f3 a revolear el arma arriba nuestro. <b>\u2018No puede estar pasando esto\u2019<\/b>, pens\u00e9\u201d.<\/p>\n<p><img alt=\"En la entrada del \u00c1rea\" class=\"global-image\" decoding=\"async\" fetchpriority=\"low\" height=\"4016\" loading=\"lazy\" src=\"https:\/\/www.europesays.com\/es\/wp-content\/uploads\/2025\/12\/C5CV4AWYARBXFOYAOVKINKJ53U.jpg\" width=\"6016\"\/>En la entrada del \u00c1rea 51. \u201cFue la primera vez que tuve miedo de verdad\u201d, admite Sof\u00eda<\/p>\n<p class=\"paragraph\">Conocer a la tribu mundari era su sue\u00f1o adolescente. \u201cVisualmente, siempre me llam\u00f3 la atenci\u00f3n. Son muy altos y tienen una relaci\u00f3n superprofunda y vital con sus vacas que, adem\u00e1s, tienen unos cuernos largu\u00edsimos\u201d, dice. Ir\u00f3nicamente, <b>Sud\u00e1n del Sur<\/b>,<b> <\/b>termin\u00f3 siendo el \u00faltimo pa\u00eds que recorri\u00f3,<b> <\/b>antes de asentarse en Espa\u00f1a, donde vive desde hace unos meses. <\/p>\n<p class=\"paragraph\">Los mundari viven en campamentos donde humanos y ganado conviven sin distancia. \u201cDe d\u00eda, las mujeres y los ni\u00f1os amontonan los excrementos de vaca en pilas. Cuando el esti\u00e9rcol se seca, lo queman y de esa combusti\u00f3n sale una ceniza, que se aplican en la piel y en la de los animales para protegerse del calor. El humo funciona como una cortina para mantener alejados a los insectos durante la noche\u201d, explica Sof\u00eda.<\/p>\n<p class=\"paragraph\">Y sigue: \u201cLa cultura gira por completo alrededor del ganado. <b>Toman leche de vaca y se ba\u00f1an con pis del animal: la vaca est\u00e1 haciendo pis y ellos se meten abajo para lavarse la cabeza. Creen que tiene propiedades antis\u00e9pticas<\/b>\u201d. Tambi\u00e9n recuerda una escena que todav\u00eda la hace re\u00edr: \u201cUn d\u00eda me invitaron un caf\u00e9. Yo dije que no porque sab\u00eda que capaz me ca\u00eda mal. Y me dicen: \u2018Tranquila, el agua est\u00e1 hervida\u2019. Lo prob\u00e9\u2026 y despu\u00e9s vi que hab\u00edan lavado la taza con pis de vaca\u201d.<\/p>\n<p class=\"paragraph\">Y sigue: \u201cFueron amables y muy curiosos. <b>Cuando llegamos, no pod\u00edan entender c\u00f3mo mi marido no me hab\u00eda comprado<\/b>\u201d, dice. Las mujeres mundari son peladas y la presencia de Sof\u00eda gener\u00f3 curiosidad inmediata. \u201c<b>Tengo un video donde varias de ellas est\u00e1n toc\u00e1ndome el pelo. Les parec\u00eda incre\u00edble que lo tuviera tan largo y suave<\/b>\u201d. <\/p>\n<p><img alt=\"\u201cLos mundari se ba\u00f1an con\" class=\"global-image\" decoding=\"async\" fetchpriority=\"low\" height=\"5304\" loading=\"lazy\" src=\"https:\/\/www.europesays.com\/es\/wp-content\/uploads\/2025\/12\/5RN2A5EINVE65AKFVTTRKTZ5IQ.jpg\" width=\"7952\"\/>\u201cLos mundari se ba\u00f1an con pis de vaca: la vaca est\u00e1 haciendo pis y ellos se meten abajo para lavarse la cabeza\u201d, cuenta Sof\u00eda <img alt=\"Un ni\u00f1o mundari tomando leche\" class=\"global-image\" decoding=\"async\" fetchpriority=\"low\" height=\"5304\" loading=\"lazy\" src=\"https:\/\/www.europesays.com\/es\/wp-content\/uploads\/2025\/12\/DLEQ366VDVAPTCPK3WHI2GKT7Y.jpg\" width=\"7952\"\/>Un ni\u00f1o mundari tomando leche directamente de la vaca<\/p>\n<p class=\"paragraph\">La traves\u00eda que Sof\u00eda hizo a bordo del Bark Europa \u2014una fragata holandesa de 114 a\u00f1os\u2014 fue, para ella, la coronaci\u00f3n de su vida n\u00f3made. \u201cSiempre hab\u00eda querido ir a la Ant\u00e1rtida. Era el continente que me faltaba, pero quer\u00eda ir fiel a mi estilo\u201d, cuenta. Y aunque viene de una familia de pescadores y \u201cestuvo en barcos millones de veces\u201d, este viaje fue distinto: \u201cUn barco a vela, que se mov\u00eda todo el tiempo\u201d.<\/p>\n<p class=\"paragraph\">La navegaci\u00f3n fue exigente desde el primer d\u00eda. \u201c<b>Hab\u00eda que hacer guardias de madrugada con viento, fr\u00edo y lluvia. Las tareas iban desde buscar icebergs hasta ayudar con las velas<\/b>\u201d, cuenta. En dos d\u00edas tuvo que aprenderse los nombres de decenas de cabos en ingl\u00e9s. \u201cA veces era un l\u00edo: lluvia por todos lados y alguien de la tripulaci\u00f3n grit\u00e1ndote qu\u00e9 vela mover. Yo no entend\u00eda nada. Pero agradezco haberlo hecho: aprend\u00ed un mundo nuevo\u201d.<\/p>\n<p class=\"paragraph\">Tambi\u00e9n hubo momentos irrepetibles. \u201cLlegamos hasta donde el mar se congela y ya no se puede avanzar. Bajamos del barco y caminamos por el mar congelado, en la zona donde se hundi\u00f3 el <a href=\"https:\/\/www.infobae.com\/america\/historia-america\/2022\/02\/13\/ultima-mision-para-encontrar-al-endurance-la-historia-del-legendario-barco-perdido-en-la-antartida-hace-mas-de-100-anos\/?gad_source=1&amp;gad_campaignid=20993778607&amp;gbraid=0AAAAADmqXxQNCU-YkzH-0ei4_L--jZ7d2&amp;gclid=Cj0KCQiA9OnJBhD-ARIsAPV51xPMNVc2jM3_Ze84WrscwtQf5AndGnggtwLUYsoHbfqSPRbFtwHBMlQaArEIEALw_wcB\" target=\"_blank\" rel=\"noreferrer nofollow noopener\" title=\"https:\/\/www.infobae.com\/america\/historia-america\/2022\/02\/13\/ultima-mision-para-encontrar-al-endurance-la-historia-del-legendario-barco-perdido-en-la-antartida-hace-mas-de-100-anos\/?gad_source=1&amp;gad_campaignid=20993778607&amp;gbraid=0AAAAADmqXxQNCU-YkzH-0ei4_L--jZ7d2&amp;gclid=Cj0KCQiA9OnJBhD-ARIsAPV51xPMNVc2jM3_Ze84WrscwtQf5AndGnggtwLUYsoHbfqSPRbFtwHBMlQaArEIEALw_wcB\">Endurance de Shackleton<\/a>\u201d. Una noche, mientras hac\u00eda una guardia con su marido, una ballena emergi\u00f3 al lado del barco y los empap\u00f3: \u201cFue incre\u00edble\u201d.<\/p>\n<p class=\"paragraph\">Despu\u00e9s de la Ant\u00e1rtida y las Georgias del Sur, la fragata sigui\u00f3 hacia <b>Trist\u00e1n de Acu\u00f1a, la isla habitada m\u00e1s remota del mundo<\/b>: 240 personas cuya \u00fanica conexi\u00f3n con el resto del planeta son los barcos de carga que llegan cada dos o tres meses, m\u00e1s alg\u00fan velero o barco tur\u00edstico ocasional. \u201cHay un bar, un hospital, un supermercado y un caf\u00e9. Todos trabajan para el Estado o en la empaquetadora de langostas. Y todos cultivan papas\u201d, describe Sof\u00eda. All\u00ed conoci\u00f3 a familias, j\u00f3venes y una comunidad orgullosa de su aislamiento. \u201cNos contaron que hac\u00eda poco hab\u00edan tenido el primer nacimiento oficial en la isla\u201d, dice.<\/p>\n<p>Sof\u00eda Prado cruz\u00f3 el oc\u00e9ano Atl\u00e1ntico en una fragata de 114 a\u00f1os y lleg\u00f3 a Trist\u00e1n de Acu\u00f1a, la isla habitada m\u00e1s remota del mundo<\/p>\n<p class=\"paragraph\"><b>\u2014\u00bfC\u00f3mo es realmente la vida n\u00f3mada?<\/b><\/p>\n<p class=\"paragraph\">\u2014Te pone a prueba. La comida, por ejemplo: al principio quer\u00eda probar todo, pero cuando tu vida es comer cosas nuevas todos los d\u00edas, ya no quer\u00e9s hacerlo. <b>En India pas\u00e9 un mes a papas fritas, bananas y pan porque era lo \u00fanico que pod\u00eda comer<\/b>. El tema del ba\u00f1o tambi\u00e9n me cost\u00f3. Si no me ba\u00f1o, me cuesta dormir, y hubo viajes \u2014como en Siberia con los nenets\u2014 en los que pas\u00e9 siete d\u00edas sin poder hacerlo. En Estados Unidos, viviendo en un auto, me ba\u00f1aba tir\u00e1ndome tarros de agua caliente. <b>La primera vez que volv\u00ed a una casa despu\u00e9s de meses viajando, no me acordaba de que pod\u00eda lavarme los dientes abriendo una canilla<\/b>. <\/p>\n<p class=\"paragraph\"><b>\u2014Recorriste 112 pa\u00edses. \u00bfCu\u00e1l fue el que menos te gust\u00f3 y por qu\u00e9?<\/b><\/p>\n<p class=\"paragraph\">\u2014Bangladesh me cost\u00f3 mucho. Fue muy duro. Fuimos al cementerio de barcos, el desarmadero de Chittagong, que es el m\u00e1s grande del mundo. Ah\u00ed desarman barcos que llegan de Europa y de pa\u00edses desarrollados: en vez de mandarlos a un astillero, los mandan a Bangladesh. <b>Todo est\u00e1 contaminado y la gente trabaja en condiciones tremendas<\/b>: soldando o desarmando un barco en ojotas, respirando gases t\u00f3xicos sin una mascarilla. <b>Hab\u00eda un hombre batiendo alquitr\u00e1n con la mano<\/b>. El ambiente era irrespirable, lleno de poluci\u00f3n. Y te pasa que quer\u00e9s ayudar pero no sab\u00e9s c\u00f3mo, porque no es una situaci\u00f3n puntual: es un pa\u00eds entero que necesita ayuda. Me pareci\u00f3 dur\u00edsimo. Me destruy\u00f3 psicol\u00f3gicamente.<\/p>\n<p class=\"paragraph\"><b>\u2014\u00bfCu\u00e1les te faltan recorrer?<\/b><\/p>\n<p class=\"paragraph\">\u2014Varios. En Europa me quedan varios pa\u00edses; por ejemplo, no conozco B\u00e9lgica. En \u00c1frica hice solo la mitad porque las visas eran muy caras. Tengo muchas ganas de conocer Argelia y Libia. Tambi\u00e9n quiero ir a Surinam y a Guyana. Lo que me pasa es que me gusta mucho volver a lugares donde ya estuve: Estados Unidos, Rusia e India, por ejemplo, los recorr\u00ed varias veces. <b>Quiero volver a Rusia porque ah\u00ed est\u00e1 la ciudad m\u00e1s fr\u00eda del mundo<\/b> y siento que esa experiencia me falta. Nunca hay suficiente tiempo. <b>De Argentina todav\u00eda me faltan dos provincias: Corrientes y Chaco<\/b>.<\/p>\n<p><img alt=\"Sof\u00eda recorri\u00f3 112 pa\u00edses \" class=\"global-image\" decoding=\"async\" fetchpriority=\"low\" height=\"1080\" loading=\"lazy\" src=\"https:\/\/www.europesays.com\/es\/wp-content\/uploads\/2025\/12\/74PIZNRJHBG4DHUHUHN2U5APWU.jpg\" width=\"1920\"\/>Sof\u00eda recorri\u00f3 112 pa\u00edses <\/p>\n<p class=\"paragraph\"><b>\u2014\u00bfQu\u00e9 fue lo que m\u00e1s te gust\u00f3 de nuestro pa\u00eds?<\/b><\/p>\n<p class=\"paragraph\">\u2014En 2017 hice el <b>cruce de los Andes<\/b> a caballo y me pareci\u00f3 espectacular. Conoc\u00ed a pastores trashumantes que llevan sus cabras por la monta\u00f1a, viven en la cordillera y hacen queso de cabra ah\u00ed mismo. Me encantar\u00eda repetirlo ahora, con m\u00e1s experiencia, y poder hablar m\u00e1s con ellos sobre su trabajo. Tambi\u00e9n conoc\u00ed el desierto de<b> T\u00edo Punco<\/b>, en Tucum\u00e1n. Es un desierto chiquito, donde viven solo dos personas, dos viejitos en una casita. Y tenemos maravillas como el <a rel=\"noopener noreferrer nofollow\" href=\"https:\/\/www.infobae.com\/sociedad\/2025\/04\/07\/el-enigmatico-cono-de-arita-una-maravilla-geologica-en-el-corazon-de-la-puna-saltena\/\" target=\"_blank\" title=\"https:\/\/www.infobae.com\/sociedad\/2025\/04\/07\/el-enigmatico-cono-de-arita-una-maravilla-geologica-en-el-corazon-de-la-puna-saltena\/\"><b>Cono de Arita<\/b><\/a>, esa formaci\u00f3n perfecta en el l\u00edmite entre Salta y Catamarca. Para llegar manejamos como diez horas con \u201cel Cata\u201d hasta un pueblo m\u00ednimo con un solo hotel y una se\u00f1ora nos cocin\u00f3. Ese tipo de cosas son \u00e9picas de Argentina. Despu\u00e9s de haber conocido todo lo que conoc\u00ed, puedo decir que <b>Argentina es uno de los mejores pa\u00edses del planeta<\/b>.<\/p>\n<p class=\"paragraph\"><b>\u2014Dejaste la vida n\u00f3made, pero no las aventuras, \u00bfcu\u00e1l es tu pr\u00f3ximo viaje?<\/b><\/p>\n<p class=\"paragraph\">\u2014El a\u00f1o que viene voy a hacer una <b>expedici\u00f3n para cazar tornados<\/b>. Voy a Denver y, durante siete d\u00edas, vamos a seguir las tormentas con un equipo de meteor\u00f3logos. Ni siquiera sabemos d\u00f3nde vamos a dormir: no hay hoteles ni nada reservado. <b>La idea es recorrer lo que ellos llaman la ruta de los tornados<\/b>. Adem\u00e1s, estoy trabajando en un libro. Necesito tener muestras de cada lugar, as\u00ed que quiero sumar destinos que todav\u00eda no hice: Argelia, Libia, Irak. Fui a Ir\u00e1n hace unos a\u00f1os y me gustar\u00eda complementar con Irak. Y tambi\u00e9n volver a Argentina, porque siento que me faltan algunas cositas para incluir.<\/p>\n","protected":false},"excerpt":{"rendered":"Sof\u00eda pas\u00f3 una semana con los Nenets en Siberia a menos 30\u202f\u00b0C y comiendo carne cruda de reno&hellip;\n","protected":false},"author":2,"featured_media":286334,"comment_status":"","ping_status":"","sticky":false,"template":"","format":"standard","meta":{"footnotes":""},"categories":[173],"tags":[229,233,231,230,232,234,146,147,25,24,23],"class_list":{"0":"post-286333","1":"post","2":"type-post","3":"status-publish","4":"format-standard","5":"has-post-thumbnail","7":"category-arte-y-diseno","8":"tag-arte","9":"tag-arte-y-diseno","10":"tag-arts","11":"tag-arts-and-design","12":"tag-design","13":"tag-diseno","14":"tag-entertainment","15":"tag-entretenimiento","16":"tag-es","17":"tag-espana","18":"tag-spain"},"share_on_mastodon":{"url":"https:\/\/pubeurope.com\/@es\/115712626769334843","error":""},"_links":{"self":[{"href":"https:\/\/www.europesays.com\/es\/wp-json\/wp\/v2\/posts\/286333","targetHints":{"allow":["GET"]}}],"collection":[{"href":"https:\/\/www.europesays.com\/es\/wp-json\/wp\/v2\/posts"}],"about":[{"href":"https:\/\/www.europesays.com\/es\/wp-json\/wp\/v2\/types\/post"}],"author":[{"embeddable":true,"href":"https:\/\/www.europesays.com\/es\/wp-json\/wp\/v2\/users\/2"}],"replies":[{"embeddable":true,"href":"https:\/\/www.europesays.com\/es\/wp-json\/wp\/v2\/comments?post=286333"}],"version-history":[{"count":0,"href":"https:\/\/www.europesays.com\/es\/wp-json\/wp\/v2\/posts\/286333\/revisions"}],"wp:featuredmedia":[{"embeddable":true,"href":"https:\/\/www.europesays.com\/es\/wp-json\/wp\/v2\/media\/286334"}],"wp:attachment":[{"href":"https:\/\/www.europesays.com\/es\/wp-json\/wp\/v2\/media?parent=286333"}],"wp:term":[{"taxonomy":"category","embeddable":true,"href":"https:\/\/www.europesays.com\/es\/wp-json\/wp\/v2\/categories?post=286333"},{"taxonomy":"post_tag","embeddable":true,"href":"https:\/\/www.europesays.com\/es\/wp-json\/wp\/v2\/tags?post=286333"}],"curies":[{"name":"wp","href":"https:\/\/api.w.org\/{rel}","templated":true}]}}