{"id":28642,"date":"2025-08-06T03:59:06","date_gmt":"2025-08-06T03:59:06","guid":{"rendered":"https:\/\/www.europesays.com\/es\/28642\/"},"modified":"2025-08-06T03:59:06","modified_gmt":"2025-08-06T03:59:06","slug":"la-maldicion-sobre-los-kennedy-eran-mas-bien-sus-terribles-decisiones-autora-de-ask-not","status":"publish","type":"post","link":"https:\/\/www.europesays.com\/es\/28642\/","title":{"rendered":"\u201cLa \u2018maldici\u00f3n\u2019 sobre los Kennedy eran m\u00e1s bien sus terribles decisiones\u201d: autora de \u2018Ask Not\u2019"},"content":{"rendered":"<p>En di\u00e1logo con La W, la <b>periodista Maureen Callahan <\/b>comparti\u00f3 detalles sobre su m\u00e1s reciente libro titulado \u2018Ask Not: The Kennedys and the Women They Destroyed\u2019 (No preguntes: los Kennedy y las mujeres que destruyeron).En este libro, Callahan revela detalles de su investigaci\u00f3n en la que conoci\u00f3 c\u00f3mo los <b>hombres de la familia Kennedy habr\u00edan abusado de su poder<\/b> para destruir a las mujeres que los rodeaban durante d\u00e9cadas. El libro aborda c\u00f3mo muchas mujeres habr\u00edan sido ignoradas, rotas, silenciadas o descartadas por el poderoso clan m\u00e1s pol\u00edtico estadounidense.<\/p>\n","protected":false},"excerpt":{"rendered":"En di\u00e1logo con La W, la periodista Maureen Callahan comparti\u00f3 detalles sobre su m\u00e1s reciente libro titulado \u2018Ask&hellip;\n","protected":false},"author":2,"featured_media":28643,"comment_status":"","ping_status":"","sticky":false,"template":"","format":"standard","meta":{"footnotes":""},"categories":[172],"tags":[15444,15445,224,146,147,25,24,12564,6290,15446,225,3772,23],"class_list":["post-28642","post","type-post","status-publish","format-standard","has-post-thumbnail","category-libros","tag-american-timel","tag-black-white","tag-books","tag-entertainment","tag-entretenimiento","tag-es","tag-espana","tag-family","tag-female","tag-format-landscape","tag-libros","tag-male","tag-spain"],"share_on_mastodon":{"url":"","error":""},"_links":{"self":[{"href":"https:\/\/www.europesays.com\/es\/wp-json\/wp\/v2\/posts\/28642","targetHints":{"allow":["GET"]}}],"collection":[{"href":"https:\/\/www.europesays.com\/es\/wp-json\/wp\/v2\/posts"}],"about":[{"href":"https:\/\/www.europesays.com\/es\/wp-json\/wp\/v2\/types\/post"}],"author":[{"embeddable":true,"href":"https:\/\/www.europesays.com\/es\/wp-json\/wp\/v2\/users\/2"}],"replies":[{"embeddable":true,"href":"https:\/\/www.europesays.com\/es\/wp-json\/wp\/v2\/comments?post=28642"}],"version-history":[{"count":0,"href":"https:\/\/www.europesays.com\/es\/wp-json\/wp\/v2\/posts\/28642\/revisions"}],"wp:featuredmedia":[{"embeddable":true,"href":"https:\/\/www.europesays.com\/es\/wp-json\/wp\/v2\/media\/28643"}],"wp:attachment":[{"href":"https:\/\/www.europesays.com\/es\/wp-json\/wp\/v2\/media?parent=28642"}],"wp:term":[{"taxonomy":"category","embeddable":true,"href":"https:\/\/www.europesays.com\/es\/wp-json\/wp\/v2\/categories?post=28642"},{"taxonomy":"post_tag","embeddable":true,"href":"https:\/\/www.europesays.com\/es\/wp-json\/wp\/v2\/tags?post=28642"}],"curies":[{"name":"wp","href":"https:\/\/api.w.org\/{rel}","templated":true}]}}