{"id":286421,"date":"2025-12-13T15:27:14","date_gmt":"2025-12-13T15:27:14","guid":{"rendered":"https:\/\/www.europesays.com\/es\/286421\/"},"modified":"2025-12-13T15:27:14","modified_gmt":"2025-12-13T15:27:14","slug":"mexico-confirma-su-primer-caso-de-influenza-a-h3n2-subclado-k-conocida-como-supergripe-autoridades-descartan-riesgo-adicional","status":"publish","type":"post","link":"https:\/\/www.europesays.com\/es\/286421\/","title":{"rendered":"M\u00e9xico confirma su primer caso de influenza A H3N2 subclado K, conocida como \u201csupergripe\u201d; autoridades descartan riesgo adicional"},"content":{"rendered":"<p>La Secretar\u00eda de Salud confirm\u00f3 este viernes el <strong>primer caso en M\u00e9xico de influenza A H3N2 subclado K<\/strong>, una variante del virus de la influenza estacional que ya circula a nivel internacional. De acuerdo con la autoridad sanitaria, el caso fue detectado y confirmado por el Instituto Nacional de Enfermedades Respiratorias (INER) como parte de los mecanismos regulares de vigilancia epidemiol\u00f3gica del pa\u00eds.<\/p>\n<p>\u201cEl Instituto Nacional de Enfermedades Respiratorias (INER) confirm\u00f3 el primer caso de influenza virus A H3N2 subclado K en una persona\u201d, inform\u00f3 la dependencia en una <a data-offer-url=\"https:\/\/x.com\/SSalud_mx\/status\/1999566455642185854?ref_src=twsrc%5Etfw%7Ctwcamp%5Etweetembed%7Ctwterm%5E1999566455642185854%7Ctwgr%5E37369ec877de859e1028319c565dc18cca5ce7d9%7Ctwcon%5Es1_&amp;ref_url=https%3A%2F%2Fwww.nmas.com.mx%2Fnacional%2Fsecretaria-salud-confirma-primar-caso-super-gripe-h3n2-mexico-nuevo-virus-influenza%2F\" class=\"external-link\" data-event-click=\"{&quot;element&quot;:&quot;ExternalLink&quot;,&quot;outgoingURL&quot;:&quot;https:\/\/x.com\/SSalud_mx\/status\/1999566455642185854?ref_src=twsrc%5Etfw%7Ctwcamp%5Etweetembed%7Ctwterm%5E1999566455642185854%7Ctwgr%5E37369ec877de859e1028319c565dc18cca5ce7d9%7Ctwcon%5Es1_&amp;ref_url=https%3A%2F%2Fwww.nmas.com.mx%2Fnacional%2Fsecretaria-salud-confirma-primar-caso-super-gripe-h3n2-mexico-nuevo-virus-influenza%2F&quot;}\" href=\"https:\/\/x.com\/SSalud_mx\/status\/1999566455642185854?ref_src=twsrc%5Etfw%7Ctwcamp%5Etweetembed%7Ctwterm%5E1999566455642185854%7Ctwgr%5E37369ec877de859e1028319c565dc18cca5ce7d9%7Ctwcon%5Es1_&amp;ref_url=https%3A%2F%2Fwww.nmas.com.mx%2Fnacional%2Fsecretaria-salud-confirma-primar-caso-super-gripe-h3n2-mexico-nuevo-virus-influenza%2F\" rel=\"nofollow noopener\" target=\"_blank\">tarjeta informativa<\/a>. Seg\u00fan el mismo documento, el paciente <strong>evolucion\u00f3 favorablemente<\/strong> tras recibir atenci\u00f3n m\u00e9dica est\u00e1ndar: \u201cEste paciente respondi\u00f3 al tratamiento ambulatorio con medicaci\u00f3n antiviral y se encuentra ya recuperado\u201d.<\/p>\n<p>La detecci\u00f3n ocurre en pleno inicio de la temporada invernal, cuando hist\u00f3ricamente se incrementan los contagios por virus respiratorios, incluida la influenza. Sin embargo, la Secretar\u00eda de Salud subray\u00f3 que el hallazgo <strong>no representa un cambio abrupto en el panorama epidemiol\u00f3gico del pa\u00eds<\/strong>.<\/p>\n<p><img decoding=\"async\" alt=\"Contaminaci\u00f3n por smog en Shangh\u00e1i, China\" loading=\"lazy\" class=\"ResponsiveImageContainer-eNxvmU cfBbTk responsive-image__image\"   src=\"https:\/\/www.europesays.com\/es\/wp-content\/uploads\/2025\/12\/2207435828.jpeg\"\/><a class=\"BaseWrap-sc-gzmcOU BaseText-eqOrNE BaseLink-eTpkqh ContentCardEmbedHedLink-kqBDz deqABF jkWAvF dsRLul hMqJdP content-card-embed__hed-link\" href=\"https:\/\/es.wired.com\/articulos\/el-aire-contaminado-limita-lo-que-el-ejercicio-puede-hacer-por-tu-salud\" data-testid=\"ContentCardEmbedHedLink\" rel=\"nofollow noopener\" target=\"_blank\">El aire contaminado limita lo que el ejercicio puede hacer por tu salud<\/a><\/p>\n<p>Hacer ejercicio con regularidad reduce el riesgo de muerte, pero sus beneficios para la salud pueden verse afectados por la contaminaci\u00f3n atmosf\u00e9rica, seg\u00fan se ha descubierto. Sin embargo, con un poco de ingenio, se pueden reducir sus efectos.<\/p>\n<p>El Sistema Nacional de Vigilancia Epidemiol\u00f3gica (SINAVE) mantiene, seg\u00fan el comunicado, \u201cun monitoreo y an\u00e1lisis permanente que permite la detecci\u00f3n oportuna de cualquier eventual caso\u201d, como parte de las estrategias preventivas de salud p\u00fablica. Este sistema ha sido clave en la identificaci\u00f3n temprana de variantes virales sin que ello implique, necesariamente, un aumento en la gravedad de la enfermedad.<\/p>\n<p><strong>\u00bfQu\u00e9 es la \u201csupergripe\u201d?<\/strong><\/p>\n<p>Las autoridades sanitarias insisten en que <strong>no hay evidencia que indique un riesgo mayor al de la influenza estacional habitual<\/strong>. El comunicado oficial se enfatiza que \u201cesta variante presenta caracter\u00edsticas similares a las de la influenza estacional que circula cada a\u00f1o; su manejo cl\u00ednico es el mismo y la principal medida de prevenci\u00f3n es la vacunaci\u00f3n\u201d.<\/p>\n<p>El subclado K del virus H3N2 no implica una enfermedad m\u00e1s agresiva ni una letalidad superior a la conocida y \u201cno representa un motivo de alarma para la poblaci\u00f3n\u201d. Desde el punto de vista cl\u00ednico, los protocolos de diagn\u00f3stico, aislamiento y tratamiento antiviral contin\u00faan siendo los mismos que se han aplicado durante a\u00f1os para la influenza A.<\/p>\n<p>El t\u00e9rmino <strong>\u201csupergripe\u201d<\/strong> no describe una nueva enfermedad ni una categor\u00eda cient\u00edfica reconocida. La identificaci\u00f3n de subclados es una pr\u00e1ctica rutinaria de la vigilancia virol\u00f3gica y no un indicador de emergencia sanitaria. \u201cSupergripe\u201d es una <strong>etiqueta medi\u00e1tica<\/strong> que suele aparecer cuando la temporada de influenza comienza antes de lo habitual o cuando los sistemas de salud enfrentan una presi\u00f3n inusual por el aumento de consultas y hospitalizaciones. <a data-offer-url=\"https:\/\/theconversation.com\/what-is-super-flu-and-other-questions-answered-271959\" class=\"external-link\" data-event-click=\"{&quot;element&quot;:&quot;ExternalLink&quot;,&quot;outgoingURL&quot;:&quot;https:\/\/theconversation.com\/what-is-super-flu-and-other-questions-answered-271959&quot;}\" href=\"https:\/\/theconversation.com\/what-is-super-flu-and-other-questions-answered-271959\" rel=\"nofollow noopener\" target=\"_blank\">As\u00ed lo explican<\/a> epidemi\u00f3logos y modeladores de enfermedades infecciosas. Aunque la circulaci\u00f3n del virus puede intensificarse en determinados momentos, <strong>la propagaci\u00f3n y la gravedad suelen mantenerse dentro de los rangos esperados para una mala temporada de gripe<\/strong>.<\/p>\n<p>Los virus de la influenza <a href=\"https:\/\/es.wired.com\/articulos\/coctel-de-virus-solucion-ante-las-superbacterias\" rel=\"nofollow noopener\" target=\"_blank\"><strong>evolucionan de manera constante<\/strong><\/a> para evadir la inmunidad acumulada en la poblaci\u00f3n, lo que obliga a actualizar la vacuna cada a\u00f1o. En algunos ciclos, estas mutaciones son m\u00e1s notorias y generan picos de contagio m\u00e1s visibles. El subtipo <strong>influenza A\/H3N2<\/strong>, dominante en muchas temporadas recientes, <strong>circula desde finales de la d\u00e9cada de 1960<\/strong> y ha pasado por m\u00faltiples cambios similares a lo largo de su historia.<\/p>\n<p><strong>Qu\u00e9 hacer ante la influenza A H3N2<\/strong><\/p>\n<p>La Secretar\u00eda de Salud reiter\u00f3 su llamado a la poblaci\u00f3n a <strong>vacunarse durante la temporada invernal<\/strong>, en especial contra influenza, <a href=\"https:\/\/es.wired.com\/articulos\/la-oms-vigila-la-nueva-variante-de-covid-nb181-tras-su-expansion-en-america-y-europa\" rel=\"nofollow noopener\" target=\"_blank\">covid-19<\/a> y neumococo. \u201cLa Secretar\u00eda de Salud exhorta a la poblaci\u00f3n a acudir a los centros de salud, unidades m\u00e9dicas y puestos de vacunaci\u00f3n para aplicarse las vacunas correspondientes a la temporada invernal\u201d, indica el comunicado.<\/p>\n<p>Las vacunas, subraya la dependencia, \u201cson efectivas para reducir riesgos, prevenir complicaciones e internamientos y proteger la salud\u201d, especialmente en grupos vulnerables como ni\u00f1as y ni\u00f1os, personas adultas mayores, mujeres embarazadas, personal de salud y personas con comorbilidades.<\/p>\n<p>En caso de presentar s\u00edntomas compatibles con influenza, como fiebre, dolor muscular, tos, congesti\u00f3n nasal o malestar general, la recomendaci\u00f3n es: \u201catenderse de forma temprana y, cuando sea necesario, recibir tratamiento antiviral est\u00e1ndar\u201d. Adem\u00e1s, se aconseja \u201cusar cubrebocas y mantener medidas de aislamiento\u201d para reducir la transmisi\u00f3n del virus.<\/p>\n<p>La Secretar\u00eda de Salud mantiene una \u201cvigilancia epidemiol\u00f3gica activa\u201d y continuar\u00e1 informando \u201cde manera oportuna, clara y transparente sobre cualquier actualizaci\u00f3n relevante\u201d.<\/p>\n","protected":false},"excerpt":{"rendered":"La Secretar\u00eda de Salud confirm\u00f3 este viernes el primer caso en M\u00e9xico de influenza A H3N2 subclado K,&hellip;\n","protected":false},"author":2,"featured_media":286422,"comment_status":"","ping_status":"","sticky":false,"template":"","format":"standard","meta":{"footnotes":""},"categories":[92],"tags":[1293,25,24,165,1906,166,23],"class_list":{"0":"post-286421","1":"post","2":"type-post","3":"status-publish","4":"format-standard","5":"has-post-thumbnail","7":"category-salud","8":"tag-enfermedades","9":"tag-es","10":"tag-espana","11":"tag-health","12":"tag-mexico","13":"tag-salud","14":"tag-spain"},"share_on_mastodon":{"url":"https:\/\/pubeurope.com\/@es\/115712966739021123","error":""},"_links":{"self":[{"href":"https:\/\/www.europesays.com\/es\/wp-json\/wp\/v2\/posts\/286421","targetHints":{"allow":["GET"]}}],"collection":[{"href":"https:\/\/www.europesays.com\/es\/wp-json\/wp\/v2\/posts"}],"about":[{"href":"https:\/\/www.europesays.com\/es\/wp-json\/wp\/v2\/types\/post"}],"author":[{"embeddable":true,"href":"https:\/\/www.europesays.com\/es\/wp-json\/wp\/v2\/users\/2"}],"replies":[{"embeddable":true,"href":"https:\/\/www.europesays.com\/es\/wp-json\/wp\/v2\/comments?post=286421"}],"version-history":[{"count":0,"href":"https:\/\/www.europesays.com\/es\/wp-json\/wp\/v2\/posts\/286421\/revisions"}],"wp:featuredmedia":[{"embeddable":true,"href":"https:\/\/www.europesays.com\/es\/wp-json\/wp\/v2\/media\/286422"}],"wp:attachment":[{"href":"https:\/\/www.europesays.com\/es\/wp-json\/wp\/v2\/media?parent=286421"}],"wp:term":[{"taxonomy":"category","embeddable":true,"href":"https:\/\/www.europesays.com\/es\/wp-json\/wp\/v2\/categories?post=286421"},{"taxonomy":"post_tag","embeddable":true,"href":"https:\/\/www.europesays.com\/es\/wp-json\/wp\/v2\/tags?post=286421"}],"curies":[{"name":"wp","href":"https:\/\/api.w.org\/{rel}","templated":true}]}}