{"id":286518,"date":"2025-12-13T16:45:13","date_gmt":"2025-12-13T16:45:13","guid":{"rendered":"https:\/\/www.europesays.com\/es\/286518\/"},"modified":"2025-12-13T16:45:13","modified_gmt":"2025-12-13T16:45:13","slug":"agradecimiento-de-la-junta-de-gobierno-a-los-cargos-de-confianza-y-responsables-de-areas","status":"publish","type":"post","link":"https:\/\/www.europesays.com\/es\/286518\/","title":{"rendered":"Agradecimiento de la Junta de Gobierno a los cargos de confianza y responsables de \u00e1reas"},"content":{"rendered":"<p>\t    \t  <img loading=\"lazy\" decoding=\"async\" width=\"399\" height=\"221\" src=\"https:\/\/www.europesays.com\/es\/wp-content\/uploads\/2025\/08\/Escudo-e1571998368744.jpg\" class=\"attachment- size- wp-post-image\" alt=\"\"  \/>            <\/p>\n<p>La Junta de Gobierno desea agradecer de coraz\u00f3n a todos los cargos de confianza y responsables de \u00e1reas y colectivos su servicio a la Hermandad en estos cuatro a\u00f1os de mandato. \u00a0<\/p>\n<p>Gracias a:\u00a0<\/p>\n<p><b>Camareras de la Sant\u00edsima Virgen de la Esperanza<\/b>: Mar\u00eda Rodr\u00edguez Ruiz (q. e. p. d.), Ana Mar\u00eda Velarde Mu\u00f1oz y Rosa Mar\u00eda Arcos Lavado<\/p>\n<p><b>Camarera de Honor de la Sant\u00edsima Virgen de la Esperanza<\/b>: Mar\u00eda Isabel Gil-Delgado Queralt<\/p>\n<p><b>Camarera de la Virgen del Santo Rosario<\/b>: Inmaculada Aguilar Boza<\/p>\n<p><b>Camarera de altares<\/b>: Teresa Manosalbas Gonz\u00e1lez<\/p>\n<p><b>Camareros del Se\u00f1or de la Sentencia<\/b>: \u00c1lvaro Garc\u00eda-Carranza Garc\u00eda y\u00a0Manuel Mart\u00ednez Su\u00e1rez (q. e. p. d.)<\/p>\n<p><b>Vestidor de la Hermandad<\/b>: Jos\u00e9 Manuel Lozano Rivero\u00a0<\/p>\n<p><b>Capit\u00e1n de la Centuria Romana Macarena<\/b>: Fernando Vaz Calder\u00f3n<\/p>\n<p><b>Teniente de la Centuria Romana Macarena<\/b>: Manuel Ruiz Castro<\/p>\n<p><b>Director de la Banda de la Centuria Romana Macarena<\/b>: Francisco Moraza Cienfuegos\u00a0<\/p>\n<p><b>Directora de la Coral Polif\u00f3nica y Escolan\u00eda Esperanza Macarena<\/b>: Lilia\u00a0 Kiryukhina<\/p>\n<p><b>Capataz de la Hermandad<\/b>: Jos\u00e9 Mar\u00eda Rojas Marcos<\/p>\n<p>\u00a0<\/p>\n<p>Asimismo, la Junta de Gobierno ha encargado distintas responsabilidades a estos hermanos:\u00a0<\/p>\n<p><b>Responsable del Ropero y Costurero<\/b>: Mar\u00eda de los \u00c1ngeles D\u00edaz de los Santos<\/p>\n<p><b>Responsable del grupo de hermanos fot\u00f3grafos y de la Fototeca<\/b>: Emilio S\u00e1enz Su\u00e1rez<\/p>\n<p><b>Coordinador del Secretariado permanente de Hermandades de la Esperanza Macarena<\/b>: Jos\u00e9 Carlos L\u00f3pez Alba<\/p>\n<p><b>Presidencia de la Juventud Macarena:<\/b> Javier \u00c1lvarez, Andr\u00e9s P\u00e9rez, Jos\u00e9 Manuel Garc\u00eda, Pablo Espejo y Andr\u00e9s P\u00e9rez Pino<\/p>\n<p><b>Responsable de seguridad de la Hermandad<\/b>: Manuel Ojeda Gonz\u00e1lez<\/p>\n<p><b>Responsable del Archivo Hist\u00f3rico<\/b>: Nicol\u00e1s Gonz\u00e1lez Gallardo<\/p>\n<p><b>Conservador del Patrimonio de Bienes Muebles de la Hermandad<\/b>: Carlos Pe\u00f1uela Jord\u00e1n\u00a0<\/p>\n<p><b>Responsable Asistencia Social :<\/b> Rufino Garc\u00eda Otero<\/p>\n<p><b>Responsable y Coordinadora del grupo de Hermanos Veteranos:<\/b> Adriana P\u00e9rez Terriza<\/p>\n<p><b>Responsable del Taller de oraci\u00f3n:<\/b> Manuel Aparicio<\/p>\n<p><strong>Al personal de la Hermandad<\/strong><\/p>\n<p><b>Colaboradores Talleres de la Esperanza<\/b>: Francisco Romero y Miguel Robles<\/p>\n<p><b>Coordinadores Despensa Macarena<\/b>: Antonio Estevarena y Mar\u00eda de los Desamparados<\/p>\n<p><b>Coordinadora del economato<\/b>: Yolanda Cadena<\/p>\n<p><b>Enlaces<\/b>: Joaqu\u00edn Fajardo, \u00c1ngel D\u00edaz, C\u00e9sar Guti\u00e9rrez, Antonio Garc\u00eda, Jos\u00e9 Antonio \u00c1lvarez, Ram\u00f3n Vera, Adriana P\u00e9rez, Marta Hern\u00e1ndez, Carlos G\u00e1lvez, Javier lozano, Carolina Guti\u00e9rrez y Alicia Flores<\/p>\n<p><strong>Cuerpo diputados<\/strong><\/p>\n<p><strong>GPS<\/strong><\/p>\n<p><strong>Equipo m\u00e9dico<\/strong><\/p>\n<p><strong>Voluntarios de la Diputaci\u00f3n Mayor de Gobierno<\/strong><\/p>\n<p><b>Coordinador Biblioteca<\/b>: Juan Francisco Azada<\/p>\n<p><b>Coordinador \u00c1rea de Digitalizaci\u00f3n<\/b>: Jos\u00e9 Manuel Gil-Bermejo<\/p>\n<p><b>Grupo de formadores<\/b><\/p>\n<p><b>Gu\u00edas del Santo Rosario\u00a0<\/b><\/p>\n<p><b>Responsable de Lectores\u00a0<\/b><\/p>\n<p><b>Responsables de Ac\u00f3litos\u00a0<\/b><\/p>\n<p><b>Responsables de Monaguillos\u00a0<\/b><\/p>\n<p><b>Responsables de Hachetas<\/b><\/p>\n<p><b>Coordinadores de turnos de mesas petitorias y besamanos<\/b><\/p>\n<p><b>Equipo de Priost\u00eda<\/b><\/p>\n<p>Y a todos los <b>hermanos voluntarios<\/b> que han colaborado en las diferentes \u00e1reas de la Hermandad.\u00a0<\/p>\n<p>Que Nuestros Sagrados Titulares les premien su entrega, generosidad y amor a esta Hermandad, y les bendigan siempre.\u00a0<\/p>\n<p><\/p>\n","protected":false},"excerpt":{"rendered":"La Junta de Gobierno desea agradecer de coraz\u00f3n a todos los cargos de confianza y responsables de \u00e1reas&hellip;\n","protected":false},"author":2,"featured_media":74388,"comment_status":"","ping_status":"","sticky":false,"template":"","format":"standard","meta":{"footnotes":""},"categories":[5],"tags":[68995,17,18,25,24,13,14,11,29052,19,20,9,10,15,16,23,12,21,22,29053],"class_list":{"0":"post-286518","1":"post","2":"type-post","3":"status-publish","4":"format-standard","5":"has-post-thumbnail","7":"category-titulares","8":"tag-agradecimiento-de-la-junta-de-gobierno-a-los-cargos-de-confianza-y-responsables-de-areas","9":"tag-breaking-news","10":"tag-breakingnews","11":"tag-es","12":"tag-espana","13":"tag-featured-news","14":"tag-featurednews","15":"tag-headlines","16":"tag-hermandad-de-la-macarena","17":"tag-latest-news","18":"tag-latestnews","19":"tag-news","20":"tag-noticias","21":"tag-noticias-destacadas","22":"tag-noticiasdestacadas","23":"tag-spain","24":"tag-titulares","25":"tag-ultimas-noticias","26":"tag-ultimasnoticias","27":"tag-web-oficial-de-la-hermandad-de-la-macarena"},"share_on_mastodon":{"url":"https:\/\/pubeurope.com\/@es\/115713273137097253","error":""},"_links":{"self":[{"href":"https:\/\/www.europesays.com\/es\/wp-json\/wp\/v2\/posts\/286518","targetHints":{"allow":["GET"]}}],"collection":[{"href":"https:\/\/www.europesays.com\/es\/wp-json\/wp\/v2\/posts"}],"about":[{"href":"https:\/\/www.europesays.com\/es\/wp-json\/wp\/v2\/types\/post"}],"author":[{"embeddable":true,"href":"https:\/\/www.europesays.com\/es\/wp-json\/wp\/v2\/users\/2"}],"replies":[{"embeddable":true,"href":"https:\/\/www.europesays.com\/es\/wp-json\/wp\/v2\/comments?post=286518"}],"version-history":[{"count":0,"href":"https:\/\/www.europesays.com\/es\/wp-json\/wp\/v2\/posts\/286518\/revisions"}],"wp:featuredmedia":[{"embeddable":true,"href":"https:\/\/www.europesays.com\/es\/wp-json\/wp\/v2\/media\/74388"}],"wp:attachment":[{"href":"https:\/\/www.europesays.com\/es\/wp-json\/wp\/v2\/media?parent=286518"}],"wp:term":[{"taxonomy":"category","embeddable":true,"href":"https:\/\/www.europesays.com\/es\/wp-json\/wp\/v2\/categories?post=286518"},{"taxonomy":"post_tag","embeddable":true,"href":"https:\/\/www.europesays.com\/es\/wp-json\/wp\/v2\/tags?post=286518"}],"curies":[{"name":"wp","href":"https:\/\/api.w.org\/{rel}","templated":true}]}}