{"id":286614,"date":"2025-12-13T18:22:28","date_gmt":"2025-12-13T18:22:28","guid":{"rendered":"https:\/\/www.europesays.com\/es\/286614\/"},"modified":"2025-12-13T18:22:28","modified_gmt":"2025-12-13T18:22:28","slug":"beltran-mereciamos-al-menos-un-punto","status":"publish","type":"post","link":"https:\/\/www.europesays.com\/es\/286614\/","title":{"rendered":"Beltr\u00e1n: \u201cMerec\u00edamos al menos un punto\u201d"},"content":{"rendered":"<p class=\"\"><b>Lucas Beltr\u00e1n,<\/b> autor del gol del Valencia en la derrota contra el Atl\u00e9tico, habl\u00f3 tras el partido a la televisi\u00f3n con derechos. <\/p>\n<p><a href=\"https:\/\/as.com\/resultados\/ficha\/equipo\/valencia\/17\/\" rel=\"nofollow noopener\" target=\"_blank\"><img decoding=\"async\" src=\"https:\/\/www.europesays.com\/es\/wp-content\/uploads\/2025\/12\/1765650148_129_17.png\" alt=\"Beltr\u00e1n: \u201cMerec\u00edamos al menos un punto\u201d\" height=\"80\" width=\"80\"  loading=\"lazy\" data-error-image=\"https:\/\/static.as.com\/dist\/resources\/images\/placeholder-team.png\"\/><\/a><\/p>\n<p class=\"\"><b>Resultado<\/b>: \u201cMe parece un poco injusto, porque el primer tiempo el equipo lo hizo muy bien y cuando metimos el gol nos fuimos metiendo muy atr\u00e1s inconscientemente. Y contra un equipo como el Atl\u00e9tico, con tanta calidad, te hacen ocasiones. Es una pena, porque al menos merec\u00edamos un punto\u201d. <\/p>\n<p class=\"\"><b>Partido<\/b>: \u201cCreo que merec\u00edamos un punto. Est\u00e1bamos dominando, aunque no da\u00f1\u00e1bamos. Pero la pelota era nuestra. En la segunda mitad tras hacer el gol le dimos la pelota a ellos y cuando quisimos ponernos a jugar ya era muy tarde\u201d.<\/p>\n<p class=\"\"><b>Situaci\u00f3n<\/b>: \u201cSiempre hay que ser optimista. Yo lo soy y por suerte pude convertir. Se trata de ser positivo en la vida y seguir mejorando, porque tenemos muchas cosas que mejorar. Queda mucho, nos tenemos que preocupar porque la clasificaci\u00f3n es as\u00ed. No nos merecemos esa posici\u00f3n, pero los resultados son as\u00ed\u201d. <\/p>\n<p>Almeida: \u201cNos vamos con buenas sensaciones\u201d<\/p>\n<p class=\"\"><b>Partido<\/b>: \u201cEstuvimos muy bien con bal\u00f3n, tuvimos nuestras oportunidades, pero nos enfrent\u00e1bamos a un equipo grande que tiene jugadores para resolver un partido. Pero nos vamos con buenas sensaciones\u201d.<\/p>\n<p class=\"\"><b>Personalidad<\/b>: \u201cLo m\u00e1s importante es la personalidad que tuvimos, fuera de casa no solemos apretar uno por uno como lo hicimos aqu\u00ed y tenemos que seguir con esa personalidad en los pr\u00f3ximos partidos\u201d.<\/p>\n<p class=\"\"><b>Mallorca<\/b>: \u201cTodos los partidos son importantes. Mestalla tiene que ser nuestra fortaleza. Pero el camino es que hemos hecho en el Metropolitano\u201d<\/p>\n<p>Agirrezabala: \u201cDerrota dura\u201d<\/p>\n<p class=\"\"><b>Sensaci\u00f3n<\/b>: \u201cEstamos dolidos, porque la derrota es dura. Le jugamos de t\u00fa a t\u00fa. Pero en una acci\u00f3n individual de calidad nos pusieron el partido patas arriba. Orgullosos, pero dolidos\u201d .<\/p>\n<p class=\"\"><b>Juego<\/b>: \u201cSalimos a presionar cada bal\u00f3n, competimos de t\u00fa a t\u00fa. Pero se ha visto la calidad que tienen y el segundo gol nos ha hecho da\u00f1o. Est\u00e1 claro que este es el camino, porque la imagen ha sido buena. Hay que pulir detalles porque son dos acciones evitables\u201d.<\/p>\n<p class=\"\"><b>\u00a1Tus opiniones importan!<\/b> Comenta en los art\u00edculos y suscr\u00edbete gratis a nuestra <a href=\"https:\/\/asfan.as.com\/newsletters\/\" target=\"_blank\" rel=\"nofollow noopener\" title=\"https:\/\/asfan.as.com\/newsletters\/\">newsletter<\/a> y a las alertas informativas en la <a href=\"https:\/\/as.com\/aplicacion-de-as-n\/\" target=\"_blank\" rel=\"nofollow noopener\" title=\"https:\/\/as.com\/aplicacion-de-as-n\/\">App<\/a> o el canal de <a href=\"https:\/\/www.whatsapp.com\/channel\/0029VaAasdA7j6g745nz9M10\" target=\"_blank\" rel=\"nofollow noopener\" title=\"https:\/\/www.whatsapp.com\/channel\/0029VaAasdA7j6g745nz9M10\">WhatsApp<\/a>. \u00bfBuscas licenciar contenido? Haz clic <a href=\"https:\/\/profesional.elpais.com\/soluciones-sindicacion?utm_medium=interno&amp;utm_source=crosslinking&amp;utm_campaign=sindicacion_as_pie_articulos\" target=\"_blank\" rel=\"nofollow noopener\" title=\"https:\/\/profesional.elpais.com\/soluciones-sindicacion?utm_medium=interno&amp;utm_source=crosslinking&amp;utm_campaign=sindicacion_as_pie_articulos\">aqu\u00ed<\/a><\/p>\n","protected":false},"excerpt":{"rendered":"Lucas Beltr\u00e1n, autor del gol del Valencia en la derrota contra el Atl\u00e9tico, habl\u00f3 tras el partido a&hellip;\n","protected":false},"author":2,"featured_media":286615,"comment_status":"","ping_status":"","sticky":false,"template":"","format":"standard","meta":{"footnotes":""},"categories":[268],"tags":[168,25,24,280,282,281,23,167],"class_list":{"0":"post-286614","1":"post","2":"type-post","3":"status-publish","4":"format-standard","5":"has-post-thumbnail","7":"category-futbol","8":"tag-deportes","9":"tag-es","10":"tag-espana","11":"tag-football","12":"tag-futbol","13":"tag-soccer","14":"tag-spain","15":"tag-sports"},"share_on_mastodon":{"url":"https:\/\/pubeurope.com\/@es\/115713656094059623","error":""},"_links":{"self":[{"href":"https:\/\/www.europesays.com\/es\/wp-json\/wp\/v2\/posts\/286614","targetHints":{"allow":["GET"]}}],"collection":[{"href":"https:\/\/www.europesays.com\/es\/wp-json\/wp\/v2\/posts"}],"about":[{"href":"https:\/\/www.europesays.com\/es\/wp-json\/wp\/v2\/types\/post"}],"author":[{"embeddable":true,"href":"https:\/\/www.europesays.com\/es\/wp-json\/wp\/v2\/users\/2"}],"replies":[{"embeddable":true,"href":"https:\/\/www.europesays.com\/es\/wp-json\/wp\/v2\/comments?post=286614"}],"version-history":[{"count":0,"href":"https:\/\/www.europesays.com\/es\/wp-json\/wp\/v2\/posts\/286614\/revisions"}],"wp:featuredmedia":[{"embeddable":true,"href":"https:\/\/www.europesays.com\/es\/wp-json\/wp\/v2\/media\/286615"}],"wp:attachment":[{"href":"https:\/\/www.europesays.com\/es\/wp-json\/wp\/v2\/media?parent=286614"}],"wp:term":[{"taxonomy":"category","embeddable":true,"href":"https:\/\/www.europesays.com\/es\/wp-json\/wp\/v2\/categories?post=286614"},{"taxonomy":"post_tag","embeddable":true,"href":"https:\/\/www.europesays.com\/es\/wp-json\/wp\/v2\/tags?post=286614"}],"curies":[{"name":"wp","href":"https:\/\/api.w.org\/{rel}","templated":true}]}}