{"id":286626,"date":"2025-12-13T18:33:13","date_gmt":"2025-12-13T18:33:13","guid":{"rendered":"https:\/\/www.europesays.com\/es\/286626\/"},"modified":"2025-12-13T18:33:13","modified_gmt":"2025-12-13T18:33:13","slug":"griezmann-aparecio-para-salvar-a-atletico-de-madrid-frente-a-valencia-despues-del-golazo-de-beltran","status":"publish","type":"post","link":"https:\/\/www.europesays.com\/es\/286626\/","title":{"rendered":"Griezmann apareci\u00f3 para salvar a Atl\u00e9tico de Madrid frente a Valencia, despu\u00e9s del golazo de Beltr\u00e1n"},"content":{"rendered":"<p class=\"mb-4 text-lg md:leading-8 break-words\">Con un gol decisivo de <b>Antoine Griezmann<\/b>, que hab\u00eda comenzado como suplente, el <b>Atl\u00e9tico de Madrid<\/b> se impuso este s\u00e1bado por 2-1 al Valencia en el estadio Metropolitano, por la decimosexta jornada de LaLiga.<\/p>\n<p class=\"mb-4 text-lg md:leading-8 break-words\">El cuadro rojiblanco se adelant\u00f3 gracias al tanto de Koke, en la primera llegada que tuvo, pero un zapatazo de <b>Lucas Beltr\u00e1n<\/b> signific\u00f3 el empate parcial.<\/p>\n<p class=\"mb-4 text-lg md:leading-8 break-words\">Sin embargo, Griezmann apareci\u00f3 para evitar el colapso del gigante y encauzar la victoria del equipo rojiblanco, que ven\u00eda de vencer <b>al PSV Eindhoven (3-2)<\/b> el martes, por la Champions League.<\/p>\n<p class=\"mb-4 text-lg md:leading-8 break-words\">Con este triunfo, el Atl\u00e9tico suma 34 puntos en el campeonato y se acerca <b>a seis del l\u00edder Barcelona<\/b>, que disputa su encuentro de la fecha tambi\u00e9n este s\u00e1bado, frente a Osasuna en el Camp Nou.<\/p>\n<p><img alt=\"Beltr\u00e1n festeja el 1-1; al final, gan\u00f3 Atl\u00e9tico de Madrid\" loading=\"lazy\" width=\"768\" height=\"543\" decoding=\"async\" data-nimg=\"1\" class=\"rounded-lg\" style=\"color:transparent\" src=\"https:\/\/www.europesays.com\/es\/wp-content\/uploads\/2025\/12\/5f750906d21419d5f667c979fb8939c8.jpeg\"\/><\/p>\n<p>Beltr\u00e1n festeja el 1-1; al final, gan\u00f3 Atl\u00e9tico de Madrid &#8211; Cr\u00e9ditos: @afp<\/p>\n<p class=\"mb-4 text-lg md:leading-8 break-words\">En una primera parte trepidante, el conjunto che casi sorprende al principio despu\u00e9s de que Hugo Duro impactara un remate en el travesa\u00f1o tras quedarse solo ante el arquero esloveno <b>Jan Oblak,<\/b> debido a un error de la zaga colchonera.<\/p>\n<p class=\"mb-4 text-lg md:leading-8 break-words\">Poco a poco, los dirigidos por Diego Simeone tomaron el pulso del duelo hasta que apareci\u00f3 Koke para anotar su primer gol de la temporada a la salida de un c\u00f3rner. El internacional espa\u00f1ol aprovech\u00f3 el rechazo de Julen Agirrezabala despu\u00e9s de un disparo a bocajarro de <b>Nico Gonz\u00e1lez<\/b> para subir el primer tanto al marcador.<\/p>\n<p class=\"mb-4 text-lg md:leading-8 break-words\">Pepelu estableci\u00f3 un fugaz 1-1 a la salida de un saque de esquina. Sin embargo, su tanto acab\u00f3 siendo anulado por un fuera de juego de Duro en la acci\u00f3n previa tras ser revisada con el VAR.<\/p>\n<p class=\"mb-4 text-lg md:leading-8 break-words\">Tras la reanudaci\u00f3n, el equipo visitante sigui\u00f3 intent\u00e1ndolo hasta que lleg\u00f3 la recompensa. Beltr\u00e1n convirti\u00f3 una obra de arte. Cuatro toques (en dos estuvo involucrado), doble enganche y disparo de derecha, desde fuera del \u00e1rea, para un delantero que busca consolidarse, luego de <b>dos temporadas discretas en Fiorentina.<\/b><\/p>\n<p class=\"mb-4 text-lg md:leading-8 break-words\">Hasta que apareci\u00f3 el genio franc\u00e9s. Y defini\u00f3 de zurda el resultado y el partido en s\u00ed mismo. \u201cAl final, <b>estoy para lo que necesite el equipo<\/b>. Ven\u00eda el equipo de un ritmo fuerte en Champions, nos cost\u00f3, y salimos los suplentes a buscar y encontrar esa chispa\u201d, afirm\u00f3 Griezamann a Movistar.<\/p>\n<p class=\"mb-4 text-lg md:leading-8 break-words\">\u201cHac\u00eda as\u00ed (manos al cielo) cuando hizo el gol porque soy un agradecido a su talento. Es un golazo incre\u00edble: control, golpeo, el movimiento&#8230; Un jugador eterno, diferencial, hablamos con \u00e9l diariamente porque es importante en cualquier pasaje del partido que est\u00e9 dentro de la cancha y cuando tiene estas actuaciones le eleva a <b>un lugar merecido, leyenda del club, goleador del club<\/b> y agradecimiento absoluto a Antoine\u00bb, coment\u00f3 Diego Simeone, que respondi\u00f3 m\u00e1s preguntas sobre Griezmann y Juli\u00e1n \u00c1lvarez en la conferencia de prensa.<\/p>\n<p><img alt=\"Giuliano Simeone y Lucas Beltr\u00e1n, en una escena del partido; detr\u00e1s, Griezmann, decisivo\" loading=\"lazy\" width=\"768\" height=\"503\" decoding=\"async\" data-nimg=\"1\" class=\"rounded-lg\" style=\"color:transparent\" src=\"https:\/\/www.europesays.com\/es\/wp-content\/uploads\/2025\/12\/89f8fdae606bbfa3569b4aaea9798a6f.jpeg\"\/><\/p>\n<p>Giuliano Simeone y Lucas Beltr\u00e1n, en una escena del partido; detr\u00e1s, Griezmann, decisivo &#8211; Cr\u00e9ditos: @afp<\/p>\n<p class=\"mb-4 text-lg md:leading-8 break-words\"><b>-\u00bfLe sorprende lo bien que asumi\u00f3 el rol de recambio?<\/b><\/p>\n<p class=\"mb-4 text-lg md:leading-8 break-words\">-No me sorprende, <b>porque los cracks nunca traen problemas. <\/b>Los cracks de verdad. No traen problemas porque entienden su lugar, saben que han pasado los a\u00f1os, aceptan el rol porque est\u00e1 en un lugar de la plantilla y dan el m\u00e1ximo como est\u00e1n reflejando hoy Antoine y Koke.<\/p>\n<p class=\"mb-4 text-lg md:leading-8 break-words\"><b>-\u00bfQu\u00e9 le pareci\u00f3 el partido de Juli\u00e1n?<\/b><\/p>\n<p class=\"mb-4 text-lg md:leading-8 break-words\">-Juli\u00e1n estuvo como todos los compa\u00f1eros que jugaron el partido. <b>No pod\u00eda hacer diez cambios, hubiese hecho m\u00e1s. <\/b>Entend\u00eda que Griezmann pod\u00eda hacerlo por \u00e9l en una posici\u00f3n diferente y Juli\u00e1n el otro d\u00eda hizo un partidazo. Hoy le vi en la misma l\u00ednea que sus compa\u00f1eros. No hubo nadie diferencial en la hora de partido, lineales, con un ritmo menor y eso se not\u00f3.<\/p>\n<p class=\"mb-4 text-lg md:leading-8 break-words\">El Atl\u00e9tico del Cholo dispuso de varios jugadores de la selecci\u00f3n, todos de vuelo bajo. <b>Nahuel Molina, Nico Gonz\u00e1lez, Juli\u00e1n Alvarez<\/b> (sorpresivamente reemplazado por Thiago Almada, tres minutos antes del gol de Beltr\u00e1n) y Giuliano Simeone.<\/p>\n","protected":false},"excerpt":{"rendered":"Con un gol decisivo de Antoine Griezmann, que hab\u00eda comenzado como suplente, el Atl\u00e9tico de Madrid se impuso&hellip;\n","protected":false},"author":2,"featured_media":286627,"comment_status":"","ping_status":"","sticky":false,"template":"","format":"standard","meta":{"footnotes":""},"categories":[93],"tags":[32691,3409,168,18451,25,24,2313,42122,67347,23,167,235],"class_list":{"0":"post-286626","1":"post","2":"type-post","3":"status-publish","4":"format-standard","5":"has-post-thumbnail","7":"category-deportes","8":"tag-antoine-griezmann","9":"tag-atletico-de-madrid","10":"tag-deportes","11":"tag-diego-simeone","12":"tag-es","13":"tag-espana","14":"tag-fuera-de-juego","15":"tag-julen-agirrezabala","16":"tag-lucas-beltran","17":"tag-spain","18":"tag-sports","19":"tag-valencia"},"share_on_mastodon":{"url":"","error":""},"_links":{"self":[{"href":"https:\/\/www.europesays.com\/es\/wp-json\/wp\/v2\/posts\/286626","targetHints":{"allow":["GET"]}}],"collection":[{"href":"https:\/\/www.europesays.com\/es\/wp-json\/wp\/v2\/posts"}],"about":[{"href":"https:\/\/www.europesays.com\/es\/wp-json\/wp\/v2\/types\/post"}],"author":[{"embeddable":true,"href":"https:\/\/www.europesays.com\/es\/wp-json\/wp\/v2\/users\/2"}],"replies":[{"embeddable":true,"href":"https:\/\/www.europesays.com\/es\/wp-json\/wp\/v2\/comments?post=286626"}],"version-history":[{"count":0,"href":"https:\/\/www.europesays.com\/es\/wp-json\/wp\/v2\/posts\/286626\/revisions"}],"wp:featuredmedia":[{"embeddable":true,"href":"https:\/\/www.europesays.com\/es\/wp-json\/wp\/v2\/media\/286627"}],"wp:attachment":[{"href":"https:\/\/www.europesays.com\/es\/wp-json\/wp\/v2\/media?parent=286626"}],"wp:term":[{"taxonomy":"category","embeddable":true,"href":"https:\/\/www.europesays.com\/es\/wp-json\/wp\/v2\/categories?post=286626"},{"taxonomy":"post_tag","embeddable":true,"href":"https:\/\/www.europesays.com\/es\/wp-json\/wp\/v2\/tags?post=286626"}],"curies":[{"name":"wp","href":"https:\/\/api.w.org\/{rel}","templated":true}]}}