{"id":286679,"date":"2025-12-13T19:44:11","date_gmt":"2025-12-13T19:44:11","guid":{"rendered":"https:\/\/www.europesays.com\/es\/286679\/"},"modified":"2025-12-13T19:44:11","modified_gmt":"2025-12-13T19:44:11","slug":"rumor-el-desarrollo-de-persona-6-va-bien-y-mas-detalles-del-proceso","status":"publish","type":"post","link":"https:\/\/www.europesays.com\/es\/286679\/","title":{"rendered":"Rumor: El desarrollo de Persona 6 va bien y m\u00e1s detalles del proceso"},"content":{"rendered":"<p>Parece que podr\u00edamos tener m\u00e1s entregas diferentes a\u00a0<a href=\"https:\/\/www.nintenderos.com\/nintendo-switch-2\/persona-3-reload-celebra-su-debut-en-nintendo-switch-2-con-esta-nueva-ilustracion\/\" rel=\"nofollow noopener\" target=\"_blank\">Persona 3 Reload<\/a>. Hace unos meses nos llegaban palabras sobre\u00a0<a href=\"https:\/\/www.nintenderos.com\/2024\/01\/responsables-de-persona-3-reload-explican-por-que-no-esta-en-nintendo-switch-y-las-posibilidades-de-que-llegue-a-consola\/\" rel=\"nofollow noopener\" target=\"_blank\">por qu\u00e9 no estaba en la consola<\/a>, y ahora por fin\u00a0<a href=\"https:\/\/www.nintenderos.com\/2025\/07\/persona-3-reload-se-confirma-oficialmente-para-nintendo-switch-2\/\" rel=\"nofollow noopener\" target=\"_blank\">se ha anunciado para la sucesora<\/a>: SEGA y Atlus\u00a0<strong>ya han lanzado Persona 3 Reload en Nintendo Switch 2<\/strong>.<\/p>\n<p>Ahora, tras este esperado anuncio y el lanzamiento de\u00a0<a href=\"https:\/\/www.nintenderos.com\/nintendo-switch-2\/persona-3-reload-recibe-demo-hoy-en-nintendo-switch-2\/\" rel=\"nofollow noopener\" target=\"_blank\">su demo en Switch 2<\/a>, tenemos nuevos rumores de Persona 6.\u00a0El conocido filtrador de videojuegos <strong data-start=\"39\" data-end=\"54\">NateTheHate<\/strong> ha hablado sobre la saga <strong data-start=\"80\" data-end=\"91\">Persona<\/strong>, incluyendo el esperado <strong data-start=\"116\" data-end=\"129\">Persona 6<\/strong>. A trav\u00e9s de <strong data-start=\"147\" data-end=\"168\">X (antes Twitter)<\/strong>, ha querido aclarar varios rumores recientes:<\/p>\n<ul>\n<li data-start=\"217\" data-end=\"352\">\n<p data-start=\"219\" data-end=\"352\">Seg\u00fan Nate, <strong data-start=\"231\" data-end=\"302\">Persona 6 no se encuentra en una situaci\u00f3n de desarrollo complicada<\/strong> dentro de Atlus, pese a lo que se ha comentado.<\/p>\n<p>Otros contenidos en esta categor\u00eda:\n<\/li>\n<li data-start=\"353\" data-end=\"456\">\n<p data-start=\"355\" data-end=\"456\">Tambi\u00e9n ha se\u00f1alado que <strong data-start=\"379\" data-end=\"453\">el desarrollo de Persona 6 no est\u00e1 afectado por el remake de Persona 4<\/strong>.<\/p>\n<\/li>\n<li data-start=\"457\" data-end=\"598\" data-is-last-node=\"\">\n<p data-start=\"459\" data-end=\"598\" data-is-last-node=\"\">Esto se debe a que <strong data-start=\"478\" data-end=\"566\">los principales responsables del remake de Persona 4 son los desarrolladores de TOSE<\/strong>, no el equipo central de Atlus.<\/p>\n<\/li>\n<\/ul>\n<p>\u00bfQu\u00e9 os ha parecido esta informaci\u00f3n? No dud\u00e9is en compartir vuestra opini\u00f3n en los comentarios.<\/p>\n<p><a class=\"external\" href=\"https:\/\/mynintendonews.com\/2025\/12\/13\/natethehate-persona-6-is-not-in-development-hell-and-persona-4-remake-is-developed-by-tose\/\" rel=\"nofollow noopener\" target=\"_blank\">V\u00eda<\/a>.<\/p>\n","protected":false},"excerpt":{"rendered":"Parece que podr\u00edamos tener m\u00e1s entregas diferentes a\u00a0Persona 3 Reload. Hace unos meses nos llegaban palabras sobre\u00a0por qu\u00e9&hellip;\n","protected":false},"author":2,"featured_media":286680,"comment_status":"","ping_status":"","sticky":false,"template":"","format":"standard","meta":{"footnotes":""},"categories":[81],"tags":[119,123,124,25,24,69022,117,121,122,23,118,120],"class_list":{"0":"post-286679","1":"post","2":"type-post","3":"status-publish","4":"format-standard","5":"has-post-thumbnail","7":"category-ciencia-y-tecnologia","8":"tag-ciencia","9":"tag-ciencia-y-tecnologia","10":"tag-cienciaytecnologia","11":"tag-es","12":"tag-espana","13":"tag-persona-6","14":"tag-science","15":"tag-science-and-technology","16":"tag-scienceandtechnology","17":"tag-spain","18":"tag-technology","19":"tag-tecnologia"},"share_on_mastodon":{"url":"https:\/\/pubeurope.com\/@es\/115713976948928075","error":""},"_links":{"self":[{"href":"https:\/\/www.europesays.com\/es\/wp-json\/wp\/v2\/posts\/286679","targetHints":{"allow":["GET"]}}],"collection":[{"href":"https:\/\/www.europesays.com\/es\/wp-json\/wp\/v2\/posts"}],"about":[{"href":"https:\/\/www.europesays.com\/es\/wp-json\/wp\/v2\/types\/post"}],"author":[{"embeddable":true,"href":"https:\/\/www.europesays.com\/es\/wp-json\/wp\/v2\/users\/2"}],"replies":[{"embeddable":true,"href":"https:\/\/www.europesays.com\/es\/wp-json\/wp\/v2\/comments?post=286679"}],"version-history":[{"count":0,"href":"https:\/\/www.europesays.com\/es\/wp-json\/wp\/v2\/posts\/286679\/revisions"}],"wp:featuredmedia":[{"embeddable":true,"href":"https:\/\/www.europesays.com\/es\/wp-json\/wp\/v2\/media\/286680"}],"wp:attachment":[{"href":"https:\/\/www.europesays.com\/es\/wp-json\/wp\/v2\/media?parent=286679"}],"wp:term":[{"taxonomy":"category","embeddable":true,"href":"https:\/\/www.europesays.com\/es\/wp-json\/wp\/v2\/categories?post=286679"},{"taxonomy":"post_tag","embeddable":true,"href":"https:\/\/www.europesays.com\/es\/wp-json\/wp\/v2\/tags?post=286679"}],"curies":[{"name":"wp","href":"https:\/\/api.w.org\/{rel}","templated":true}]}}