{"id":286681,"date":"2025-12-13T19:45:34","date_gmt":"2025-12-13T19:45:34","guid":{"rendered":"https:\/\/www.europesays.com\/es\/286681\/"},"modified":"2025-12-13T19:45:34","modified_gmt":"2025-12-13T19:45:34","slug":"como-cazar-los-dividendos-mas-suculentos-para-2026-expansion","status":"publish","type":"post","link":"https:\/\/www.europesays.com\/es\/286681\/","title":{"rendered":"C\u00f3mo cazar los dividendos m\u00e1s suculentos para 2026 &#8211; Expansi\u00f3n"},"content":{"rendered":"<ol>\n<li><a href=\"https:\/\/news.google.com\/rss\/articles\/CBMigAFBVV95cUxQc25GMDI2OTVfTDFvZkZxSENhcG1MS0hfOWQybUluRmFWeWY0dlU2QzVKcFcyT1RocTZJSW1oQkxYZkNtSS1tMTFGeEdtRGhjUEhENmFSMjVEZjh0Q1pFbTBKRFBHZzM4TTdKM1QzMnJPZXVQaVFib0dBdkhlb1ZibNIBgAFBVV95cUxOWmZTOWUzWmRoWVJiSUlXUm9WRFA0SkR5cmNBMGlBUGtOekFpbExxbC1jSDV0OEQtTXI4WGpVTThYWW5hZHMzYXgtcTNHczlsS3I4bUFVeGhBSWItTXV5UXpvZEYzQUp1OFpQUks0R1p2R2ZacVpxTDVTdHlqQmM3UQ?oc=5\" target=\"_blank\" rel=\"nofollow noopener\">C\u00f3mo cazar los dividendos m\u00e1s suculentos para 2026<\/a>&nbsp;&nbsp;Expansi\u00f3n<\/li>\n<li><a href=\"https:\/\/news.google.com\/rss\/articles\/CBMiiwJBVV95cUxNMUM4bTRUaF9uTUd5VzVSQWFPWWI5R05HWXlhZ0tGeW94WUI2cWRWQk5GaW9pdkU2c28yNEI2NDNkZGdGUk1FNXJtYkFYNjJXTlFBb21yNkp2UFd3RS1qMWtBbGZLSVNyQlVaNU12d1RaaHI0QnB4dmhRd0lSR2NBN0JjS3NPczRoenk0cUZJVm9QUmNOa013SlRmeDhHZERuZ29Qdm9GaUk0RGdFZVpFRUsyNE5kNl9zNk9QNmtwQWRDT09sSW9lcmN6LXVJU3VRMW1LSllfQzhpTjNNNUVvVm10aktoQ1RET2ZWM2FobXUyNm1sRDRlMEQ5Wmo5Vm91MkttMjk4VWYyRzjSAfYBQVVfeXFMUFV4OWhCSWI1VFlZOGt1MEgzMzFsSldhcTRMaXBsUnhLYXNMQzN5YWtvS0poOG0zSjhQYWdMY1EtU083WWU3amRESlg0ZVNpM2NaaWI0aXYwdjlQM2ZlM3djT2xWa1p5c2JtR2oxeVRjMEx3NjMwaEF5azdrY3VRSGFHTVF0VDNlOEZJYWNxLVM3TDJMSS1GU3RsbFdRTUNORXk3cHo3OV9ibXNfZjRPYnNiQ1dNb0JCUEg2aEZEcE5YQ3NvT3JfMjY3WF9IUzBmTDJwSmRPWnRCNjdIOVpGNUJkVnhLQlhfVHFFZ09pUkxURmZ2Um5B?oc=5\" target=\"_blank\" rel=\"nofollow noopener\">Las empresas de la bolsa espa\u00f1ola repartir\u00e1n un 10% m\u00e1s en dividendos este a\u00f1o y lograr\u00e1n otro r\u00e9cord<\/a>&nbsp;&nbsp;El Economista<\/li>\n<li><a href=\"https:\/\/news.google.com\/rss\/articles\/CBMi6wFBVV95cUxPOGVmNXJiTFZUcktMVHVUbmluZkpUdFhYaW1mV2VTTXpGS2t6eHBHNG5taHVlN3VXNzdSUzEtbVhURkRjMW45ZWFTZUdHbThldld1TGwzZ0VtcWNNUVdKeTctbUZobGZwOTViS0JvQktzdVRHVXVaVWlBX2VfcTh3NVFLY01PRGJReU91TWo4cDFzOU56dmU5c0ZxOUVWTFBBNF9BaVEybS1QbGt6RGRDVjNUY25PcW9XU0l6SkYxV1pDMk1BOExTYk9mcmZVS05fMTlkLTZNTnRPOFJ4eTRjRjVYb2V6WVV4azRj?oc=5\" target=\"_blank\" rel=\"nofollow noopener\">De Telef\u00f3nica a Iberdrola, los grandes dividendos para cerrar y empezar con fuerza el nuevo a\u00f1o<\/a>&nbsp;&nbsp;20Minutos<\/li>\n<li><a href=\"https:\/\/news.google.com\/rss\/articles\/CBMitAFBVV95cUxORWpiWEJ2elRZTEdGamRVblVZSWwzWmFZblYzUmZySmJyZTRqdkxEMXFpYU5kTHBrdl9vR3hlRndTeFZPbzN2em51NUcxLWxxZ2JEX1AtVndobkR1dllvQVo5ZEMyTVRTUEpIS19hNmx4Y01Fd2c0N3o2ZldpcndJYnBSQXNwNkdaWWdZRXlJcnhUbkpjaExZam5CX0tOT09VU0ZhUXRISlZVMGdBZzNaNjRTaXTSAboBQVVfeXFMTWkwdmxlWW9QSHFtejNpaGdmMDVaTkc3enRPMV81eDJON2tGRlV3bXJYWXoyVjVSdE5aZkJCMV9iYmFVMWpXRFE3X3BXQ3E2bHVWY2ktRVcwTHJwYXhhbWdzc0lqLVN5aXNsdmxTQWh4dWZ2eHhlYTV2MnQyVWpna19uMGlTdzd6ODgzd2tFNjFucmlkYVBEQXpXVmRiRjZzMVpwcUthczIzWEZpQS04ZjR1eVBlVC1FdXVn?oc=5\" target=\"_blank\" rel=\"nofollow noopener\">Las empresas del Ibex rompen r\u00e9cords de beneficios, valen m\u00e1s y son m\u00e1s generosas que nunca\u2026 con sus accionistas<\/a>&nbsp;&nbsp;Diario P\u00fablico<\/li>\n<li><a href=\"https:\/\/news.google.com\/rss\/articles\/CBMi7wFBVV95cUxOS0dFSUVlWjBxcnhOOGNEZlBVRVY0TFdiODFlWkJCaGRYSnRoWVFOSXpZX1RLc2JPZFd6VWNLWmJIWWp3ZGRrQWtmVVpOMGVWNDRiZ18xQmVYalRGWmxyaTh0ZjRhbGdiUnA4ZkJhWHVSVVl6ZGZwUG5yTTFjTWE0bnpRd0Q2ODIyaktDdlRQaHR5TXRsMlZfRThNM19hekNNNUpGc01NSk5XUlZadzBfdkVfMFJESWdfaXZvbkZaTTJUaDlJdk9uejl3X0J0NXljbkNGSHNhU2dJejZjeUhMRXA0Zld3VGdSRnhnVEhpVdIB9AFBVV95cUxOZDdpN0JURHJvdENsWUJ6YUFpUm93ZWtmTHduQV9wMUU5RVcyQVdiZG4xN2lZeXBQRVJObURUQ0lmNkQ5T3RDVXNUYkR5aDhmai0weWFPZW1JSUZwWWtwZG1DYW16VVZ6eG5HYmxEenlEeWJ2UGxUUElQeXh1MnlmWEo1alN0SzlxcVVxUFRsWHN3NW43Y1pNRmZXOWx0T25ZWmt6bkdpUDhzMzgxSWh3ZkhFa2s2RmJhVVpQYWprOGt6WFdEMlVTOGZ6R21lYlh6eXcxZEh0T1NCZ1QtbE14UHFTTWNGTGhBem5EcGctTUNxMk1M?oc=5\" target=\"_blank\" rel=\"nofollow noopener\">La bolsa espa\u00f1ola acelera sus pagos al accionista: el movimiento que cambia las previsiones de 2026<\/a>&nbsp;&nbsp;Confidencial Digital<\/li>\n<\/ol>\n","protected":false},"excerpt":{"rendered":"C\u00f3mo cazar los dividendos m\u00e1s suculentos para 2026&nbsp;&nbsp;Expansi\u00f3n Las empresas de la bolsa espa\u00f1ola repartir\u00e1n un 10% m\u00e1s&hellip;\n","protected":false},"author":2,"featured_media":286682,"comment_status":"","ping_status":"","sticky":false,"template":"","format":"standard","meta":{"footnotes":""},"categories":[80],"tags":[21188,2300,82,95,94,25,24,114,23],"class_list":{"0":"post-286681","1":"post","2":"type-post","3":"status-publish","4":"format-standard","5":"has-post-thumbnail","7":"category-economia","8":"tag-ahorro","9":"tag-bolsa","10":"tag-business","11":"tag-economia","12":"tag-economy","13":"tag-es","14":"tag-espana","15":"tag-mercados","16":"tag-spain"},"share_on_mastodon":{"url":"https:\/\/pubeurope.com\/@es\/115713981185753054","error":""},"_links":{"self":[{"href":"https:\/\/www.europesays.com\/es\/wp-json\/wp\/v2\/posts\/286681","targetHints":{"allow":["GET"]}}],"collection":[{"href":"https:\/\/www.europesays.com\/es\/wp-json\/wp\/v2\/posts"}],"about":[{"href":"https:\/\/www.europesays.com\/es\/wp-json\/wp\/v2\/types\/post"}],"author":[{"embeddable":true,"href":"https:\/\/www.europesays.com\/es\/wp-json\/wp\/v2\/users\/2"}],"replies":[{"embeddable":true,"href":"https:\/\/www.europesays.com\/es\/wp-json\/wp\/v2\/comments?post=286681"}],"version-history":[{"count":0,"href":"https:\/\/www.europesays.com\/es\/wp-json\/wp\/v2\/posts\/286681\/revisions"}],"wp:featuredmedia":[{"embeddable":true,"href":"https:\/\/www.europesays.com\/es\/wp-json\/wp\/v2\/media\/286682"}],"wp:attachment":[{"href":"https:\/\/www.europesays.com\/es\/wp-json\/wp\/v2\/media?parent=286681"}],"wp:term":[{"taxonomy":"category","embeddable":true,"href":"https:\/\/www.europesays.com\/es\/wp-json\/wp\/v2\/categories?post=286681"},{"taxonomy":"post_tag","embeddable":true,"href":"https:\/\/www.europesays.com\/es\/wp-json\/wp\/v2\/tags?post=286681"}],"curies":[{"name":"wp","href":"https:\/\/api.w.org\/{rel}","templated":true}]}}