{"id":286688,"date":"2025-12-13T19:57:40","date_gmt":"2025-12-13T19:57:40","guid":{"rendered":"https:\/\/www.europesays.com\/es\/286688\/"},"modified":"2025-12-13T19:57:40","modified_gmt":"2025-12-13T19:57:40","slug":"tadej-pogacar-vale-mas-la-primera-paris-roubaix-que-el-quinto-tour-de-francia-ciclismo-deportes","status":"publish","type":"post","link":"https:\/\/www.europesays.com\/es\/286688\/","title":{"rendered":"Tadej Pogacar: \u201cVale m\u00e1s la primera Par\u00eds-Roubaix que el quinto Tour de Francia\u201d | Ciclismo | Deportes"},"content":{"rendered":"<p class=\"\"><a href=\"https:\/\/elpais.com\/espana\/comunidad-valenciana\/2025-08-28\/una-torre-residencial-de-64-plantas-hara-crecer-el-skyline-de-benidorm-hasta-los-230-metros-de-altura.html\" target=\"_self\" rel=\"nofollow noopener\" title=\"https:\/\/elpais.com\/espana\/comunidad-valenciana\/2025-08-28\/una-torre-residencial-de-64-plantas-hara-crecer-el-skyline-de-benidorm-hasta-los-230-metros-de-altura.html\">El skyline estramb\u00f3tico de Benidorm<\/a> al fondo, esos rascacielos nacidos de pesadillas de arquitectos amenazando al pl\u00e1cido Mediterr\u00e1neo. Son el fondo del decorado y tambi\u00e9n la met\u00e1fora del UAE, que acoge a la prensa de todo el mundo en varios salones de un hotel de lujo vac\u00edo en invierno para anunciar su pr\u00f3xima temporada tal como lo har\u00eda una distribuidora multinacional de Hollywood presentando su \u00faltima superproducci\u00f3n, estrellas compitiendo por la atenci\u00f3n de los medios, algunos secundarios col\u00e1ndose en alguna mesa, <a href=\"https:\/\/elpais.com\/deportes\/2022-01-28\/el-viaje-de-raul-garcia-pierna-e-igor-arrieta-al-ciclismo-profesional-no-es-facil-llegar-a-ser-lo-que-te-crees-que-eres.html\" target=\"_self\" rel=\"nofollow noopener\" title=\"https:\/\/elpais.com\/deportes\/2022-01-28\/el-viaje-de-raul-garcia-pierna-e-igor-arrieta-al-ciclismo-profesional-no-es-facil-llegar-a-ser-lo-que-te-crees-que-eres.html\">como Igor Arrieta,<\/a> contando c\u00f3mo combinan sus ambiciones, y su paciencia, con tanto number one, y Tadej Superstar Pogacar por encima de todos, y con \u00e9l el nuevo paradigma del ciclismo.<\/p>\n<p class=\"\">M\u00e1s brillante, luminoso y hasta sabio, cumplidos los 27, y consciente, al fin, ay, del paso del tiempo que fluye acelerado, imparable, de su peso en la historia del ciclismo, y el pelo desigual de trasquilones, como cortado a mordiscos. \u201cCreo que despu\u00e9s de todos estos a\u00f1os y todas estas victorias, empiezo a darme cuenta de que estamos haciendo algo grande\u201d, admite. \u201cDisfruto haci\u00e9ndolo. Espero que no dejemos de escribir este libro\u201d.<\/p>\n<p><img decoding=\"auto\" class=\"_re lazyload a_m-h\" height=\"276\"  width=\"414\"  src=\"https:\/\/www.europesays.com\/es\/wp-content\/uploads\/2025\/12\/H56BXAUE2VEVXNIYEQRN4KU4KI.jpg\" loading=\"lazy\"\/>Tadej Pogacar, en el entrenamiento del s\u00e1bado en Benidorm.FRANCIS TSANG<\/p>\n<p class=\"\">Y el campe\u00f3n del mundo disfruta de su capacidad para escribirla a su manera, sin competir con nadie, guiado solo por sus deseos, que, como ya subray\u00f3 en la \u00faltima semana de la pasada edici\u00f3n, no pasan siempre por sumar m\u00e1s Tours de Francia que ninguno, y puesto ante la tesitura de elegir \u2014<a href=\"https:\/\/elpais.com\/deportes\/ciclismo\/2025-04-13\/la-victoria-en-la-paris-roubaix-para-mathieu-van-der-poel-la-gloria-para-tadej-pogacar.html\" target=\"_self\" rel=\"nofollow noopener\" title=\"https:\/\/elpais.com\/deportes\/ciclismo\/2025-04-13\/la-victoria-en-la-paris-roubaix-para-mathieu-van-der-poel-la-gloria-para-tadej-pogacar.html\">pide un deseo, si te dan elegir entre ganar la Par\u00eds-Roubaix <\/a>o el Tour de Francia, cu\u00e1l escoger\u00edas, y no vale decir las dos\u2014, responde sin dudar, y r\u00e1pido. \u201cCreo que elegir\u00eda Roubaix porque ya he ganado cuatro veces el Tour y si ganas cuatro o cinco veces no es para tanto\u201d, dice, renunciando, de facto y por primera vez en la tarde, a entrar en competencia con el pante\u00f3n hist\u00f3rico de la grande boucle, Anquetil, Merckx, Hinault e Indurain, cinco veces ganadores. \u201cCreo que hay m\u00e1s diferencia entre cero y uno que entre cuatro y cinco\u201d.<\/p>\n<p class=\"\">Tras este pre\u00e1mbulo tan ruidoso a nadie extra\u00f1a que cuando recita su calendario, el esloveno, los dos primeros meses de su 2026, marzo y abril, los dedique en exclusiva a los Monumentos, comenzando con la aspirante las Strade Bianche (7 de marzo), y despu\u00e9s San Remo, Flandes, Roubaix y Lieja. En mayo y junio, dos carreras de unos d\u00edas en Suiza (Romand\u00eda, seis d\u00edas; y Vuelta a Suiza, cinco), en las que nunca ha corrido, y en julio, el Tour. Despu\u00e9s, en septiembre, el Mundial en Montreal.<\/p>\n<p class=\"\">Pero Roubaix antes que nada, y ya se pas\u00f3 hace tres d\u00edas por el Carrefour de l\u2019Arbre para sentir el tacto del pav\u00e9s y probar sus bicicletas, neum\u00e1ticos, ruedas\u2026 Tanto lo desea. Para ganar Roubaix necesitar\u00e1 engordar un par de kilos, calcula, y \u201ctrabajar la durabilidad\u201d, la nueva palabra t\u00f3tem del ciclismo, algo as\u00ed como la resistencia a la fatiga de toda la vida y algo tambi\u00e9n de metabolismo, nutrici\u00f3n y entrenamiento para aumentar la capacidad de mantener la velocidad cr\u00edtica, lo que hace repitiendo series intensas al final de los entrenamientos. <\/p>\n<p class=\"\">El plan, que reproduce casi al 100 por 100, con alg\u00fan aligeramiento, el que sigui\u00f3 en 2025, 60 d\u00edas de carrera como mucho, revela una cierta urgencia por rellenar casillas vac\u00edas en su historial, \u00e9l, que Monumentos ha ganado todos, y varias veces, salvo San Remo y Roubaix, y de pruebas de WorldTour de una semana solo le faltan la Vuelta al Pa\u00eds Vasco, incompatible por fechas con su sed de monumentos adoquinados, y las dos primaverales suizas. \u201cSi gano, si alguna vez gano estas dos carreras [Roubaix y San Remo] entonces s\u00ed, pensar\u00eda m\u00e1s o menos que no hay mucho m\u00e1s que me quede por hacer, pero siempre hay algo m\u00e1s, hay muchas carreras de una semana en las que a\u00fan no he participado y tambi\u00e9n la Vuelta\u201d, dice. \u201cQuedan muchas cosas por ganar, y diferentes, en diferentes escenarios, pero los a\u00f1os pasan muy r\u00e1pido y quiz\u00e1 no tenga tiempo para ganar todo lo que queda\u2026 Pero simplemente me gusta volver a estas carreras e intentar ganar porque no he ganado, pero no estoy obsesionado con ello como algunos podr\u00edan pensar\u201d.<\/p>\n<p class=\"\">Solo le falt\u00f3 por decir, para que quedara claro, que no es, ni quiere ser, el can\u00edbal Eddy Merckx, con quien tanto se le compara, ni quiere su codicia, su ego\u00edsmo. Unos minutos antes de Pogacar, hab\u00edan pasado por el set el sudafricano b\u00f3er Jeroen Swart, director de rendimiento del equipo, y el entrenador personal de Pogacar, el sevillano de Alcal\u00e1 de Guadaira Javier Sola, y ambos coincidieron en que s\u00ed, el ciclista tocado por la varita m\u00e1gica llamado Pogacar tiene capacidad fisiol\u00f3gica para ganar Giro, Tour y Vuelta el mismo a\u00f1o. \u201cTodo depende de su motivaci\u00f3n para hacerlo\u201d, matiza Sola, y Pogacar tambi\u00e9n dice que claro que s\u00ed puede hacerlo, pero que no le subyuga la idea. \u201cNo ser\u00eda justo que participara en las tres, porque tenemos corredores que pueden ganar cualquiera\u201d, dice tajante. \u201cNo debo obsesionarme con estas cosas, no quiero estar ansioso por todo. No necesito, no deseo eso y prefiero ver a Jo\u00e3o, Isaac o Adam luchando por la clasificaci\u00f3n general tambi\u00e9n y dar oportunidades a los j\u00f3venes que llegan. No necesito ser, no s\u00e9 c\u00f3mo decirlo&#8230; solo pensar en m\u00ed y en mis resultados. Eso no lleva a ninguna parte\u201d. Y los corredores que pasan por el estrado anuncian su calendario. Jo\u00e3o Almeida correr\u00e1 de l\u00edder Giro y Vuelta, y el fen\u00f3meno mexicano Isaac del Toro relevar\u00e1 al portugu\u00e9s de Caldas da Rainha como su lugarteniente en el Tour. \u201cMe gustar\u00e1 seguir aprendiendo al lado del mejor\u201d, asiente el mexicano, segundo en el \u00faltimo Giro, de 22 a\u00f1os reci\u00e9n cumplidos. Y Joxean Matxin, el director del equipo, explica que no es una degradaci\u00f3n. \u201cLo hacemos para protegerle\u201d, dice. \u201cSufrir\u00eda una presi\u00f3n tremenda en M\u00e9xico si le mandamos de l\u00edder al Giro\u201d.<\/p>\n<p class=\"\">Desaparecen la estrellas de los salones cuando el sol desaparece y los rascacielos se borran entre la bruma, y el bar se llena de auxiliares del equipo, decenas de ellos, que hacen viva la imagen de familia de sangre que usa a veces Pogacar. Y su verdad sentimental supera a la ficci\u00f3n del marketing cuando todos se emocionan y brindan a gritos por Joseba Elguezabal, el masajista de toda la vida que llor\u00f3 e hizo llorar al campe\u00f3n esloveno cuando le anunci\u00f3 hace nada que dejaba al equipo para irse al Athletic. Y en Benidorm se despide.<\/p>\n","protected":false},"excerpt":{"rendered":"El skyline estramb\u00f3tico de Benidorm al fondo, esos rascacielos nacidos de pesadillas de arquitectos amenazando al pl\u00e1cido Mediterr\u00e1neo.&hellip;\n","protected":false},"author":2,"featured_media":286689,"comment_status":"","ping_status":"","sticky":false,"template":"","format":"standard","meta":{"footnotes":""},"categories":[273],"tags":[2839,313,2838,1540,312,168,25,24,11730,69023,549,23,167,2322],"class_list":{"0":"post-286688","1":"post","2":"type-post","3":"status-publish","4":"format-standard","5":"has-post-thumbnail","7":"category-ciclismo","8":"tag-carreras-ciclistas","9":"tag-ciclismo","10":"tag-ciclistas","11":"tag-competiciones","12":"tag-cycling","13":"tag-deportes","14":"tag-es","15":"tag-espana","16":"tag-isaac-del-toro","17":"tag-paris-roubaix","18":"tag-pogacar","19":"tag-spain","20":"tag-sports","21":"tag-tour-francia"},"share_on_mastodon":{"url":"https:\/\/pubeurope.com\/@es\/115714030571313048","error":""},"_links":{"self":[{"href":"https:\/\/www.europesays.com\/es\/wp-json\/wp\/v2\/posts\/286688","targetHints":{"allow":["GET"]}}],"collection":[{"href":"https:\/\/www.europesays.com\/es\/wp-json\/wp\/v2\/posts"}],"about":[{"href":"https:\/\/www.europesays.com\/es\/wp-json\/wp\/v2\/types\/post"}],"author":[{"embeddable":true,"href":"https:\/\/www.europesays.com\/es\/wp-json\/wp\/v2\/users\/2"}],"replies":[{"embeddable":true,"href":"https:\/\/www.europesays.com\/es\/wp-json\/wp\/v2\/comments?post=286688"}],"version-history":[{"count":0,"href":"https:\/\/www.europesays.com\/es\/wp-json\/wp\/v2\/posts\/286688\/revisions"}],"wp:featuredmedia":[{"embeddable":true,"href":"https:\/\/www.europesays.com\/es\/wp-json\/wp\/v2\/media\/286689"}],"wp:attachment":[{"href":"https:\/\/www.europesays.com\/es\/wp-json\/wp\/v2\/media?parent=286688"}],"wp:term":[{"taxonomy":"category","embeddable":true,"href":"https:\/\/www.europesays.com\/es\/wp-json\/wp\/v2\/categories?post=286688"},{"taxonomy":"post_tag","embeddable":true,"href":"https:\/\/www.europesays.com\/es\/wp-json\/wp\/v2\/tags?post=286688"}],"curies":[{"name":"wp","href":"https:\/\/api.w.org\/{rel}","templated":true}]}}