{"id":286694,"date":"2025-12-13T20:09:02","date_gmt":"2025-12-13T20:09:02","guid":{"rendered":"https:\/\/www.europesays.com\/es\/286694\/"},"modified":"2025-12-13T20:09:02","modified_gmt":"2025-12-13T20:09:02","slug":"el-nino-raro-de-badia-del-valles-que-enamora-a-las-estrellas-de-hollywood","status":"publish","type":"post","link":"https:\/\/www.europesays.com\/es\/286694\/","title":{"rendered":"el \u00abni\u00f1o raro\u00bb de Bad\u00eda del Vall\u00e8s que enamora a las estrellas de Hollywood"},"content":{"rendered":"<p>    Noticias relacionadas<\/p>\n<p class=\"paragraph\" id=\"paragraph_1\"><strong>Antonio D\u00edaz<\/strong> sigue teniendo el s\u00edndrome del \u201c<strong>ni\u00f1o raro<\/strong>\u201d. En varias entrevistas habla as\u00ed de s\u00ed mismo y de su infancia. Ahora es un mago raro, pero no por lo que hace, sino por su enorme \u00e9xito.<\/p>\n<p class=\"paragraph\" id=\"paragraph_2\">Pocos profesionales de la magia en Espa\u00f1a pueden presumir de llenar teatros por todo el mundo con sus espect\u00e1culos y de convocar a <strong>estrellas de Hollywood<\/strong> a sus shows. \u00c9l s\u00ed.<\/p>\n<p><img loading=\"lazy\" decoding=\"async\" alt=\"Criptomonedas sobre un teclado\" height=\"180\" src=\"https:\/\/www.europesays.com\/es\/wp-content\/uploads\/2025\/12\/1003742713070_15475906_320x180.jpg\" width=\"320\" data-lazy-status=\"processed\" data-lazy-info=\"remove loading item 1\"\/><\/p>\n<p class=\"paragraph\" id=\"paragraph_3\">El Mago Pop hace a\u00f1os que es un<strong> referente mundial<\/strong>. A principios de la d\u00e9cada de los 20 de este siglo, la revista Forbes lo destacaba como <strong>el ilusionista m\u00e1s taquillero del mundo<\/strong>. Un calificativo que a \u00e9l mismo parece sobrepasarle.<\/p>\n<p class=\"paragraph\" id=\"paragraph_4\">No se sabe si es por falsa modestia o porque todav\u00eda se cree ese \u201cni\u00f1o raro\u201d, pero lo cierto es que su <strong>\u00e9xito<\/strong> le sorprende y a la vez, le incita a retarse a s\u00ed mismo. Este 11 de diciembre, el catal\u00e1n anunciaba que prepara<strong> una gira internacional por estadios<\/strong>. Empezar\u00e1 en el Bernab\u00e9u en 2027 y terminar\u00e1 en el <strong>Camp Nou<\/strong>, qui\u00e9n sabe cu\u00e1ndo.<\/p>\n<p>Compras de teatros y clubs<\/p>\n<p class=\"paragraph\" id=\"paragraph_5\">En 2017 arranc\u00f3 en Madrid <strong>Nada es imposible<\/strong>, la funci\u00f3n con la que todav\u00eda gira y que lo ha llevado a <strong>Broadway<\/strong> y a expandir sus negocios.<\/p>\n<p class=\"paragraph\" id=\"paragraph_6\">En 2019, Antonio D\u00edaz compr\u00f3 a Tresx3 \u2014empresa conformada por <strong>Tricicle<\/strong>, Anexa y Dagoll Dagom\u2014 el Teatre Vict\u00f2ria, uno de los espacios m\u00e1s emblem\u00e1ticos del Paral\u00b7lel barcelon\u00e9s. En 2020 se convirti\u00f3 adem\u00e1s en accionista del Cieza, un <strong>club de f\u00fatbol de Murcia<\/strong>. De este modo, combina sus dos grandes pasiones: el f\u00fatbol y los escenarios. Y no le va mal.<\/p>\n<p><img decoding=\"async\" alt=\"El Mago Pop\" data-imgm=\"true\" height=\"180\" loading=\"lazy\"  src=\"https:\/\/www.europesays.com\/es\/wp-content\/uploads\/2025\/12\/1003742715544_15505651_1024x576.jpg\"  width=\"320\"\/><\/p>\n<p>Los n\u00fameros de Indiemagic<\/p>\n<p class=\"paragraph\" id=\"paragraph_8\">Los \u00faltimos datos revelan que su sociedad Indiemagic obtuvo unos <strong>beneficios de 900.000 euros<\/strong> en 2023, con unos activos valorados en 12,8 millones de euros y unos <strong>fondos propios<\/strong> que ascienden a 10,7 millones.<\/p>\n<p>Su facturaci\u00f3n tampoco es menor: 18,2 millones. Con todo ello, <strong>D\u00edaz se autorreparti\u00f3 un dividendo de 1,3 millones de euros en 2023<\/strong>. Aunque la cifra supuso una ca\u00edda considerable respecto a 2022 (4,7 millones), demuestra que<strong> su faceta como empresario le reporta tantos beneficios como sus espect\u00e1culos<\/strong>.<\/p>\n<p>Un pie en Estados Unidos<\/p>\n<p class=\"paragraph\" id=\"paragraph_9\">Con esos ingresos pudo comprar otro teatro en <strong>Kansas City<\/strong>, que factura tres millones de euros, y ofrecer all\u00ed una programaci\u00f3n estable. Aun as\u00ed, insiste en que <strong>su casa y su base de operaciones siguen siendo Barcelona<\/strong>, m\u00e1s concretamente el Vict\u00f2ria.<\/p>\n<p class=\"paragraph\" id=\"paragraph_10\">Lo ha demostrado esta semana cuando ha convocado a estrellas como <strong>Helen Hunt<\/strong>, Michelle Rodr\u00edguez o Mira Sorvino, entre muchas otras, a la presentaci\u00f3n de sus nuevos proyectos.<\/p>\n<p>La compra de &#8216;Mar i cel&#8217;<\/p>\n<p class=\"paragraph\" id=\"paragraph_11\">Aqu\u00ed no solo ha anunciado que va a iniciar una gira mundial por grandes estadios al m\u00e1s puro estilo <strong>Coldplay<\/strong> (su inspiraci\u00f3n), sino que tambi\u00e9n ha adquirido los derechos de <strong>Mar i cel<\/strong>, la obra de Dagoll Dagom que han visto m\u00e1s de <strong>1,6 millones de espectadores<\/strong> desde su estreno.<\/p>\n<p class=\"paragraph\" id=\"paragraph_12\">Este detalle no es menor. D\u00edaz muestra as\u00ed su conexi\u00f3n, no solo con el teatro, sino tambi\u00e9n con ese \u201cni\u00f1o raro\u201d que fue y que qued\u00f3 fascinado cuando de peque\u00f1o vio sobre el escenario el <strong>barco<\/strong> de este musical catal\u00e1n que, ahora, le pertenece.<\/p>\n<p><img decoding=\"async\" alt=\"Escena de la obra 'Mar i cel'\" data-imgm=\"true\" height=\"1280\" loading=\"lazy\"  src=\"https:\/\/www.europesays.com\/es\/wp-content\/uploads\/2025\/12\/1003742714882_15497729_1280x1280.jpg\"  width=\"1280\"\/><\/p>\n<p>                                                            Escena de la obra &#8216;Mar i cel&#8217;<\/p>\n<p>                    EP<\/p>\n<p class=\"paragraph\" id=\"paragraph_13\">D\u00edaz no quiere que el viaje de esa obra m\u00edtica del teatro catal\u00e1n termine que <strong>Dagoll Dagom<\/strong>. Desea que la nave siga izando sus velas y hacer que todo el mundo la conozca. Eso, detalla, no significa que quiera traducirlo al ingl\u00e9s, sino lograr que otras estrellas, como <strong>Hugh Jackman<\/strong> o muchas otras, se acerquen a Barcelona para verlo.<\/p>\n<p>Un truco decisivo<\/p>\n<p class=\"paragraph\" id=\"paragraph_14\">Qui\u00e9n se lo iba a decir cuando tan solo era ese \u201cni\u00f1o raro\u201d de <strong>Badia del Vall\u00e8s<\/strong> obsesionado con la magia. \u201c<strong>Yo nunca tuve ese momento de \u2018mam\u00e1, quiero ser artista<\/strong>\u2019\u201d, confesaba hace poco en una entrevista de radio.<\/p>\n<p class=\"paragraph\" id=\"paragraph_15\">Antonio D\u00edaz solo era eso, un ni\u00f1o t\u00edmido, de la periferia de Barcelona. Pero cuando un mago se le acerc\u00f3 a los <strong>cuatro a\u00f1os<\/strong> para sacarle una moneda de detr\u00e1s de la oreja, le cambi\u00f3 la vida.<\/p>\n<p>Una familia de Badia<\/p>\n<p class=\"paragraph\" id=\"paragraph_16\">El peque\u00f1o no solo quiso saber c\u00f3mo lo hizo, sino que quiso ir m\u00e1s lejos. No le bast\u00f3 con el t\u00edpico juego de <strong>Magia Borr\u00e1s<\/strong>; se le quedaba peque\u00f1o. Quer\u00eda m\u00e1s y acudi\u00f3 a los libros. \u201c<strong>Antes no hab\u00eda YouTube<\/strong>\u201d, recuerda, as\u00ed que tir\u00f3 de estudios completamente autodidactas.<\/p>\n<p class=\"paragraph\" id=\"paragraph_17\">En su casa nadie se dedicaba a esto. Ni a la far\u00e1ndula. Su padre, <strong>Jes\u00fas \u201cEl Pichi<\/strong>\u201d, trabajaba en una f\u00e1brica textil, y su madre, Nuria, era ama de casa. Eran mayores y, asegura, que actuaron mucho m\u00e1s como abuelos que como padres; esa figura la encontr\u00f3 en sus <strong>hermanos<\/strong>.<\/p>\n<p><img decoding=\"async\" alt=\"Bad\u00eda del Vall\u00e8s.\" data-imgm=\"true\" height=\"180\" loading=\"lazy\"  src=\"https:\/\/www.europesays.com\/es\/wp-content\/uploads\/2025\/12\/1003742682191_15025051_1024x576.jpg\"  width=\"320\"\/><\/p>\n<p>                                                            Bad\u00eda del Vall\u00e8s.<\/p>\n<p>                    Radio Taxi del Vall\u00e8s<\/p>\n<p class=\"paragraph\" id=\"paragraph_18\">Todos ellos apostaron siempre por \u00e9l. Cuando vieron que este \u201cni\u00f1o raro\u201d de Badia del Vall\u00e8s no quer\u00eda hacer otra cosa que magia, sus hermanos le empezaron a regalar <strong>libros<\/strong> sobre la materia.<\/p>\n<p class=\"paragraph\" id=\"paragraph_19\">Eran libros muy t\u00e9cnicos, poco did\u00e1cticos. \u201c<strong>Yo de peque\u00f1o no sab\u00eda hacer trucos de magia y, sin embargo, s\u00ed sab\u00eda hacer t\u00e9cnicas muy complejas<\/strong>\u201d, aunque no sab\u00eda muy bien su utilidad. \u201cM\u00e1s tarde aprend\u00ed para qu\u00e9 serv\u00edan\u201d, reconoce.<\/p>\n<p>Magia y f\u00fatbol<\/p>\n<p class=\"paragraph\" id=\"paragraph_20\">Mientras tanto, se dedicaba a otras cosas. Jugaba al f\u00fatbol y, de joven, lleg\u00f3 a ser mediocentro en el <strong>FC Barcelona<\/strong>, el equipo de su vida.<\/p>\n<p class=\"paragraph\" id=\"paragraph_21\">El deporte, en cualquier caso, no le quit\u00f3 la pasi\u00f3n por la magia. En la escuela iba haciendo <strong>trucos<\/strong> a todo aquel que sintiera curiosidad. De ah\u00ed que se sintiera un \u201cni\u00f1o raro\u201d.<\/p>\n<p>Primeros shows<\/p>\n<p class=\"paragraph\" id=\"paragraph_22\">Es cierto que Badia del Vall\u00e8s, una ciudad muy humilde de las afueras de Barcelona, no es un lugar lleno de magia, pero D\u00edaz trataba de aportar su granito de arena. Y lo consigui\u00f3, con esfuerzo y tes\u00f3n.<\/p>\n<p class=\"paragraph\" id=\"paragraph_23\">Con 17 a\u00f1os, el catal\u00e1n empez\u00f3 a participar en espect\u00e1culos varios que lo llevar\u00edan incluso a Madrid, pero nada muy destacable.<\/p>\n<p><img decoding=\"async\" alt=\"El Mago Pop\" data-imgm=\"true\" height=\"180\" loading=\"lazy\"  src=\"https:\/\/www.europesays.com\/es\/wp-content\/uploads\/2025\/12\/1003742715536_15505505_1024x576.jpg\"  width=\"320\"\/><\/p>\n<p>Estudios teatrales<\/p>\n<p class=\"paragraph\" id=\"paragraph_24\">Actuaba donde pod\u00eda: salas peque\u00f1as, <strong>bolos mal pagados<\/strong> y p\u00fablicos reducidos. No hubo \u00e9xito inmediato ni reconocimiento masivo.<\/p>\n<p class=\"paragraph\" id=\"paragraph_25\">Para darle mayor empaque a sus espect\u00e1culos, se form\u00f3 en Arte Dram\u00e1tico en el<strong> Institut del Teatre de Barcelona<\/strong>. All\u00ed vio que la t\u00e9cnica es important\u00edsima para la magia, pero que hace falta espect\u00e1culo, y empez\u00f3 a aplicarlo.<\/p>\n<p>Un premio clave<\/p>\n<p class=\"paragraph\" id=\"paragraph_26\"><strong>Con 20 a\u00f1os cre\u00f3 su primera compa\u00f1\u00eda<\/strong>. Invirti\u00f3 en sus trucos, que crecieron en espectacularidad, y dos a\u00f1os m\u00e1s tarde, en 2008, recibi\u00f3 el <strong>Premio Nacional de Magia<\/strong>.<\/p>\n<p class=\"paragraph\" id=\"paragraph_27\">El reconocimiento no lo convirti\u00f3 en una figura popular, pero<strong> le sirvi\u00f3 para consolidarse dentro del circuito profesional<\/strong>.<\/p>\n<p>Espect\u00e1culos propios<\/p>\n<p class=\"paragraph\" id=\"paragraph_28\">Empez\u00f3 entonces a tomar forma una idea m\u00e1s ambiciosa: crear <strong>espect\u00e1culos propios<\/strong>, con una est\u00e9tica cuidada, una narrativa clara y una magia pensada para emocionar. As\u00ed lleg\u00f3 en 2009 <strong>La asombrosa historia de Mr. Snow<\/strong>, su primer espect\u00e1culo en solitario.<\/p>\n<p class=\"paragraph\" id=\"paragraph_29\">Aqu\u00ed D\u00edaz ya empez\u00f3 a jugar con su vida y la ficci\u00f3n y, sobre todo, sorprendi\u00f3 al hacer <strong>nevar en espacios interiores<\/strong>. Aunque su primer gran \u00e9xito ser\u00eda <strong>La gran ilusi\u00f3n<\/strong>, en 2013. Lo hizo con su nueva empresa, la sociedad limitada <strong>Indiemagic<\/strong>, de la que es administrador \u00fanico.<\/p>\n<p><img decoding=\"async\" alt=\"El Mago Pop durante la presentacio\u0301n de sus nuevos proyectos\" data-imgm=\"true\" height=\"180\" loading=\"lazy\"  src=\"https:\/\/www.europesays.com\/es\/wp-content\/uploads\/2025\/12\/1003742715542_15505610_1024x576.jpg\"  width=\"320\"\/><\/p>\n<p>                                                            El Mago Pop durante la presentacio\u0301n de sus nuevos proyectos<\/p>\n<p>                    EFE<\/p>\n<p>Mago y empresario<\/p>\n<p class=\"paragraph\" id=\"paragraph_30\">El Mago Pop pas\u00f3 entonces de ser solo un nombre art\u00edstico a convertirse tambi\u00e9n en una <strong>marca y un negocio<\/strong>. Lo hizo teniendo en cuenta sus <strong>or\u00edgenes en Badia<\/strong>. El espect\u00e1culo hablaba, en parte, de su trayectoria, desde sus inicios.<\/p>\n<p class=\"paragraph\" id=\"paragraph_31\">Llam\u00f3 la atenci\u00f3n de <strong>Andreu Buenafuente<\/strong>, que lo fich\u00f3 para su programa en La Sexta. Frente a miles de espectadores, el catal\u00e1n <strong>se teletransport\u00f3 en directo de Barcelona a Nueva York<\/strong> y empez\u00f3 la leyenda.<\/p>\n<p>La tele y el \u00e9xito<\/p>\n<p class=\"paragraph\" id=\"paragraph_32\">Sus apariciones en televisi\u00f3n hicieron que La gran ilusi\u00f3n se mantuviera cuatro a\u00f1os en cartel y empezara a girar.<\/p>\n<p class=\"paragraph\" id=\"paragraph_33\">Viendo el \u00e9xito que le report\u00f3 mezclar su vida con la magia, quiso explicar al mundo <strong>c\u00f3mo ha llegado un joven de Badia a convertirse en un gran mago<\/strong>. Como los westerns hicieron con la historia de Estados Unidos, D\u00edaz quiere dotar de \u00e9pica el relato de su vida. Y de magia.<\/p>\n<p class=\"paragraph\" id=\"paragraph_34\">Por ahora, El Mago Pop seguir\u00e1 hasta abril de 2026 en el Teatre Vict\u00f2ria con Nada es imposible, dando rienda suelta a la pasi\u00f3n que lo convirti\u00f3 en un \u201cni\u00f1o raro\u201d de Badia.<\/p>\n","protected":false},"excerpt":{"rendered":"Noticias relacionadas Antonio D\u00edaz sigue teniendo el s\u00edndrome del \u201cni\u00f1o raro\u201d. En varias entrevistas habla as\u00ed de s\u00ed&hellip;\n","protected":false},"author":2,"featured_media":286695,"comment_status":"","ping_status":"","sticky":false,"template":"","format":"standard","meta":{"footnotes":""},"categories":[174],"tags":[210,82,1980,255,2308,146,147,25,24,256,881,282,1505,23,1651],"class_list":{"0":"post-286694","1":"post","2":"type-post","3":"status-publish","4":"format-standard","5":"has-post-thumbnail","7":"category-famosos","8":"tag-barcelona","9":"tag-business","10":"tag-cataluna","11":"tag-celebrities","12":"tag-empresas","13":"tag-entertainment","14":"tag-entretenimiento","15":"tag-es","16":"tag-espana","17":"tag-famosos","18":"tag-fc-barcelona","19":"tag-futbol","20":"tag-hollywood","21":"tag-spain","22":"tag-teatro"},"share_on_mastodon":{"url":"https:\/\/pubeurope.com\/@es\/115714083992066337","error":""},"_links":{"self":[{"href":"https:\/\/www.europesays.com\/es\/wp-json\/wp\/v2\/posts\/286694","targetHints":{"allow":["GET"]}}],"collection":[{"href":"https:\/\/www.europesays.com\/es\/wp-json\/wp\/v2\/posts"}],"about":[{"href":"https:\/\/www.europesays.com\/es\/wp-json\/wp\/v2\/types\/post"}],"author":[{"embeddable":true,"href":"https:\/\/www.europesays.com\/es\/wp-json\/wp\/v2\/users\/2"}],"replies":[{"embeddable":true,"href":"https:\/\/www.europesays.com\/es\/wp-json\/wp\/v2\/comments?post=286694"}],"version-history":[{"count":0,"href":"https:\/\/www.europesays.com\/es\/wp-json\/wp\/v2\/posts\/286694\/revisions"}],"wp:featuredmedia":[{"embeddable":true,"href":"https:\/\/www.europesays.com\/es\/wp-json\/wp\/v2\/media\/286695"}],"wp:attachment":[{"href":"https:\/\/www.europesays.com\/es\/wp-json\/wp\/v2\/media?parent=286694"}],"wp:term":[{"taxonomy":"category","embeddable":true,"href":"https:\/\/www.europesays.com\/es\/wp-json\/wp\/v2\/categories?post=286694"},{"taxonomy":"post_tag","embeddable":true,"href":"https:\/\/www.europesays.com\/es\/wp-json\/wp\/v2\/tags?post=286694"}],"curies":[{"name":"wp","href":"https:\/\/api.w.org\/{rel}","templated":true}]}}