{"id":286720,"date":"2025-12-13T20:50:18","date_gmt":"2025-12-13T20:50:18","guid":{"rendered":"https:\/\/www.europesays.com\/es\/286720\/"},"modified":"2025-12-13T20:50:18","modified_gmt":"2025-12-13T20:50:18","slug":"ion-izagirre-colgara-la-bicicleta-al-final-de-la-presente-temporada-tras-18-anos-en-la-elite-txirrindularitza","status":"publish","type":"post","link":"https:\/\/www.europesays.com\/es\/286720\/","title":{"rendered":"Ion Izagirre colgar\u00e1 la bicicleta al final de la presente temporada tras 18 a\u00f1os en la \u00e9lite | Txirrindularitza"},"content":{"rendered":"<p>        <img decoding=\"async\" alt=\"Izagirre en 2016, celebrando su primera victoria de etapa en el Tour.\" height=\"800\" loading=\"lazy\"  src=\"https:\/\/www.europesays.com\/es\/wp-content\/uploads\/2025\/12\/1213_Izagirre_copia.jpg\"  width=\"1200\"\/>Izagirre en 2016, celebrando su primera victoria de etapa en el Tour. (David STOCKMAN | BELGA MAG | BELGA via AFP)<\/p>\n<p>Ion Izagirre colgar\u00e1 la bicicleta al t\u00e9rmino de esta temporada y pondr\u00e1 as\u00ed punto final a una de las trayectorias m\u00e1s s\u00f3lidas y reconocibles del ciclismo vasco de las dos \u00faltimas d\u00e9cadas. El corredor de Ormaiztegi ha confirmado a Cycling Report que la decisi\u00f3n est\u00e1 tomada y consensuada con su familia, y que 2026 ser\u00e1 su \u00faltimo a\u00f1o como profesional, el cuarto y definitivo en las filas del Cofidis \u2013el pasado mes de octubre, <a href=\"https:\/\/www.naiz.eus\/eu\/info\/noticia\/20251008\/ion-izagirre-seguira-un-ano-mas-en-cofidis-y-completara-su-18-ano-como-profesional\" rel=\"nofollow noopener\" target=\"_blank\">Izagirre alarg\u00f3 por un a\u00f1o su compromiso con el equipo franc\u00e9s<\/a>\u2013.<\/p>\n<blockquote class=\"twitter-tweet\" data-media-max-width=\"560\"><p>&#13;<\/p>\n<p dir=\"ltr\" lang=\"en\">\uf6a8 Ion Izagirre will retire at the end of the season<\/p>\n<p>The Basque rider confirms to Cycling Report that 2026 will be his final year as a professional with Cofidis<\/p>\n<p>\u25b6\ufe0fFull story: <a href=\"https:\/\/t.co\/xcAuV9LdTM\" rel=\"nofollow\">https:\/\/t.co\/xcAuV9LdTM<\/a> <a href=\"https:\/\/t.co\/rZtxhkSoMr\" rel=\"nofollow\">pic.twitter.com\/rZtxhkSoMr<\/a><\/p>\n<p>&#13;<br \/>\n\u2014 Cycling Report (@CyclingReport) <a href=\"https:\/\/twitter.com\/CyclingReport\/status\/1999777213475152108?ref_src=twsrc%5Etfw\" rel=\"nofollow noopener\" target=\"_blank\">December 13, 2025<\/a>\n<\/p><\/blockquote>\n<p>A sus 36 a\u00f1os, Izagirre cerrar\u00e1 una carrera de 18 temporadas en la \u00e9lite, marcada por la constancia, la inteligencia en carrera y una notable capacidad para brillar en escenarios muy distintos. No en vano, se despide como uno de los grandes cazaetapas del ciclismo vsaco en lo que va de siglo, con victorias en las tres grandes vueltas y un palmar\u00e9s que trasciende los n\u00fameros.<\/p>\n<p>\u00abLa gente de mi entorno ya sabe que este ser\u00e1 mi \u00faltimo a\u00f1o\u00bb, ha reconocido el propio ciclista, que ha pedido a su equipo no ser alineado en el pr\u00f3ximo Tour de Francia. Una decisi\u00f3n cargada de simbolismo, ya que la ronda gala ha sido uno de los grandes escenarios de su carrera y el lugar donde firm\u00f3 algunas de sus victorias m\u00e1s recordadas.<\/p>\n<p>La historia deportiva de Ion Izagirre no se entiende sin el ciclismo como herencia familiar. Junto a su hermano Gorka \u2014retirado recientemente\u2014 creci\u00f3 en un entorno marcado por la bicicleta, con un padre, Jose Ramon Izagirre, que lleg\u00f3 a proclamarse campe\u00f3n de Espa\u00f1a de ciclocross. Ion dio el salto al profesionalismo en 2009 con el Orbea, y apenas dos a\u00f1os despu\u00e9s debut\u00f3 en el World Tour. No tard\u00f3 en demostrar que estaba preparado: en su segunda temporada en la \u00e9lite conquist\u00f3 una etapa en el Giro de Italia.<\/p>\n<p>Desde entonces, su nombre ha estado ligado a algunos de los equipos m\u00e1s potentes del pelot\u00f3n: Euskaltel-Euskadi, Movistar, Bahrain, Astana y, desde 2022, Cofidis. En todos ellos dej\u00f3 la misma impronta: un corredor fiable, capaz de rendir en la monta\u00f1a, competitivo contra el reloj y siempre atento a las oportunidades.<\/p>\n<p>Su palmar\u00e9s recoge 18 victorias profesionales, entre ellas dos etapas en el Tour de Francia, una en el Giro y otra en la Vuelta a Espa\u00f1a, logro que solo han alcanzado cinco ciclistas vascos. Fue dos veces campe\u00f3n estatal de contrarreloj (2016 y 2021) y tambi\u00e9n campe\u00f3n de Espa\u00f1a en ruta en 2014. En vueltas de una semana firm\u00f3 triunfos de prestigio, como el Tour de Polonia en 2015 o la Vuelta a la Comunitat Valenciana en 2019.<\/p>\n<p>Pero si hay una victoria que define su carrera es la Euskal Herriko Itzulia de 2019. Aquel triunfo tuvo un valor especial, simb\u00f3lico y deportivo, al devolver la txapela a casa tras 16 a\u00f1os sin un ganador vasco desde Iban Mayo. Izagirre se impuso entonces a corredores como Daniel Martin y Emanuel Buchmann y escribi\u00f3 una de las p\u00e1ginas m\u00e1s celebradas del ciclismo reciente en Euskal Herria.<\/p>\n<p>El Tour de Francia fue, en cualquier caso, uno de sus grandes escaparates. En 2016 firm\u00f3 una victoria memorable, con una bajada bajo la lluvia que le permiti\u00f3 dejar atr\u00e1s a Vincenzo Nibali, y en 2023 volvi\u00f3 a levantar los brazos en la ronda gala, confirmando una longevidad poco com\u00fan al m\u00e1ximo nivel. Ese mismo a\u00f1o se adjudic\u00f3 tambi\u00e9n el Premio Miguel Indurain, que ya hab\u00eda ganado en 2016.<\/p>\n<p>En las \u00faltimas temporadas, aunque las victorias han sido menos frecuentes, Izagirre ha mantenido una regularidad notable, sumando triunfos parciales en la Itzulia y en la Vuelta y consolid\u00e1ndose como uno de los corredores que m\u00e1s veces ha subido al podio de la ronda vasca, seis en total, igualando un registro hist\u00f3rico solo comparable al de Alberto Contador.<\/p>\n<p>Con su retirada, el pelot\u00f3n pierde a un corredor discreto en las formas pero enorme en la competici\u00f3n. Un ciclista que hizo de la constancia una se\u00f1a de identidad y que deja un legado profundo en el ciclismo vasco y en la memoria colectiva de la afici\u00f3n.<\/p>\n<p>  <script async src=\"https:\/\/platform.twitter.com\/widgets.js\" charset=\"utf-8\"><\/script><\/p>\n","protected":false},"excerpt":{"rendered":"Izagirre en 2016, celebrando su primera victoria de etapa en el Tour. (David STOCKMAN | BELGA MAG |&hellip;\n","protected":false},"author":2,"featured_media":286721,"comment_status":"","ping_status":"","sticky":false,"template":"","format":"standard","meta":{"footnotes":""},"categories":[273],"tags":[4187,313,312,168,25,24,1058,15436,48366,1367,23,167,1152],"class_list":{"0":"post-286720","1":"post","2":"type-post","3":"status-publish","4":"format-standard","5":"has-post-thumbnail","7":"category-ciclismo","8":"tag-anuncia","9":"tag-ciclismo","10":"tag-cycling","11":"tag-deportes","12":"tag-es","13":"tag-espana","14":"tag-final","15":"tag-ion","16":"tag-izagirre","17":"tag-retirada","18":"tag-spain","19":"tag-sports","20":"tag-temporada"},"share_on_mastodon":{"url":"https:\/\/pubeurope.com\/@es\/115714236786362827","error":""},"_links":{"self":[{"href":"https:\/\/www.europesays.com\/es\/wp-json\/wp\/v2\/posts\/286720","targetHints":{"allow":["GET"]}}],"collection":[{"href":"https:\/\/www.europesays.com\/es\/wp-json\/wp\/v2\/posts"}],"about":[{"href":"https:\/\/www.europesays.com\/es\/wp-json\/wp\/v2\/types\/post"}],"author":[{"embeddable":true,"href":"https:\/\/www.europesays.com\/es\/wp-json\/wp\/v2\/users\/2"}],"replies":[{"embeddable":true,"href":"https:\/\/www.europesays.com\/es\/wp-json\/wp\/v2\/comments?post=286720"}],"version-history":[{"count":0,"href":"https:\/\/www.europesays.com\/es\/wp-json\/wp\/v2\/posts\/286720\/revisions"}],"wp:featuredmedia":[{"embeddable":true,"href":"https:\/\/www.europesays.com\/es\/wp-json\/wp\/v2\/media\/286721"}],"wp:attachment":[{"href":"https:\/\/www.europesays.com\/es\/wp-json\/wp\/v2\/media?parent=286720"}],"wp:term":[{"taxonomy":"category","embeddable":true,"href":"https:\/\/www.europesays.com\/es\/wp-json\/wp\/v2\/categories?post=286720"},{"taxonomy":"post_tag","embeddable":true,"href":"https:\/\/www.europesays.com\/es\/wp-json\/wp\/v2\/tags?post=286720"}],"curies":[{"name":"wp","href":"https:\/\/api.w.org\/{rel}","templated":true}]}}