{"id":286738,"date":"2025-12-13T21:02:10","date_gmt":"2025-12-13T21:02:10","guid":{"rendered":"https:\/\/www.europesays.com\/es\/286738\/"},"modified":"2025-12-13T21:02:10","modified_gmt":"2025-12-13T21:02:10","slug":"andres-mountbatten-windsor-reaparece-con-sarah-ferguson-en-el-bautizo-de-su-nieta-tras-perder-todos-sus-titulos","status":"publish","type":"post","link":"https:\/\/www.europesays.com\/es\/286738\/","title":{"rendered":"Andr\u00e9s Mountbatten-Windsor reaparece con Sarah Ferguson en el bautizo de su nieta tras perder todos sus t\u00edtulos"},"content":{"rendered":"<p><img decoding=\"async\" alt=\"Image may contain Car Transportation Vehicle Adult and Person\" loading=\"lazy\" class=\"ResponsiveImageContainer-eNxvmU cfBbTk responsive-image__image\"   src=\"https:\/\/www.europesays.com\/es\/wp-content\/uploads\/2025\/12\/2251535472.jpeg\"\/><\/p>\n<p>Un Range Rover en el que se cree que viajaba Andr\u00e9s Mountbatten-Windsor llega al bautizo de Athena Mapelli Mozzi en la Capilla Real del Palacio de St James el 12 de diciembre.<\/p>\n<p>Neil Mockford<\/p>\n<p>\u00abVa a ser una ocasi\u00f3n real, pero todo el mundo teme la idea de ver a Andr\u00e9s all\u00ed\u00bb, reconoci\u00f3 una fuente al Mail on Sunday a principios de esta semana. Otra fuente habl\u00f3 sobre el estado de \u00e1nimo de la princesa Beatriz al Daily Mail: \u00abBeatriz, por supuesto, ha invitado a su padre. Pero las cosas no pasan por un buen momento entre ellos\u00bb.<\/p>\n<p>\u00abElla, sin embargo, est\u00e1 preocupada por su padre. Est\u00e1 pasando por un momento dif\u00edcil en lo que respecta a su salud mental, y reconoce que adora a sus nietos y ser\u00eda cruel privarle de la oportunidad de asistir al bautizo\u00bb. Y a\u00f1adi\u00f3: \u00abPara llegar a este punto deben haberse producido conversaciones y gestiones diplom\u00e1ticas con el rey Carlos\u00bb.<\/p>\n<p><img decoding=\"async\" alt=\"Image may contain Adult Person Clothing Coat Jacket Rock Sitting Formal Wear Blazer Architecture and Building\" loading=\"lazy\" class=\"ResponsiveImageContainer-eNxvmU cfBbTk responsive-image__image\"   src=\"https:\/\/www.europesays.com\/es\/wp-content\/uploads\/2025\/12\/2121040329.jpeg\"\/><\/p>\n<p>El expr\u00edncipe.<\/p>\n<p>JUSTIN TALLIS\/Getty Images<\/p>\n<p>De hecho, se cree que el bautizo habr\u00eda tenido lugar mucho antes si no hubiera sido por el esc\u00e1ndalo que ha sacudido a la <a href=\"https:\/\/www.revistavanityfair.es\/articulos\/familia-real-britanica-todo-lo-que-necesitas-saber-integrantes-arbol-genealogico-orden-sucesion\" rel=\"nofollow noopener\" target=\"_blank\">familia real brit\u00e1nica<\/a> despu\u00e9s de que Carlos III despojara a su hermano de sus t\u00edtulos y de su residencia real. Aunque la princesa Beatriz y su marido, Edoardo Mapelli Mozzi, quer\u00edan que la atenci\u00f3n se centrara exclusivamente en Athena, eran consciente de que que el foco se desviar\u00e1 hacia la asistencia del exduque. Esta ocasi\u00f3n, seg\u00fan dijo una fuente del Daily Mail, podr\u00eda ser la \u00faltima en la que Andr\u00e9s pise la Capilla de St James.<\/p>\n","protected":false},"excerpt":{"rendered":"Un Range Rover en el que se cree que viajaba Andr\u00e9s Mountbatten-Windsor llega al bautizo de Athena Mapelli&hellip;\n","protected":false},"author":2,"featured_media":286739,"comment_status":"","ping_status":"","sticky":false,"template":"","format":"standard","meta":{"footnotes":""},"categories":[91],"tags":[56651,69033,146,147,25,24,5868,57000,1027,12767,23],"class_list":{"0":"post-286738","1":"post","2":"type-post","3":"status-publish","4":"format-standard","5":"has-post-thumbnail","7":"category-entretenimiento","8":"tag-beatriz-de-york","9":"tag-edoardo-mapelli-mozzi","10":"tag-entertainment","11":"tag-entretenimiento","12":"tag-es","13":"tag-espana","14":"tag-familia-real-britanica","15":"tag-principe-andres-de-york","16":"tag-realeza","17":"tag-sarah-ferguson","18":"tag-spain"},"share_on_mastodon":{"url":"https:\/\/pubeurope.com\/@es\/115714284127716705","error":""},"_links":{"self":[{"href":"https:\/\/www.europesays.com\/es\/wp-json\/wp\/v2\/posts\/286738","targetHints":{"allow":["GET"]}}],"collection":[{"href":"https:\/\/www.europesays.com\/es\/wp-json\/wp\/v2\/posts"}],"about":[{"href":"https:\/\/www.europesays.com\/es\/wp-json\/wp\/v2\/types\/post"}],"author":[{"embeddable":true,"href":"https:\/\/www.europesays.com\/es\/wp-json\/wp\/v2\/users\/2"}],"replies":[{"embeddable":true,"href":"https:\/\/www.europesays.com\/es\/wp-json\/wp\/v2\/comments?post=286738"}],"version-history":[{"count":0,"href":"https:\/\/www.europesays.com\/es\/wp-json\/wp\/v2\/posts\/286738\/revisions"}],"wp:featuredmedia":[{"embeddable":true,"href":"https:\/\/www.europesays.com\/es\/wp-json\/wp\/v2\/media\/286739"}],"wp:attachment":[{"href":"https:\/\/www.europesays.com\/es\/wp-json\/wp\/v2\/media?parent=286738"}],"wp:term":[{"taxonomy":"category","embeddable":true,"href":"https:\/\/www.europesays.com\/es\/wp-json\/wp\/v2\/categories?post=286738"},{"taxonomy":"post_tag","embeddable":true,"href":"https:\/\/www.europesays.com\/es\/wp-json\/wp\/v2\/tags?post=286738"}],"curies":[{"name":"wp","href":"https:\/\/api.w.org\/{rel}","templated":true}]}}