{"id":286759,"date":"2025-12-13T21:23:27","date_gmt":"2025-12-13T21:23:27","guid":{"rendered":"https:\/\/www.europesays.com\/es\/286759\/"},"modified":"2025-12-13T21:23:27","modified_gmt":"2025-12-13T21:23:27","slug":"el-arthub-de-la-fundacio-la-caixa-da-sus-primeros-pasos-en-el-distrito-cultural-de-lhospitalet","status":"publish","type":"post","link":"https:\/\/www.europesays.com\/es\/286759\/","title":{"rendered":"El ArtHub de la Fundaci\u00f3 &#8216;la Caixa&#8217; da sus primeros pasos en el Distrito Cultural de L&#8217;Hospitalet"},"content":{"rendered":"<p class=\"ft-text ft-helper-closenews\">La construcci\u00f3n del nuevo <strong>ArtHub de la Fundaci\u00f3 &#8216;la Caixa&#8217;<\/strong>, que comenz\u00f3 el pasado mes de julio y tiene previsto terminar en 2027, tras 20 meses de obras, avanza en el <strong>Distrito Cultural de L\u2019Hospitalet de Llobregat<\/strong>. Las obras se encuentran todav\u00eda en la primera fase, que se centra en los trabajos de escombro y la ejecuci\u00f3n de la estructura del futuro edificio, que ocupar\u00e1 una superficie total de 10.000 metros cuadrados.<\/p>\n<p><img decoding=\"async\" src=\"https:\/\/www.europesays.com\/es\/wp-content\/uploads\/2025\/12\/58adc7bb-bd23-48e3-aade-ccdcea566d0b_alta-libre-aspect-ratio_default_0.jpg\" width=\"1200\" height=\"624\" alt=\"Las obras del nuevo ArtHub de la Fundaci\u00f3 'la Caixa' en L'Hospitalet\" class=\"ft-helper-img-rd\" loading=\"lazy\"\/><\/p>\n<p class=\"ft-helper-fontColor-quaternary ft-helper-fontSize-body-S ft-helper-spacer-t-xxs\">Las obras del nuevo ArtHub de la Fundaci\u00f3 &#8216;la Caixa&#8217; en L&#8217;Hospitalet  \/ FUNDACI\u00d3 &#8216;LA CAIXA&#8217;<\/p>\n<p class=\"ft-text\">Una vez completada la estructura, se iniciar\u00e1 la fase de instalaciones y equipamiento para dotar al centro de todos los espacios necesarios. El edificio, que cuenta con una<strong>\u00a0inversi\u00f3n de 12 millones de euros<\/strong>, contar\u00e1 con <strong>\u00e1reas para la conservaci\u00f3n de obras de arte, un taller de restauraci\u00f3n, aulas para actividades y diversas zonas log\u00edsticas <\/strong>que garantizar\u00e1n el correcto funcionamiento del espacio.<\/p>\n<p>Colecci\u00f3n art\u00edstica \u00fanica<\/p>\n<p class=\"ft-text\">La propuesta arquitect\u00f3nica, dise\u00f1ada por Pretel Arquitectura, se inspira en un edificio donde el Rijksmuseum de Amsterdan guarda sus obras. El nuevo edificio plantea la <strong>ampliaci\u00f3n de un s\u00f3tano y una parcela lateral<\/strong>, dos accesos de veh\u00edculos y dos accesos para el personal. El dise\u00f1o de los espacios y de la circulaci\u00f3n en el edificio, y la implementaci\u00f3n de un espacio de oficinas y zonas de trabajo \u00f3ptimas y con luz natural, respetar\u00e1n los <strong>criterios de sostenibilidad<\/strong>.<\/p>\n<p><img decoding=\"async\" src=\"https:\/\/www.europesays.com\/es\/wp-content\/uploads\/2025\/12\/26ca9646-aa2b-4331-8f39-81d08f3732fe_alta-libre-aspect-ratio_default_0.jpg\" width=\"1200\" height=\"649\" alt=\"Las obras del nuevo ArtHub de la Fundaci\u00f3 'la Caixa' en L'Hospitalet\" class=\"ft-helper-img-rd\" loading=\"lazy\"\/><\/p>\n<p class=\"ft-helper-fontColor-quaternary ft-helper-fontSize-body-S ft-helper-spacer-t-xxs\">Las obras del nuevo ArtHub de la Fundaci\u00f3 &#8216;la Caixa&#8217; en L&#8217;Hospitalet  \/ FUNDACI\u00d3 &#8216;LA CAIXA&#8217;<\/p>\n<p class=\"ft-text\">Cuando finalicen las obras, el ArtHub recibir\u00e1 las piezas de la Colecci\u00f3n de Arte Contempor\u00e1neo de la Fundaci\u00f3 &#8216;la Caixa&#8217;, nacida a mediados de los a\u00f1os 80 e integrada por m\u00e1s de 1.080 obras de 450 artistas, entre los que destacan\u00a0<strong>Bruce Nauman, Gerhardt Richter, Sigmar Polke, Doris Salcedo,<\/strong>\u00a0Mona Hatoum, Cristina Iglesias, Tacita Dean, Cindy Sherman, Juan Mu\u00f1oz, Pierre Huyghe,\u00a0<strong>Antoni T\u00e0pies, Ignasi Aball\u00ed y Soledad Sevilla<\/strong>.<\/p>\n<p>Centro de referencia<\/p>\n<p class=\"ft-text\">Concebido como un centro de referencia en el \u00e1mbito estatal, el ArtHub aspira a convertirse en un <strong>lugar de investigaci\u00f3n y conservaci\u00f3n art\u00edstica<\/strong>, adem\u00e1s de funcionar como un &#8216;think tank&#8217; destinado a <strong>favorecer el encuentro de profesionales del arte<\/strong>, la cultura y el pensamiento, tanto nacionales como internacionales.<\/p>\n<p><img decoding=\"async\" src=\"https:\/\/www.europesays.com\/es\/wp-content\/uploads\/2025\/12\/ca7ec1cb-77a4-4f5e-9dae-931209932d74_alta-libre-aspect-ratio_default_0.jpg\" width=\"1200\" height=\"900\" alt=\"Las obras del nuevo ArtHub de la Fundaci\u00f3 'la Caixa' en L'Hospitalet\" class=\"ft-helper-img-rd\" loading=\"lazy\"\/><\/p>\n<p class=\"ft-helper-fontColor-quaternary ft-helper-fontSize-body-S ft-helper-spacer-t-xxs\">Las obras del nuevo ArtHub de la Fundaci\u00f3 &#8216;la Caixa&#8217; en L&#8217;Hospitalet  \/ FUNDACI\u00d3 &#8216;LA CAIXA&#8217;<\/p>\n<p class=\"ft-text\">La Fundaci\u00f3 &#8216;la Caixa&#8217; busca, adem\u00e1s, que este nuevo espacio se consolide como un <strong>n\u00facleo de colaboraci\u00f3n y creaci\u00f3n<\/strong>. Su vocaci\u00f3n es generar sinergias con artistas, instituciones y comunidades a escala local, nacional e internacional. El objetivo de la fundaci\u00f3n es convertir el ArtHub en un laboratorio de creaci\u00f3n, participaci\u00f3n e investigaci\u00f3n capaz de desarrollar modelos innovadores que puedan extenderse posteriormente al <strong>conjunto de la red CaixaForum<\/strong>.<\/p>\n<p data-close=\"closedContent\" class=\"subscribeHideForDisplay\">Suscr\u00edbete para seguir leyendo<\/p>\n","protected":false},"excerpt":{"rendered":"La construcci\u00f3n del nuevo ArtHub de la Fundaci\u00f3 &#8216;la Caixa&#8217;, que comenz\u00f3 el pasado mes de julio y&hellip;\n","protected":false},"author":2,"featured_media":286760,"comment_status":"","ping_status":"","sticky":false,"template":"","format":"standard","meta":{"footnotes":""},"categories":[173],"tags":[229,233,69035,231,230,53027,34680,232,234,69036,146,147,25,24,61261,48105,51034,474,23],"class_list":{"0":"post-286759","1":"post","2":"type-post","3":"status-publish","4":"format-standard","5":"has-post-thumbnail","7":"category-arte-y-diseno","8":"tag-arte","9":"tag-arte-y-diseno","10":"tag-arthub","11":"tag-arts","12":"tag-arts-and-design","13":"tag-caixa","14":"tag-caixaforum","15":"tag-design","16":"tag-diseno","17":"tag-distrito-cultural","18":"tag-entertainment","19":"tag-entretenimiento","20":"tag-es","21":"tag-espana","22":"tag-fundacio","23":"tag-hospitalet","24":"tag-hospitalet-de-llobregat","25":"tag-obras","26":"tag-spain"},"share_on_mastodon":{"url":"https:\/\/pubeurope.com\/@es\/115714366574373162","error":""},"_links":{"self":[{"href":"https:\/\/www.europesays.com\/es\/wp-json\/wp\/v2\/posts\/286759","targetHints":{"allow":["GET"]}}],"collection":[{"href":"https:\/\/www.europesays.com\/es\/wp-json\/wp\/v2\/posts"}],"about":[{"href":"https:\/\/www.europesays.com\/es\/wp-json\/wp\/v2\/types\/post"}],"author":[{"embeddable":true,"href":"https:\/\/www.europesays.com\/es\/wp-json\/wp\/v2\/users\/2"}],"replies":[{"embeddable":true,"href":"https:\/\/www.europesays.com\/es\/wp-json\/wp\/v2\/comments?post=286759"}],"version-history":[{"count":0,"href":"https:\/\/www.europesays.com\/es\/wp-json\/wp\/v2\/posts\/286759\/revisions"}],"wp:featuredmedia":[{"embeddable":true,"href":"https:\/\/www.europesays.com\/es\/wp-json\/wp\/v2\/media\/286760"}],"wp:attachment":[{"href":"https:\/\/www.europesays.com\/es\/wp-json\/wp\/v2\/media?parent=286759"}],"wp:term":[{"taxonomy":"category","embeddable":true,"href":"https:\/\/www.europesays.com\/es\/wp-json\/wp\/v2\/categories?post=286759"},{"taxonomy":"post_tag","embeddable":true,"href":"https:\/\/www.europesays.com\/es\/wp-json\/wp\/v2\/tags?post=286759"}],"curies":[{"name":"wp","href":"https:\/\/api.w.org\/{rel}","templated":true}]}}