{"id":286822,"date":"2025-12-13T22:14:30","date_gmt":"2025-12-13T22:14:30","guid":{"rendered":"https:\/\/www.europesays.com\/es\/286822\/"},"modified":"2025-12-13T22:14:30","modified_gmt":"2025-12-13T22:14:30","slug":"es-la-emisora-que-mas-crece-y-cierra-el-ano-con-4-892-000-oyentes-el-mejor-dato-de-los-ultimos-12-anos","status":"publish","type":"post","link":"https:\/\/www.europesays.com\/es\/286822\/","title":{"rendered":"es la emisora que m\u00e1s crece y cierra el a\u00f1o con 4.892.000 oyentes, el mejor dato de los \u00faltimos 12 a\u00f1os"},"content":{"rendered":"<p>Seg\u00fan los datos de la 3\u00aa ola del EGM 2025, <b>PRISA Media  es el grupo con mayor audiencia, con 10.128.000 de oyentes diarios<\/b>, con un amplio liderazgo frente a sus competidores: Grupo COPE, con 6.210.000 oyentes, y Atresmedia Radio, con 3.136.000. Lidera el consumo de audio en Espa\u00f1a, por delante de todas las plataformas de m\u00fasica y podcast como Spotify.<\/p>\n<p>La Cadena SER culmina el a\u00f1o 2025 imparable: crece y consigue <b>su mejor dato en 12 a\u00f1os con 4.892.000 oyentes de lunes a viernes<\/b>, 1.347.000 m\u00e1s que COPE, segunda en el ranking con 3.545.000; con m\u00e1s del doble de oyentes que Onda Cero, tercera opci\u00f3n con 2.283.000; y muy por delante de RNE, que logra 945.000 oyentes.<\/p>\n<p>En un oto\u00f1o repleto de acontecimientos relevantes en la actualidad nacional e internacional -los incendios que asolaron Espa\u00f1a en verano, los cribados del c\u00e1ncer de mama en Andaluc\u00eda, el aniversario de la DANA y sus funerales de estado, la comparecencia del presidente del Gobierno, el conflicto entre Israel y Palestina o el inicio del juicio al fiscal general del Estado, entre otros- l<b>a SER ha liderado con exclusivas, programas y coberturas especiales<\/b> y ha llevado a cabo un gran despliegue informativo con el que concluye un 2025 imbatible, con el apoyo mayoritario de una audiencia que premia con este liderazgo la pasi\u00f3n, el rigor y la credibilidad del equipo de profesionales de toda su red de emisoras.<\/p>\n<p>R\u00e9cord de los programas informativos de la SER<\/p>\n<p>Hoy por Hoy  culmina el a\u00f1o batiendo su propio r\u00e9cord hist\u00f3rico. Es el programa que m\u00e1s crece, lidera tanto del tramo informativo como del magazine y encadena siete olas consecutivas con m\u00e1s de tres millones de seguidores. <b>3.405.000 oyentes eligen una vez m\u00e1s el rigor period\u00edstico y el tono optimista del programa <\/b>y consolidan a \u00c0ngels Barcel\u00f3 y su equipo como l\u00edderes absolutos de la radio. Barcel\u00f3 aumenta a\u00fan m\u00e1s su distancia respecto a su principal competidor y consigue la m\u00e1xima distancia con respecto a Herrera en COPE, de Carlos Herrera, de 865.000 oyentes, que es el que m\u00e1s cae con respecto a la ola pasada; y casi el doble de oyentes que M\u00e1s de uno, de Carlos Alsina de Onda Cero, tercera opci\u00f3n en el ranking con 1.736.000 oyentes.<\/p>\n<p>Hora 25, dirigido por Aimar Bretos, acaba el a\u00f1o con su r\u00e9cord al frente del programa. <b>1.137.000 oyentes reafirman su liderazgo de las noches informativas<\/b>. Supera en 254.000 a La Linterna de COPE, conducido por \u00c1ngel Exp\u00f3sito, que tiene una hora m\u00e1s de programa; y en 598.000 a La Br\u00fajula de Rafa Latorre en Onda Cero. Finaliza su mejor a\u00f1o como el \u00fanico espacio de los informativos nocturnos que gana oyentes.<\/p>\n<p>Hora 14, dirigido y conducido por Javier Casal de lunes a viernes, es el programa <b>informativo l\u00edder a mediod\u00eda con 612.000 oyentes diarios<\/b>. Liderazgo que contin\u00faa A\u00edda Bao los fines de semana con 451.000 oyentes en el promedio.<\/p>\n<p>La SER domina de nuevo el entretenimiento en la radio: mejor a\u00f1o hist\u00f3rico de La Ventana y liderazgo absoluto de A vivir<\/p>\n<p>La SER tambi\u00e9n es la cadena preferida para los seguidores radiof\u00f3nicos de la tarde.  Es el mejor a\u00f1o de la historia para La Ventana, de Carles Francino, que vuelve a conseguir esta oleada <b>un nuevo r\u00e9cord con 1.170.000 oyentes<\/b> y lo que supone los mismos oyentes que la suma de sus dos principales competidores juntos, COPE y Onda Cero.<\/p>\n<p>En las ma\u00f1anas del fin de semana, A Vivir, el programa de Javier del Pino, <b>lidera ampliamente, tanto los s\u00e1bados, con 2.060.000 oyentes,<\/b> como los domingos, con 1.990.000.<\/p>\n<p>La SER lidera las madrugadas con El Faro y Si amanece nos vamos. Mara Torres suma 245.000 oyentes y Roberto S\u00e1nchez, consigue 168.000.<\/p>\n<p>La SER, referente en deportes<\/p>\n<p>El Larguero, que dirige Manu Carre\u00f1o, obtiene 740.000 oyentes, en las noches deportivas.<\/p>\n<p>En el fin de semana, <b>Carrusel Deportivo, con Dani Garrido, suma el s\u00e1bado 1.950.000 oyentes y los domingos 2.051.000 oyentes<\/b>. En el promedio de s\u00e1bado y domingo en horario coincidente con su inmediato competidor, de 14:00 a 01:30 horas, Carrusel lidera la oferta deportiva de fin de semana con 2.001.000 oyentes.<\/p>\n<p>Francisco Jos\u00e9 Delgado \u2018Pacoj\u00f3\u2019, con SER Deportivos, lidera, de lunes a viernes, con 501.000 oyentes.<\/p>\n<p>Hora 25 Deportes, con Jes\u00fas Gallego, tambi\u00e9n lidera su tramo horario con 268.000 oyentes.<\/p>\n<p>LOS40, primera emisora del \u00e1mbito musical y tercera radio m\u00e1s escuchada en Espa\u00f1a<\/p>\n<p>La radio musical crece por quinto a\u00f1o consecutivo con el <b>dominio absoluto de LOS40 (LOS40, LOS40 Classic, LOS40 Dance, y LOS40 Urban) <\/b>que cierra a\u00f1o, una vez m\u00e1s, como la mayor comunidad musical de Espa\u00f1a con 8.971.000 oyentes mensuales, seg\u00fan esta \u00faltima ola del EGM.<\/p>\n<p>LOS40 lidera la radio musical en Espa\u00f1a con 2.854.000 seguidores de lunes a viernes. Anda Ya, con Dani Moreno y Cristina Bosc\u00e1 al frente, es<b> el morning show que gana m\u00e1s oyentes y se mantiene como l\u00edder indiscutible con 1.686.000 <\/b>oyentes.<\/p>\n<p>Del 40 al 1, con Tony Aguilar, es el programa m\u00e1s escuchado el fin de semana de la radio musical con 1.276.000 seguidores.<\/p>\n<p>LOS40 Classic cierra su mejor a\u00f1o con 791.000 seguidores. Su programa despertador Morning Box, con Javier Penedo y Andrea S\u00e1nchez, alcanza 442.000 seguidores.<\/p>\n<p>LOS40 Urban crece hasta los 393.000 oyentes diarios. Adem\u00e1s, la comunidad de oyentes de Rams\u00e9s L\u00f3pez, El Fara\u00f3n lleva al morning de LOS40 Urban conseguir su mejor dato de audiencia con 235.000 oyentes.<\/p>\n<p>LOS40 Dance consigue 48.000 oyentes.<\/p>\n<p><b>Cadena Dial obtiene en esta ola 1.472.000 oyentes<\/b>. Atr\u00e9vete, el programa despertador de la emisora dirigido por Jaime Moreno, consigue 761.000 oyentes diarios. Y en el fin de semana, Rafa Cano suma 568.000 oyentes en Dial tal cual.<\/p>\n<p>Radiol\u00e9 sube y alcanza 322.000 oyentes. Su morning, <b>Caf\u00e9 Ol\u00e9<\/b>, conducido por Alberto Leza\u00fan, consigue 248.000 seguidores.<\/p>\n<p>Cifras r\u00e9cord tambi\u00e9n en consumo de radio digital    <\/p>\n<p>La Cadena SER consigue un nuevo r\u00e9cord en consumo digital con 1.452.000 oyentes liderando el ranking (streaming+ podcast).<\/p>\n","protected":false},"excerpt":{"rendered":"Seg\u00fan los datos de la 3\u00aa ola del EGM 2025, PRISA Media es el grupo con mayor audiencia,&hellip;\n","protected":false},"author":2,"featured_media":286823,"comment_status":"","ping_status":"","sticky":false,"template":"","format":"standard","meta":{"footnotes":""},"categories":[170],"tags":[6699,5262,69041,146,147,25,24,184,185,2151,3752,23],"class_list":{"0":"post-286822","1":"post","2":"type-post","3":"status-publish","4":"format-standard","5":"has-post-thumbnail","7":"category-musica","8":"tag-cadena-ser","9":"tag-comunicacion","10":"tag-egm","11":"tag-entertainment","12":"tag-entretenimiento","13":"tag-es","14":"tag-espana","15":"tag-music","16":"tag-musica","17":"tag-periodismo","18":"tag-prisa","19":"tag-spain"},"share_on_mastodon":{"url":"https:\/\/pubeurope.com\/@es\/115714566757651011","error":""},"_links":{"self":[{"href":"https:\/\/www.europesays.com\/es\/wp-json\/wp\/v2\/posts\/286822","targetHints":{"allow":["GET"]}}],"collection":[{"href":"https:\/\/www.europesays.com\/es\/wp-json\/wp\/v2\/posts"}],"about":[{"href":"https:\/\/www.europesays.com\/es\/wp-json\/wp\/v2\/types\/post"}],"author":[{"embeddable":true,"href":"https:\/\/www.europesays.com\/es\/wp-json\/wp\/v2\/users\/2"}],"replies":[{"embeddable":true,"href":"https:\/\/www.europesays.com\/es\/wp-json\/wp\/v2\/comments?post=286822"}],"version-history":[{"count":0,"href":"https:\/\/www.europesays.com\/es\/wp-json\/wp\/v2\/posts\/286822\/revisions"}],"wp:featuredmedia":[{"embeddable":true,"href":"https:\/\/www.europesays.com\/es\/wp-json\/wp\/v2\/media\/286823"}],"wp:attachment":[{"href":"https:\/\/www.europesays.com\/es\/wp-json\/wp\/v2\/media?parent=286822"}],"wp:term":[{"taxonomy":"category","embeddable":true,"href":"https:\/\/www.europesays.com\/es\/wp-json\/wp\/v2\/categories?post=286822"},{"taxonomy":"post_tag","embeddable":true,"href":"https:\/\/www.europesays.com\/es\/wp-json\/wp\/v2\/tags?post=286822"}],"curies":[{"name":"wp","href":"https:\/\/api.w.org\/{rel}","templated":true}]}}