{"id":286826,"date":"2025-12-13T22:16:12","date_gmt":"2025-12-13T22:16:12","guid":{"rendered":"https:\/\/www.europesays.com\/es\/286826\/"},"modified":"2025-12-13T22:16:12","modified_gmt":"2025-12-13T22:16:12","slug":"barcelona-osasuna-un-doblete-de-raphinha-da-la-victoria-al-barca-futbol-deportes","status":"publish","type":"post","link":"https:\/\/www.europesays.com\/es\/286826\/","title":{"rendered":"Barcelona &#8211; Osasuna| Un doblete de Raphinha da la victoria al Bar\u00e7a | F\u00fatbol | Deportes"},"content":{"rendered":"<p>\u00a1\u00a1Descanso en el distrito de Les Corts!! El Barcelona y Osasuna toman el camino hacia los vestuarios con el empate a cero en el marcador (0-0). La insistencia de los blaugranas, que han coleccionado hasta una decena de remates totales (13), han asediado al conjunto rojillo, compacto en defensa, s\u00f3lido a trav\u00e9s de dos l\u00edneas y con el recurso de transitar en velocidad con la baza de V\u00edctor Mu\u00f1oz. El VAR, a trav\u00e9s de Del Cerro Grande, anul\u00f3 un gol de Ferran Torres de cabeza por un fuera de juego previo de Raphinha en el origen de la jugada.\u00a0<\/p>\n","protected":false},"excerpt":{"rendered":"\u00a1\u00a1Descanso en el distrito de Les Corts!! El Barcelona y Osasuna toman el camino hacia los vestuarios con&hellip;\n","protected":false},"author":2,"featured_media":286827,"comment_status":"","ping_status":"","sticky":false,"template":"","format":"standard","meta":{"footnotes":""},"categories":[93],"tags":[1540,168,1539,10445,25,24,881,23624,4970,282,1538,5815,1210,8138,621,1810,47493,17499,23,167],"class_list":{"0":"post-286826","1":"post","2":"type-post","3":"status-publish","4":"format-standard","5":"has-post-thumbnail","7":"category-deportes","8":"tag-competiciones","9":"tag-deportes","10":"tag-entrenadores","11":"tag-eric-garcia","12":"tag-es","13":"tag-espana","14":"tag-fc-barcelona","15":"tag-ferran-torres","16":"tag-flick","17":"tag-futbol","18":"tag-futbolistas","19":"tag-goles","20":"tag-laliga-ea-sports","21":"tag-lamine-yamal","22":"tag-osasuna","23":"tag-partidos-futbol","24":"tag-pau-cubarsi","25":"tag-robert-lewandowski","26":"tag-spain","27":"tag-sports"},"share_on_mastodon":{"url":"https:\/\/pubeurope.com\/@es\/115714574732924414","error":""},"_links":{"self":[{"href":"https:\/\/www.europesays.com\/es\/wp-json\/wp\/v2\/posts\/286826","targetHints":{"allow":["GET"]}}],"collection":[{"href":"https:\/\/www.europesays.com\/es\/wp-json\/wp\/v2\/posts"}],"about":[{"href":"https:\/\/www.europesays.com\/es\/wp-json\/wp\/v2\/types\/post"}],"author":[{"embeddable":true,"href":"https:\/\/www.europesays.com\/es\/wp-json\/wp\/v2\/users\/2"}],"replies":[{"embeddable":true,"href":"https:\/\/www.europesays.com\/es\/wp-json\/wp\/v2\/comments?post=286826"}],"version-history":[{"count":0,"href":"https:\/\/www.europesays.com\/es\/wp-json\/wp\/v2\/posts\/286826\/revisions"}],"wp:featuredmedia":[{"embeddable":true,"href":"https:\/\/www.europesays.com\/es\/wp-json\/wp\/v2\/media\/286827"}],"wp:attachment":[{"href":"https:\/\/www.europesays.com\/es\/wp-json\/wp\/v2\/media?parent=286826"}],"wp:term":[{"taxonomy":"category","embeddable":true,"href":"https:\/\/www.europesays.com\/es\/wp-json\/wp\/v2\/categories?post=286826"},{"taxonomy":"post_tag","embeddable":true,"href":"https:\/\/www.europesays.com\/es\/wp-json\/wp\/v2\/tags?post=286826"}],"curies":[{"name":"wp","href":"https:\/\/api.w.org\/{rel}","templated":true}]}}