{"id":286828,"date":"2025-12-13T22:17:11","date_gmt":"2025-12-13T22:17:11","guid":{"rendered":"https:\/\/www.europesays.com\/es\/286828\/"},"modified":"2025-12-13T22:17:11","modified_gmt":"2025-12-13T22:17:11","slug":"mexico-confirma-el-primer-caso-de-la-variante-k-de-influenza-a-h3n2-en-la-capital-del-pais","status":"publish","type":"post","link":"https:\/\/www.europesays.com\/es\/286828\/","title":{"rendered":"M\u00e9xico confirma el primer caso de la variante K de influenza A H3N2 en la capital del pa\u00eds"},"content":{"rendered":"<p>      EFE<br \/>\n        \u00a0\u2014\u00a0<\/p>\n<p class=\"paragraph inline-placeholder vossi-paragraph\" data-uri=\"es.cms.cnn.com\/_components\/paragraph\/instances\/cmj4s2jw000033j6qcv7kq0km@published\" data-editable=\"text\" data-component-name=\"paragraph\" data-article-gutter=\"true\">\n            La Secretar\u00eda de Salud de M\u00e9xico confirm\u00f3 este viernes el primer caso detectado del virus de influenza A H3N2 subtipo K, en la capital del pa\u00eds, y asegur\u00f3 que no representa un motivo de alarma para la poblaci\u00f3n.\n    <\/p>\n<p class=\"paragraph inline-placeholder vossi-paragraph\" data-uri=\"es.cms.cnn.com\/_components\/paragraph\/instances\/cmj4s2jw000043j6q60iqx3xd@published\" data-editable=\"text\" data-component-name=\"paragraph\" data-article-gutter=\"true\">\n            En un comunicado, la dependencia del Gobierno mexicano precis\u00f3 que el caso fue confirmado por el Instituto Nacional de Enfermedades Respiratorias (INER), ubicado en la Ciudad de M\u00e9xico.\n    <\/p>\n<p class=\"paragraph inline-placeholder vossi-paragraph\" data-uri=\"es.cms.cnn.com\/_components\/paragraph\/instances\/cmj4s2jw000053j6qlflxoeyh@published\" data-editable=\"text\" data-component-name=\"paragraph\" data-article-gutter=\"true\">\n            El paciente \u201cse encuentra ya recuperado\u201d, tras responder favorablemente a un tratamiento ambulatorio con medicaci\u00f3n antiviral, apunt\u00f3 la nota.\n    <\/p>\n<p class=\"paragraph inline-placeholder vossi-paragraph\" data-uri=\"es.cms.cnn.com\/_components\/paragraph\/instances\/cmj4s2jw000063j6qxpwbiwnr@published\" data-editable=\"text\" data-component-name=\"paragraph\" data-article-gutter=\"true\">\n            La dependencia agreg\u00f3 que el Sistema Nacional de Vigilancia Epidemiol\u00f3gica (Sinave) mantiene un monitoreo y an\u00e1lisis permanente para detectar oportunamente cualquier eventual caso.\n    <\/p>\n<p class=\"paragraph inline-placeholder vossi-paragraph\" data-uri=\"es.cms.cnn.com\/_components\/paragraph\/instances\/cmj4s2jw000073j6q5it2hh4s@published\" data-editable=\"text\" data-component-name=\"paragraph\" data-article-gutter=\"true\">\n            Adem\u00e1s, puntualiz\u00f3 que esta nueva variante de la influenza \u201cpresenta caracter\u00edsticas similares a las de la influenza estacional que circula cada a\u00f1o\u201d, por lo que su manejo cl\u00ednico es el mismo y la vacunaci\u00f3n es la principal medida de prevenci\u00f3n.\n    <\/p>\n<p class=\"paragraph inline-placeholder vossi-paragraph\" data-uri=\"es.cms.cnn.com\/_components\/paragraph\/instances\/cmj4s2jw000083j6q7bhzjaac@published\" data-editable=\"text\" data-component-name=\"paragraph\" data-article-gutter=\"true\">\n            \u201cPor ello, no representa un motivo de alarma para la poblaci\u00f3n\u201d, sostuvo.\n    <\/p>\n<p class=\"paragraph inline-placeholder vossi-paragraph\" data-uri=\"es.cms.cnn.com\/_components\/paragraph\/instances\/cmj4s2jw000093j6qt6u4q12m@published\" data-editable=\"text\" data-component-name=\"paragraph\" data-article-gutter=\"true\">\n            La autoridad sanitaria exhort\u00f3 a la poblaci\u00f3n a acudir a aplicarse las vacunas correspondientes a la temporada invernal, particularmente contra influenza, covid-19 y neumococo.\n    <\/p>\n<p class=\"paragraph inline-placeholder vossi-paragraph\" data-uri=\"es.cms.cnn.com\/_components\/paragraph\/instances\/cmj4s2jw0000a3j6qdt4lzxkw@published\" data-editable=\"text\" data-component-name=\"paragraph\" data-article-gutter=\"true\">\n            Asimismo, destac\u00f3 la efectividad de estas vacunas para \u201creducir riesgos, prevenir complicaciones e internamientos\u201d, especialmente de infantes, adultos mayores, mujeres embarazadas, personal de salud y personas con comorbilidades.\n    <\/p>\n<p class=\"paragraph inline-placeholder vossi-paragraph\" data-uri=\"es.cms.cnn.com\/_components\/paragraph\/instances\/cmj4s2jw0000b3j6qeem9gho7@published\" data-editable=\"text\" data-component-name=\"paragraph\" data-article-gutter=\"true\">\n            En caso de dar positivo a la influenza, la Secretar\u00eda recomend\u00f3 atenderse de forma temprana, y de ser necesario, recibir un tratamiento antiviral est\u00e1ndar, adem\u00e1s de usar cubrebocas y mantener medidas de aislamiento.\n    <\/p>\n<p class=\"paragraph inline-placeholder vossi-paragraph\" data-uri=\"es.cms.cnn.com\/_components\/paragraph\/instances\/cmj4s2jw0000c3j6q7orw3d18@published\" data-editable=\"text\" data-component-name=\"paragraph\" data-article-gutter=\"true\">\n            El virus de influenza A H3N2 subtipo K, conocido como \u201csupergripa\u201d, es una variante que ha circulado recientemente en Europa y Estados Unidos.\n    <\/p>\n<p class=\"paragraph inline-placeholder vossi-paragraph\" data-uri=\"es.cms.cnn.com\/_components\/paragraph\/instances\/cmj4s2jw0000d3j6qzfb56w05@published\" data-editable=\"text\" data-component-name=\"paragraph\" data-article-gutter=\"true\">\n            Se caracteriza por una mayor capacidad de transmisi\u00f3n en comparaci\u00f3n con otros subtipos estacionales, aunque no se ha asociado con una mayor letalidad.\n    <\/p>\n<p class=\"paragraph inline-placeholder vossi-paragraph\" data-uri=\"es.cms.cnn.com\/_components\/paragraph\/instances\/cmj4s2jw0000e3j6qnuxtwvk7@published\" data-editable=\"text\" data-component-name=\"paragraph\" data-article-gutter=\"true\">\n            Las autoridades sanitarias de diversos pa\u00edses han se\u00f1alado que los casos detectados responden al tratamiento antiviral y que las vacunas estacionales ofrecen protecci\u00f3n frente a esta variante.\n    <\/p>\n","protected":false},"excerpt":{"rendered":"EFE \u00a0\u2014\u00a0 La Secretar\u00eda de Salud de M\u00e9xico confirm\u00f3 este viernes el primer caso detectado del virus de&hellip;\n","protected":false},"author":2,"featured_media":286829,"comment_status":"","ping_status":"","sticky":false,"template":"","format":"standard","meta":{"footnotes":""},"categories":[92],"tags":[25,24,165,8553,1906,166,23],"class_list":{"0":"post-286828","1":"post","2":"type-post","3":"status-publish","4":"format-standard","5":"has-post-thumbnail","7":"category-salud","8":"tag-es","9":"tag-espana","10":"tag-health","11":"tag-influenza","12":"tag-mexico","13":"tag-salud","14":"tag-spain"},"share_on_mastodon":{"url":"https:\/\/pubeurope.com\/@es\/115714578574315401","error":""},"_links":{"self":[{"href":"https:\/\/www.europesays.com\/es\/wp-json\/wp\/v2\/posts\/286828","targetHints":{"allow":["GET"]}}],"collection":[{"href":"https:\/\/www.europesays.com\/es\/wp-json\/wp\/v2\/posts"}],"about":[{"href":"https:\/\/www.europesays.com\/es\/wp-json\/wp\/v2\/types\/post"}],"author":[{"embeddable":true,"href":"https:\/\/www.europesays.com\/es\/wp-json\/wp\/v2\/users\/2"}],"replies":[{"embeddable":true,"href":"https:\/\/www.europesays.com\/es\/wp-json\/wp\/v2\/comments?post=286828"}],"version-history":[{"count":0,"href":"https:\/\/www.europesays.com\/es\/wp-json\/wp\/v2\/posts\/286828\/revisions"}],"wp:featuredmedia":[{"embeddable":true,"href":"https:\/\/www.europesays.com\/es\/wp-json\/wp\/v2\/media\/286829"}],"wp:attachment":[{"href":"https:\/\/www.europesays.com\/es\/wp-json\/wp\/v2\/media?parent=286828"}],"wp:term":[{"taxonomy":"category","embeddable":true,"href":"https:\/\/www.europesays.com\/es\/wp-json\/wp\/v2\/categories?post=286828"},{"taxonomy":"post_tag","embeddable":true,"href":"https:\/\/www.europesays.com\/es\/wp-json\/wp\/v2\/tags?post=286828"}],"curies":[{"name":"wp","href":"https:\/\/api.w.org\/{rel}","templated":true}]}}