{"id":286832,"date":"2025-12-13T22:19:14","date_gmt":"2025-12-13T22:19:14","guid":{"rendered":"https:\/\/www.europesays.com\/es\/286832\/"},"modified":"2025-12-13T22:19:14","modified_gmt":"2025-12-13T22:19:14","slug":"la-nebulosa-cabeza-de-caballo-y-la-nebulosa-de-la-llama-nasanet","status":"publish","type":"post","link":"https:\/\/www.europesays.com\/es\/286832\/","title":{"rendered":"La Nebulosa Cabeza de Caballo y la Nebulosa de la Llama :: NASANET"},"content":{"rendered":"<p><a href=\"https:\/\/www.lanasa.net\/download_file\/view\/5914\/2859\" rel=\"nofollow noopener\" target=\"_blank\"><img loading=\"lazy\" decoding=\"async\" src=\"https:\/\/www.europesays.com\/es\/wp-content\/uploads\/2025\/12\/ID.jpg\" alt=\"Dos Joyas en Ori\u00f3n: La Nebulosa Cabeza de Caballo y la Nebulosa de la Llama\" height=\"864\" width=\"1080\"\/><\/a>&#13;<br \/>\n<strong>Credit: Javier Escudero<\/strong>&#13;<\/p>\n<p style=\"text-align: justify;\">La zona de Ori\u00f3n es la favorita del cielo para los astr\u00f3nomos, por su cantidad y variedad de objetos. Nebulosas oscuras, parches de gas y polvo que bloquean la luz y crean zonas de oscuridad. Nebulosas de reflexi\u00f3n reflejan la luz de estrellas cercanas. Nebulosas de emisi\u00f3n, emiten su propia luz. Una aut\u00e9ntica maravilla y una lecci\u00f3n viva de la f\u00edsica del cosmos: regiones de formaci\u00f3n estelar donde nacen nuevas estrellas entre nubes de hidr\u00f3geno ionizado, polvo oscuro y brillantes reflejos azules.<\/p>\n<p style=\"text-align: justify;\">Esta zona de Ori\u00f3n nos recuerda lo din\u00e1mico y vivo que est\u00e1 el universo, con procesos que tardan millones de a\u00f1os pero que podemos admirar en una sola noche con los ojos, telescopios\u2026 o esta incre\u00edble imagen.<\/p>\n","protected":false},"excerpt":{"rendered":"&#13; Credit: Javier Escudero&#13; La zona de Ori\u00f3n es la favorita del cielo para los astr\u00f3nomos, por su&hellip;\n","protected":false},"author":2,"featured_media":286833,"comment_status":"","ping_status":"","sticky":false,"template":"","format":"standard","meta":{"footnotes":""},"categories":[81],"tags":[119,123,124,25,24,117,121,122,23,118,120],"class_list":{"0":"post-286832","1":"post","2":"type-post","3":"status-publish","4":"format-standard","5":"has-post-thumbnail","7":"category-ciencia-y-tecnologia","8":"tag-ciencia","9":"tag-ciencia-y-tecnologia","10":"tag-cienciaytecnologia","11":"tag-es","12":"tag-espana","13":"tag-science","14":"tag-science-and-technology","15":"tag-scienceandtechnology","16":"tag-spain","17":"tag-technology","18":"tag-tecnologia"},"share_on_mastodon":{"url":"https:\/\/pubeurope.com\/@es\/115714587436940925","error":""},"_links":{"self":[{"href":"https:\/\/www.europesays.com\/es\/wp-json\/wp\/v2\/posts\/286832","targetHints":{"allow":["GET"]}}],"collection":[{"href":"https:\/\/www.europesays.com\/es\/wp-json\/wp\/v2\/posts"}],"about":[{"href":"https:\/\/www.europesays.com\/es\/wp-json\/wp\/v2\/types\/post"}],"author":[{"embeddable":true,"href":"https:\/\/www.europesays.com\/es\/wp-json\/wp\/v2\/users\/2"}],"replies":[{"embeddable":true,"href":"https:\/\/www.europesays.com\/es\/wp-json\/wp\/v2\/comments?post=286832"}],"version-history":[{"count":0,"href":"https:\/\/www.europesays.com\/es\/wp-json\/wp\/v2\/posts\/286832\/revisions"}],"wp:featuredmedia":[{"embeddable":true,"href":"https:\/\/www.europesays.com\/es\/wp-json\/wp\/v2\/media\/286833"}],"wp:attachment":[{"href":"https:\/\/www.europesays.com\/es\/wp-json\/wp\/v2\/media?parent=286832"}],"wp:term":[{"taxonomy":"category","embeddable":true,"href":"https:\/\/www.europesays.com\/es\/wp-json\/wp\/v2\/categories?post=286832"},{"taxonomy":"post_tag","embeddable":true,"href":"https:\/\/www.europesays.com\/es\/wp-json\/wp\/v2\/tags?post=286832"}],"curies":[{"name":"wp","href":"https:\/\/api.w.org\/{rel}","templated":true}]}}