{"id":286845,"date":"2025-12-13T22:32:16","date_gmt":"2025-12-13T22:32:16","guid":{"rendered":"https:\/\/www.europesays.com\/es\/286845\/"},"modified":"2025-12-13T22:32:16","modified_gmt":"2025-12-13T22:32:16","slug":"cervera-tenia-tiene-y-tendra-razon","status":"publish","type":"post","link":"https:\/\/www.europesays.com\/es\/286845\/","title":{"rendered":"Cervera ten\u00eda, tiene y tendr\u00e1 raz\u00f3n"},"content":{"rendered":"<p><img fetchpriority=\"high\" decoding=\"async\" aria-describedby=\"caption-attachment-496556\" class=\" wp-image-496556\" src=\"https:\/\/www.europesays.com\/es\/wp-content\/uploads\/2025\/12\/Cervera-dirigiendo-una-sesion-CD-Tenerife-scaled-e1764338281798-730x547.jpg\" alt=\"Cervera dirigiendo una sesi\u00f3n (CD Tenerife)\" width=\"358\" height=\"268\"  \/><\/p>\n<p id=\"caption-attachment-496556\" class=\"wp-caption-text\">Cervera dirigiendo una sesi\u00f3n (CD Tenerife)<\/p>\n<p>Aleix Valero (Santa Cruz de Tenerife) | Cervera ten\u00eda, tiene y tendr\u00e1 raz\u00f3n. No fue ni mucho menos un paseo, pero tampoco yo sufr\u00ed demasiado por la victoria del CD Tenerife este s\u00e1bado en Avil\u00e9s. Cierto es que tuvieron un mano a mano para empatar, pero tambi\u00e9n que, en c\u00f3mputos generales, los blanquiazules redondearon uno de los partidos m\u00e1s serios, completos y con ocasiones de gol incluso para sentenciar, de la temporada.<\/p>\n<p>El 0-1 parece corto y que se sufri\u00f3, pero solo se concedi\u00f3 esa oportunidad a los locales, en un campo en muy mal estado y en el que no ganaran muchos rivales. Y ten\u00eda, tiene, y tendr\u00e1 siempre raz\u00f3n Cervera en sus an\u00e1lis pre y post partidos. La semana pasada volaron dos puntos en Lugo tras una hora tambi\u00e9n muy buena. Y avis\u00f3 Cervera antes de esta salida de hoy, que debi\u00f3 haber metido m\u00e1s atr\u00e1s al equipo entonces, guardar la ropa.<\/p>\n<p>Hoy lo hizo. No meti\u00f3 al equipo descaradamente a cerrar en defensa, pero los \u20185 de atr\u00e1s\u2019 estuvieron soberbios, casi de matr\u00edcula de honor. Desde el portero Dani Mart\u00edn con esa mano, como C\u00e9sar, Land\u00e1zuri, Le\u00f3n y David \u00a1Vaya partido de todos ellos! Acompa\u00f1ados por un Juanjo S\u00e1nchez que ha estado incluso mejor, sali\u00e9ndose de la m\u00e1xima nota.<\/p>\n<p>Al contrario que en Lugo, el equipo, con 0-1, prioriz\u00f3 no complicarse la vida, solo salir cuando era posible y fajarse en tareas defensivas y neutralizar a un rival que no encontr\u00f3 ning\u00fana v\u00eda para hacer da\u00f1o al Tenerife. El de hoy, a pesar del estado del terreno de juego, a pesar de no estar Aitor Sanz, a pesar de no haber hilvanado con continuidad un juego de posesi\u00f3n y ataque como en Lugo y otros encuentros, estuvo pr\u00e1citcamente perfecto. Este triunfo s\u00ed que es un golpe de realidad, un aviso a los rivales de que, con esta personalidad y car\u00e1cter, seguro que el Tenerife llega a las 20 victorias que nos devolver\u00e1n al f\u00fatbol profesional.<\/p>\n<p>\u00a0<\/p>\n<p><a href=\"https:\/\/hospiten.com\/\" rel=\"nofollow noopener\" target=\"_blank\"><img loading=\"lazy\" decoding=\"async\" class=\"aligncenter size-medium wp-image-471288\" src=\"https:\/\/www.europesays.com\/es\/wp-content\/uploads\/2025\/12\/LOGOTIPO-NUEVO-HOSPITEN-1-260x146.jpg\" alt=\"\" width=\"260\" height=\"146\"  \/><\/a><\/p>\n","protected":false},"excerpt":{"rendered":"Cervera dirigiendo una sesi\u00f3n (CD Tenerife) Aleix Valero (Santa Cruz de Tenerife) | Cervera ten\u00eda, tiene y tendr\u00e1&hellip;\n","protected":false},"author":2,"featured_media":286846,"comment_status":"","ping_status":"","sticky":false,"template":"","format":"standard","meta":{"footnotes":""},"categories":[268],"tags":[168,25,24,280,282,281,23,167],"class_list":{"0":"post-286845","1":"post","2":"type-post","3":"status-publish","4":"format-standard","5":"has-post-thumbnail","7":"category-futbol","8":"tag-deportes","9":"tag-es","10":"tag-espana","11":"tag-football","12":"tag-futbol","13":"tag-soccer","14":"tag-spain","15":"tag-sports"},"share_on_mastodon":{"url":"https:\/\/pubeurope.com\/@es\/115714637670660077","error":""},"_links":{"self":[{"href":"https:\/\/www.europesays.com\/es\/wp-json\/wp\/v2\/posts\/286845","targetHints":{"allow":["GET"]}}],"collection":[{"href":"https:\/\/www.europesays.com\/es\/wp-json\/wp\/v2\/posts"}],"about":[{"href":"https:\/\/www.europesays.com\/es\/wp-json\/wp\/v2\/types\/post"}],"author":[{"embeddable":true,"href":"https:\/\/www.europesays.com\/es\/wp-json\/wp\/v2\/users\/2"}],"replies":[{"embeddable":true,"href":"https:\/\/www.europesays.com\/es\/wp-json\/wp\/v2\/comments?post=286845"}],"version-history":[{"count":0,"href":"https:\/\/www.europesays.com\/es\/wp-json\/wp\/v2\/posts\/286845\/revisions"}],"wp:featuredmedia":[{"embeddable":true,"href":"https:\/\/www.europesays.com\/es\/wp-json\/wp\/v2\/media\/286846"}],"wp:attachment":[{"href":"https:\/\/www.europesays.com\/es\/wp-json\/wp\/v2\/media?parent=286845"}],"wp:term":[{"taxonomy":"category","embeddable":true,"href":"https:\/\/www.europesays.com\/es\/wp-json\/wp\/v2\/categories?post=286845"},{"taxonomy":"post_tag","embeddable":true,"href":"https:\/\/www.europesays.com\/es\/wp-json\/wp\/v2\/tags?post=286845"}],"curies":[{"name":"wp","href":"https:\/\/api.w.org\/{rel}","templated":true}]}}